{"id":77684,"date":"2022-06-09T14:37:55","date_gmt":"2022-06-09T12:37:55","guid":{"rendered":"http:\/\/sp1slupsk.pl\/?p=77684"},"modified":"2022-06-12T16:59:47","modified_gmt":"2022-06-12T14:59:47","slug":"wyniki-iii-wojewodzkiego-konkursu-fotograficznego-a-to-polska-wlasnie","status":"publish","type":"post","link":"https:\/\/sp1slupsk.pl\/?p=77684","title":{"rendered":"Wyniki III Wojew\u00f3dzkiego Konkursu Fotograficznego &#8222;A to Polska w\u0142a\u015bnie&#8221;"},"content":{"rendered":"\n<p>Protok\u00f3\u0142 rozstrzygni\u0119cia <span class=\"has-inline-color has-vivid-green-cyan-color\"><strong>III Wojew\u00f3dzkiego Konkursu Fotograficznego \u201eA to Polska w\u0142a\u015bnie &#8211; M\u00f3j dom, moje miejsce na ziemi\u201d <\/strong><\/span>zorganizowanego przez Szko\u0142\u0119 Podstawow\u0105 nr 1 im Henryka Sienkiewicza w S\u0142upsku.<\/p>\n\n\n\n<p>W konkursie wzi\u0119li udzia\u0142 uczniowie klas 1-8 szk\u00f3\u0142 podstawowych                               z wojew\u00f3dztwa pomorskiego.<\/p>\n\n\n\n<p>Celem konkursu by\u0142o:<\/p>\n\n\n\n<p>1. uwra\u017cliwienie dzieci i m\u0142odzie\u017cy na pi\u0119kno krajobrazu<br>2. wychowanie do warto\u015bci i kszta\u0142towanie patriotycznych postaw,<br>3. kszta\u0142towanie poczucia \u015bwiadomo\u015bci narodowej i szacunku wobec w\u0142asnego kraju.<br>4. rozwijanie wra\u017cliwo\u015bci na pi\u0119kno<\/p>\n\n\n\n<p>Uczestnik konkursu mia\u0142 dostarczy\u0107 organizatorowi 1 prac\u0119 fotograficzn\u0105    o tematyce konkursowej wywo\u0142ane w rozmiarze 15 x 21 cm (dowolna kolorystyka).<\/p>\n\n\n\n<p>Na konkurs wp\u0142yn\u0119\u0142o 66 zdj\u0119\u0107, z czego 4 zdj\u0119cia nie spe\u0142ni\u0142y wymaga\u0144 regulaminu.<\/p>\n\n\n\n<p>W dniu 09 czerwca 2022r. jury w sk\u0142adzie:<\/p>\n\n\n\n<p>&#8211; Wioleta Subocz \u2013 wice dyrektor Szko\u0142y Podstawowej nr 1 w S\u0142upsku, nauczyciel historii<br>&#8211; Ewa Pyzio \u2013 koordynator konkursu, nauczyciel j\u0119zyka angielskiego<br>&#8211; Iwona Powide\u0142 &#8211; koordynator konkursu, nauczyciel informatyki i techniki<br>&#8211; Kamila J. Gruss \u2013 fotograf, portrecistka, zwyci\u0119\u017cczyni Poland National Award w konkursie SWPA 2021 w konkursie fotograficznym Sony World Photography Awards 2021<\/p>\n\n\n\n<p>Uczniowie Zespo\u0142u Szk\u00f3\u0142 Technicznych w S\u0142upsku, kierunek: fotografia                  i multimedia<br>&#8211; Maksymilian Pyzio<br>&#8211; Julia Potrykus<\/p>\n\n\n\n<p>dokona\u0142o oceny prac konkursowych i przyzna\u0142o nast\u0119puj\u0105ce nagrody i wyr\u00f3\u017cnienia:<\/p>\n\n\n\n<p><strong>I miejsce \u2013 Zuzanna Krywald SP w Wi\u015blince<\/strong><\/p>\n\n\n\n<p><strong>II miejsce \u2013 Filip Boldt SP w Morzeszczynie<\/strong><\/p>\n\n\n\n<p><strong>III miejsce \u2013 Mateusz Trubacz SP nr 3 w S\u0142upsku<\/strong><\/p>\n\n\n\n<p><span class=\"has-inline-color has-vivid-red-color\"><strong>Wyr\u00f3\u017cnienia:<\/strong><\/span><\/p>\n\n\n\n<p><span class=\"has-inline-color has-vivid-cyan-blue-color\">&#8211; Hanna Szymanek \u2013 SP nr 20 w Gdyni<\/span><\/p>\n\n\n\n<p><span class=\"has-inline-color has-vivid-cyan-blue-color\">&#8211; Martyna Pouch \u2013 SP nr 3 w Redzie<\/span><\/p>\n\n\n\n<p><span class=\"has-inline-color has-vivid-cyan-blue-color\">&#8211; Rozalia Rocho\u0144 &#8211; SP w Wi\u015blince<\/span><\/p>\n\n\n\n<p><span class=\"has-inline-color has-vivid-cyan-blue-color\">&#8211; Kuba Dobkowski SP nr 6 w Wejherowie<\/span><\/p>\n\n\n\n<p><span class=\"has-inline-color has-vivid-cyan-blue-color\">&#8211; Martyna Klimaszko SP nr 3 w S\u0142upsku<\/span><\/p>\n\n\n\n<p>Sponsorem nagr\u00f3d ksi\u0105\u017ckowych jest firma <strong>LUCID Jewelry<\/strong>.<\/p>\n\n\n\n\t\t\t\t\t\t<div class=\"gallery_box_single\">\n\t\t\t\t\t\t\t\t\t\t\t\t\t\t\t<div class=\"gallery clearfix\">\n\t\t\t\t\t\t\t\t\t\t\t\t\t\t\t\t\t\t\t\t<div class=\"gllr_image_row\">\n\t\t\t\t\t\t\t\t\t\t\t\t\t\t\t\t\t\t\t\t\t<div class=\"gllr_image_block\">\n\t\t\t\t\t\t\t\t\t\t\t\t<p style=\"width:180px;height:140px;\">\n\t\t\t\t\t\t\t\t\t\t\t\t\t\t\t\t\t\t\t\t\t\t\t\t\t\t\t<a rel=\"gallery_fancybox_77714\" href=\"https:\/\/sp1slupsk.pl\/wp-content\/uploads\/2022\/06\/286628398_732193221259397_7915667030294524895_n.jpg\" title=\"III miejsce \u2013 Mateusz Trubacz SP nr 3 w S\u0142upsku\">\n\t\t\t\t\t\t\t\t\t\t\t\t\t\t\t<img style=\"width:160px;height:120px; border-width: 10px; border-color:#F1F1F1;border: 10px solid #F1F1F1\" alt=\"\" title=\"III miejsce \u2013 Mateusz Trubacz SP nr 3 w S\u0142upsku\" src=\"https:\/\/sp1slupsk.pl\/wp-content\/uploads\/2022\/06\/286628398_732193221259397_7915667030294524895_n-160x120.jpg\" rel=\"https:\/\/sp1slupsk.pl\/wp-content\/uploads\/2022\/06\/286628398_732193221259397_7915667030294524895_n.jpg\" \/>\n\t\t\t\t\t\t\t\t\t\t\t\t\t\t<\/a>\n\t\t\t\t\t\t\t\t\t\t\t\t\t\t\t\t\t\t\t\t\t\t\t\t\t<\/p>\n\t\t\t\t\t\t\t\t\t\t\t\t\t\t\t\t\t\t\t\t\t\t\t<\/div><!-- .gllr_image_block -->\n\t\t\t\t\t\t\t\t\t\t\t\t\t\t\t\t\t\t\t\t\t<div class=\"gllr_image_block\">\n\t\t\t\t\t\t\t\t\t\t\t\t<p style=\"width:180px;height:140px;\">\n\t\t\t\t\t\t\t\t\t\t\t\t\t\t\t\t\t\t\t\t\t\t\t\t\t\t\t<a rel=\"gallery_fancybox_77714\" href=\"https:\/\/sp1slupsk.pl\/wp-content\/uploads\/2022\/06\/286873674_528316132322575_6234799728925297248_n.jpg\" title=\"Wyr\u00f3\u017cnienie Hanna Szymanek \u2013 SP nr 20 w Gdyni\">\n\t\t\t\t\t\t\t\t\t\t\t\t\t\t\t<img style=\"width:160px;height:120px; border-width: 10px; border-color:#F1F1F1;border: 10px solid #F1F1F1\" alt=\"\" title=\"Wyr\u00f3\u017cnienie Hanna Szymanek \u2013 SP nr 20 w Gdyni\" src=\"https:\/\/sp1slupsk.pl\/wp-content\/uploads\/2022\/06\/286873674_528316132322575_6234799728925297248_n-160x120.jpg\" rel=\"https:\/\/sp1slupsk.pl\/wp-content\/uploads\/2022\/06\/286873674_528316132322575_6234799728925297248_n.jpg\" \/>\n\t\t\t\t\t\t\t\t\t\t\t\t\t\t<\/a>\n\t\t\t\t\t\t\t\t\t\t\t\t\t\t\t\t\t\t\t\t\t\t\t\t\t<\/p>\n\t\t\t\t\t\t\t\t\t\t\t\t\t\t\t\t\t\t\t\t\t\t\t<\/div><!-- .gllr_image_block -->\n\t\t\t\t\t\t\t\t\t\t\t\t\t\t\t\t\t\t\t\t\t<div class=\"gllr_image_block\">\n\t\t\t\t\t\t\t\t\t\t\t\t<p style=\"width:180px;height:140px;\">\n\t\t\t\t\t\t\t\t\t\t\t\t\t\t\t\t\t\t\t\t\t\t\t\t\t\t\t<a rel=\"gallery_fancybox_77714\" href=\"https:\/\/sp1slupsk.pl\/wp-content\/uploads\/2022\/06\/286595585_570534454431380_434983154244175588_n.jpg\" title=\"II miejsce \u2013 Filip Boldt SP w Morzeszczynie\">\n\t\t\t\t\t\t\t\t\t\t\t\t\t\t\t<img style=\"width:160px;height:120px; border-width: 10px; border-color:#F1F1F1;border: 10px solid #F1F1F1\" alt=\"\" title=\"II miejsce \u2013 Filip Boldt SP w Morzeszczynie\" src=\"https:\/\/sp1slupsk.pl\/wp-content\/uploads\/2022\/06\/286595585_570534454431380_434983154244175588_n-160x120.jpg\" rel=\"https:\/\/sp1slupsk.pl\/wp-content\/uploads\/2022\/06\/286595585_570534454431380_434983154244175588_n.jpg\" \/>\n\t\t\t\t\t\t\t\t\t\t\t\t\t\t<\/a>\n\t\t\t\t\t\t\t\t\t\t\t\t\t\t\t\t\t\t\t\t\t\t\t\t\t<\/p>\n\t\t\t\t\t\t\t\t\t\t\t\t\t\t\t\t\t\t\t\t\t\t\t<\/div><!-- .gllr_image_block -->\n\t\t\t\t\t\t\t\t\t\t\t\t\t\t\t\t\t\t\t\t\t<\/div><!-- .gllr_image_row -->\n\t\t\t\t\t\t\t\t\t\t\t\t\t\t\t\t\t\t\t\t\t<div class=\"gllr_image_row\">\n\t\t\t\t\t\t\t\t\t\t\t\t\t\t\t\t\t\t\t\t\t<div class=\"gllr_image_block\">\n\t\t\t\t\t\t\t\t\t\t\t\t<p style=\"width:180px;height:140px;\">\n\t\t\t\t\t\t\t\t\t\t\t\t\t\t\t\t\t\t\t\t\t\t\t\t\t\t\t<a rel=\"gallery_fancybox_77714\" href=\"https:\/\/sp1slupsk.pl\/wp-content\/uploads\/2022\/06\/286945539_389086439827909_2988642129935548475_n.jpg\" title=\"Wyr\u00f3\u017cnienie Martyna Klimaszko SP nr 3 w S\u0142upsku\">\n\t\t\t\t\t\t\t\t\t\t\t\t\t\t\t<img style=\"width:160px;height:120px; border-width: 10px; border-color:#F1F1F1;border: 10px solid #F1F1F1\" alt=\"\" title=\"Wyr\u00f3\u017cnienie Martyna Klimaszko SP nr 3 w S\u0142upsku\" src=\"https:\/\/sp1slupsk.pl\/wp-content\/uploads\/2022\/06\/286945539_389086439827909_2988642129935548475_n-160x120.jpg\" rel=\"https:\/\/sp1slupsk.pl\/wp-content\/uploads\/2022\/06\/286945539_389086439827909_2988642129935548475_n.jpg\" \/>\n\t\t\t\t\t\t\t\t\t\t\t\t\t\t<\/a>\n\t\t\t\t\t\t\t\t\t\t\t\t\t\t\t\t\t\t\t\t\t\t\t\t\t<\/p>\n\t\t\t\t\t\t\t\t\t\t\t\t\t\t\t\t\t\t\t\t\t\t\t<\/div><!-- .gllr_image_block -->\n\t\t\t\t\t\t\t\t\t\t\t\t\t\t\t\t\t\t\t\t\t<div class=\"gllr_image_block\">\n\t\t\t\t\t\t\t\t\t\t\t\t<p style=\"width:180px;height:140px;\">\n\t\t\t\t\t\t\t\t\t\t\t\t\t\t\t\t\t\t\t\t\t\t\t\t\t\t\t<a rel=\"gallery_fancybox_77714\" href=\"https:\/\/sp1slupsk.pl\/wp-content\/uploads\/2022\/06\/287069907_739431180440049_9152671449271914568_n-765x1024.jpg\" title=\"Wystawa nagrodzonych prac\">\n\t\t\t\t\t\t\t\t\t\t\t\t\t\t\t<img style=\"width:160px;height:120px; border-width: 10px; border-color:#F1F1F1;border: 10px solid #F1F1F1\" alt=\"\" title=\"Wystawa nagrodzonych prac\" src=\"https:\/\/sp1slupsk.pl\/wp-content\/uploads\/2022\/06\/287069907_739431180440049_9152671449271914568_n-160x120.jpg\" rel=\"https:\/\/sp1slupsk.pl\/wp-content\/uploads\/2022\/06\/287069907_739431180440049_9152671449271914568_n.jpg\" \/>\n\t\t\t\t\t\t\t\t\t\t\t\t\t\t<\/a>\n\t\t\t\t\t\t\t\t\t\t\t\t\t\t\t\t\t\t\t\t\t\t\t\t\t<\/p>\n\t\t\t\t\t\t\t\t\t\t\t\t\t\t\t\t\t\t\t\t\t\t\t<\/div><!-- .gllr_image_block -->\n\t\t\t\t\t\t\t\t\t\t\t\t\t\t\t\t\t\t\t\t\t<div class=\"gllr_image_block\">\n\t\t\t\t\t\t\t\t\t\t\t\t<p style=\"width:180px;height:140px;\">\n\t\t\t\t\t\t\t\t\t\t\t\t\t\t\t\t\t\t\t\t\t\t\t\t\t\t\t<a rel=\"gallery_fancybox_77714\" href=\"https:\/\/sp1slupsk.pl\/wp-content\/uploads\/2022\/06\/287085360_723211972341216_2050521118957542080_n.jpg\" title=\"Wyr\u00f3\u017cnienie Rozalia Rocho\u0144 \u2013 SP w Wi\u015blince\">\n\t\t\t\t\t\t\t\t\t\t\t\t\t\t\t<img style=\"width:160px;height:120px; border-width: 10px; border-color:#F1F1F1;border: 10px solid #F1F1F1\" alt=\"\" title=\"Wyr\u00f3\u017cnienie Rozalia Rocho\u0144 \u2013 SP w Wi\u015blince\" src=\"https:\/\/sp1slupsk.pl\/wp-content\/uploads\/2022\/06\/287085360_723211972341216_2050521118957542080_n-160x120.jpg\" rel=\"https:\/\/sp1slupsk.pl\/wp-content\/uploads\/2022\/06\/287085360_723211972341216_2050521118957542080_n.jpg\" \/>\n\t\t\t\t\t\t\t\t\t\t\t\t\t\t<\/a>\n\t\t\t\t\t\t\t\t\t\t\t\t\t\t\t\t\t\t\t\t\t\t\t\t\t<\/p>\n\t\t\t\t\t\t\t\t\t\t\t\t\t\t\t\t\t\t\t\t\t\t\t<\/div><!-- .gllr_image_block -->\n\t\t\t\t\t\t\t\t\t\t\t\t\t\t\t\t\t\t\t\t\t<\/div><!-- .gllr_image_row -->\n\t\t\t\t\t\t\t\t\t\t\t\t\t\t\t\t\t\t\t\t\t<div class=\"gllr_image_row\">\n\t\t\t\t\t\t\t\t\t\t\t\t\t\t\t\t\t\t\t\t\t<div class=\"gllr_image_block\">\n\t\t\t\t\t\t\t\t\t\t\t\t<p style=\"width:180px;height:140px;\">\n\t\t\t\t\t\t\t\t\t\t\t\t\t\t\t\t\t\t\t\t\t\t\t\t\t\t\t<a rel=\"gallery_fancybox_77714\" href=\"https:\/\/sp1slupsk.pl\/wp-content\/uploads\/2022\/06\/286294206_5614875945203208_1994925274223705956_n.jpg\" title=\"I miejsce \u2013 Zuzanna Krywald SP w Wi\u015blince\">\n\t\t\t\t\t\t\t\t\t\t\t\t\t\t\t<img style=\"width:160px;height:120px; border-width: 10px; border-color:#F1F1F1;border: 10px solid #F1F1F1\" alt=\"\" title=\"I miejsce \u2013 Zuzanna Krywald SP w Wi\u015blince\" src=\"https:\/\/sp1slupsk.pl\/wp-content\/uploads\/2022\/06\/286294206_5614875945203208_1994925274223705956_n-160x120.jpg\" rel=\"https:\/\/sp1slupsk.pl\/wp-content\/uploads\/2022\/06\/286294206_5614875945203208_1994925274223705956_n.jpg\" \/>\n\t\t\t\t\t\t\t\t\t\t\t\t\t\t<\/a>\n\t\t\t\t\t\t\t\t\t\t\t\t\t\t\t\t\t\t\t\t\t\t\t\t\t<\/p>\n\t\t\t\t\t\t\t\t\t\t\t\t\t\t\t\t\t\t\t\t\t\t\t<\/div><!-- .gllr_image_block -->\n\t\t\t\t\t\t\t\t\t\t\t\t\t\t\t\t\t\t\t\t\t<div class=\"gllr_image_block\">\n\t\t\t\t\t\t\t\t\t\t\t\t<p style=\"width:180px;height:140px;\">\n\t\t\t\t\t\t\t\t\t\t\t\t\t\t\t\t\t\t\t\t\t\t\t\t\t\t\t<a rel=\"gallery_fancybox_77714\" href=\"https:\/\/sp1slupsk.pl\/wp-content\/uploads\/2022\/06\/286073174_442092123914118_2222758391727148273_n.jpg\" title=\"Wyr\u00f3\u017cnienie Kuba Dobkowski SP nr 6 w Wejherowie\">\n\t\t\t\t\t\t\t\t\t\t\t\t\t\t\t<img style=\"width:160px;height:120px; border-width: 10px; border-color:#F1F1F1;border: 10px solid #F1F1F1\" alt=\"\" title=\"Wyr\u00f3\u017cnienie Kuba Dobkowski SP nr 6 w Wejherowie\" src=\"https:\/\/sp1slupsk.pl\/wp-content\/uploads\/2022\/06\/286073174_442092123914118_2222758391727148273_n-160x120.jpg\" rel=\"https:\/\/sp1slupsk.pl\/wp-content\/uploads\/2022\/06\/286073174_442092123914118_2222758391727148273_n.jpg\" \/>\n\t\t\t\t\t\t\t\t\t\t\t\t\t\t<\/a>\n\t\t\t\t\t\t\t\t\t\t\t\t\t\t\t\t\t\t\t\t\t\t\t\t\t<\/p>\n\t\t\t\t\t\t\t\t\t\t\t\t\t\t\t\t\t\t\t\t\t\t\t<\/div><!-- .gllr_image_block -->\n\t\t\t\t\t\t\t\t\t\t\t\t\t\t\t\t\t\t\t\t\t<div class=\"gllr_image_block\">\n\t\t\t\t\t\t\t\t\t\t\t\t<p style=\"width:180px;height:140px;\">\n\t\t\t\t\t\t\t\t\t\t\t\t\t\t\t\t\t\t\t\t\t\t\t\t\t\t\t<a rel=\"gallery_fancybox_77714\" href=\"https:\/\/sp1slupsk.pl\/wp-content\/uploads\/2022\/06\/285473488_431142158541941_494286964794861708_n.jpg\" title=\"Wyr\u00f3\u017cnienie Martyna Pouch \u2013 SP nr 3 w Redzie\">\n\t\t\t\t\t\t\t\t\t\t\t\t\t\t\t<img style=\"width:160px;height:120px; border-width: 10px; border-color:#F1F1F1;border: 10px solid #F1F1F1\" alt=\"\" title=\"Wyr\u00f3\u017cnienie Martyna Pouch \u2013 SP nr 3 w Redzie\" src=\"https:\/\/sp1slupsk.pl\/wp-content\/uploads\/2022\/06\/285473488_431142158541941_494286964794861708_n-160x120.jpg\" rel=\"https:\/\/sp1slupsk.pl\/wp-content\/uploads\/2022\/06\/285473488_431142158541941_494286964794861708_n.jpg\" \/>\n\t\t\t\t\t\t\t\t\t\t\t\t\t\t<\/a>\n\t\t\t\t\t\t\t\t\t\t\t\t\t\t\t\t\t\t\t\t\t\t\t\t\t<\/p>\n\t\t\t\t\t\t\t\t\t\t\t\t\t\t\t\t\t\t\t\t\t\t\t<\/div><!-- .gllr_image_block -->\n\t\t\t\t\t\t\t\t\t\t\t\t\t\t\t\t\t\t\t\t\t<\/div><!-- .gllr_image_row -->\n\t\t\t\t\t\t\t\t\t\t\t\t\t\t\t\t\t\t<\/div><!-- .gallery.clearfix -->\n\t\t\t\t\t\t\t\t\t\t\t\t\t<\/div><!-- .gallery_box_single -->\n\t\t\t\t\t\t<div class=\"gllr_clear\"><\/div>\n\t\t\t\t\t\t\t\t\t<script type=\"text\/javascript\">\n\t\t\t\t\t(function($) {\n\t\t\t\t\t\t$(document).ready( function() {\n\t\t\t\t\t\t\t$( \"a[rel=gallery_fancybox_77714]\" ).fancybox( {\n\t\t\t\t\t\t\t\t'transitionIn'\t\t:\t'elastic',\n\t\t\t\t\t\t\t\t'transitionOut'\t\t:\t'elastic',\n\t\t\t\t\t\t\t\t'titlePosition' \t:\t'inside',\n\t\t\t\t\t\t\t\t'speedIn'\t\t\t:\t500, \n\t\t\t\t\t\t\t\t'speedOut'\t\t\t:\t300,\n\t\t\t\t\t\t\t\t'titleFormat'\t\t:\tfunction( title, currentArray, currentIndex, currentOpts ) {\n\t\t\t\t\t\t\t\t\treturn '<div id=\"fancybox-title-inside\">' + ( title.length ? '<span id=\"bws_gallery_image_title\">' + title + '<\/span><br \/>' : '' ) + '<span id=\"bws_gallery_image_counter\">Image ' + ( currentIndex + 1 ) + ' \/ ' + currentArray.length + '<\/span><\/div>';\n\t\t\t\t\t\t\t\t}\t\t\t\t\t\t\t});\n\t\t\t\t\t\t});\n\t\t\t\t\t})(jQuery);\n\t\t\t\t<\/script>\n\t\t\t\n","protected":false},"excerpt":{"rendered":"<p>Protok\u00f3\u0142 rozstrzygni\u0119cia III Wojew\u00f3dzkiego Konkursu Fotograficznego \u201eA to Polska w\u0142a\u015bnie &#8211; M\u00f3j dom, moje miejsce na ziemi\u201d zorganizowanego przez Szko\u0142\u0119 Podstawow\u0105 nr 1 im Henryka Sienkiewicza w S\u0142upsku. W konkursie wzi\u0119li udzia\u0142 uczniowie klas 1-8 szk\u00f3\u0142 podstawowych z wojew\u00f3dztwa pomorskiego. Celem konkursu by\u0142o: 1. uwra\u017cliwienie dzieci i m\u0142odzie\u017cy na pi\u0119kno krajobrazu2. wychowanie do warto\u015bci i <a href=\"https:\/\/sp1slupsk.pl\/?gallery=a-to-polska-wlasnie-2022\"><b>&#8230;wi\u0119cej<\/b><\/a><\/p>\n","protected":false},"author":1,"featured_media":77722,"comment_status":"closed","ping_status":"closed","sticky":false,"template":"","format":"standard","meta":[],"categories":[22,28],"tags":[],"_links":{"self":[{"href":"https:\/\/sp1slupsk.pl\/index.php?rest_route=\/wp\/v2\/posts\/77684"}],"collection":[{"href":"https:\/\/sp1slupsk.pl\/index.php?rest_route=\/wp\/v2\/posts"}],"about":[{"href":"https:\/\/sp1slupsk.pl\/index.php?rest_route=\/wp\/v2\/types\/post"}],"author":[{"embeddable":true,"href":"https:\/\/sp1slupsk.pl\/index.php?rest_route=\/wp\/v2\/users\/1"}],"replies":[{"embeddable":true,"href":"https:\/\/sp1slupsk.pl\/index.php?rest_route=%2Fwp%2Fv2%2Fcomments&post=77684"}],"version-history":[{"count":3,"href":"https:\/\/sp1slupsk.pl\/index.php?rest_route=\/wp\/v2\/posts\/77684\/revisions"}],"predecessor-version":[{"id":77724,"href":"https:\/\/sp1slupsk.pl\/index.php?rest_route=\/wp\/v2\/posts\/77684\/revisions\/77724"}],"wp:featuredmedia":[{"embeddable":true,"href":"https:\/\/sp1slupsk.pl\/index.php?rest_route=\/wp\/v2\/media\/77722"}],"wp:attachment":[{"href":"https:\/\/sp1slupsk.pl\/index.php?rest_route=%2Fwp%2Fv2%2Fmedia&parent=77684"}],"wp:term":[{"taxonomy":"category","embeddable":true,"href":"https:\/\/sp1slupsk.pl\/index.php?rest_route=%2Fwp%2Fv2%2Fcategories&post=77684"},{"taxonomy":"post_tag","embeddable":true,"href":"https:\/\/sp1slupsk.pl\/index.php?rest_route=%2Fwp%2Fv2%2Ftags&post=77684"}],"curies":[{"name":"wp","href":"https:\/\/api.w.org\/{rel}","templated":true}]}}