{"id":83445,"date":"2023-09-29T19:55:00","date_gmt":"2023-09-29T17:55:00","guid":{"rendered":"http:\/\/sp1slupsk.pl\/?p=83445"},"modified":"2023-10-03T19:59:45","modified_gmt":"2023-10-03T17:59:45","slug":"83445","status":"publish","type":"post","link":"https:\/\/sp1slupsk.pl\/?p=83445","title":{"rendered":"Wybory do Samorz\u0105du Uczniowskiego"},"content":{"rendered":"\n<div class=\"wp-block-image is-style-default\"><figure class=\"aligncenter size-large is-resized\"><img loading=\"lazy\" src=\"http:\/\/sp1slupsk.pl\/wp-content\/uploads\/2023\/09\/385749533_795143685746376_2131612731390453246_n.jpg\" alt=\"\" class=\"wp-image-83451\" width=\"222\" height=\"186\" srcset=\"https:\/\/sp1slupsk.pl\/wp-content\/uploads\/2023\/09\/385749533_795143685746376_2131612731390453246_n.jpg 748w, https:\/\/sp1slupsk.pl\/wp-content\/uploads\/2023\/09\/385749533_795143685746376_2131612731390453246_n-300x252.jpg 300w\" sizes=\"(max-width: 222px) 100vw, 222px\" \/><\/figure><\/div>\n\n\n\n<p>W pi\u0105tek 29.09 odby\u0142y si\u0119 w naszej szkole wybory do Samorz\u0105du Uczniowskiego. Wszyscy uczniowie (z klas 4 &#8211; 8 mieli szans\u0119 wybra\u0107 swoich kandydat\u00f3w zaznaczaj\u0105c na karcie do g\u0142osowania 3 osoby &#8211; przyznaj\u0105c im odpowiednio 1, 2 lub 3 pkt. Ponad 230 os\u00f3b mia\u0142o do wyboru 19 kandydat\u00f3w. Tylko 3 karty by\u0142y uznane jako niewa\u017cne.<\/p>\n\n\n\n<p>Oto oficjalne wyniki wybor\u00f3w:<br>1. ZUZANNA \u017b. kl. 7a &#8211; 177 pkt<br>2. DORIAN P. kl. 6b &#8211; 147 pkt<br>3. LENA G. kl. 6a &#8211; 138 pkt<br>4. URSZULA D. kl. 7a &#8211; 117pkt<br>5. PIOTR \u017b. kl. 5a &#8211; 109pkt<br>6. MARGO D. kl. 5b &#8211; 106pkt<br>7. VLADYSLAV B. kl. 8a &#8211; 103 pkt<br>8. NADIA B. kl. 6a &#8211; 95pkt<\/p>\n\n\n\n<p>Gratulujemy wszystkim startuj\u0105cym ch\u0119ci do podj\u0119cia spo\u0142ecznej pracy dla spo\u0142eczno\u015bci szkolnej. Zwyci\u0119zcom \u017cyczymy pe\u0142nej g\u0142owy pomys\u0142\u00f3w &#8211; si\u0142y i determinacji do ich realizowania.<\/p>\n\n\n\n<p class=\"has-text-align-right\">Opiekunowie samorz\u0105du Ewa, Adam, Piotr<\/p>\n\n\n\n<p><\/p>\n","protected":false},"excerpt":{"rendered":"<p>W pi\u0105tek 29.09 odby\u0142y si\u0119 w naszej szkole wybory do Samorz\u0105du Uczniowskiego. Wszyscy uczniowie (z klas 4 &#8211; 8 mieli szans\u0119 wybra\u0107 swoich kandydat\u00f3w zaznaczaj\u0105c na karcie do g\u0142osowania 3 osoby &#8211; przyznaj\u0105c im odpowiednio 1, 2 lub 3 pkt. Ponad 230 os\u00f3b mia\u0142o do wyboru 19 kandydat\u00f3w. Tylko 3 karty by\u0142y uznane jako niewa\u017cne. <a href=\"https:\/\/sp1slupsk.pl\/?p=83445\"><b>&#8230;wi\u0119cej<\/b><\/a><\/p>\n","protected":false},"author":1,"featured_media":83451,"comment_status":"closed","ping_status":"closed","sticky":false,"template":"","format":"standard","meta":[],"categories":[22,23],"tags":[],"_links":{"self":[{"href":"https:\/\/sp1slupsk.pl\/index.php?rest_route=\/wp\/v2\/posts\/83445"}],"collection":[{"href":"https:\/\/sp1slupsk.pl\/index.php?rest_route=\/wp\/v2\/posts"}],"about":[{"href":"https:\/\/sp1slupsk.pl\/index.php?rest_route=\/wp\/v2\/types\/post"}],"author":[{"embeddable":true,"href":"https:\/\/sp1slupsk.pl\/index.php?rest_route=\/wp\/v2\/users\/1"}],"replies":[{"embeddable":true,"href":"https:\/\/sp1slupsk.pl\/index.php?rest_route=%2Fwp%2Fv2%2Fcomments&post=83445"}],"version-history":[{"count":6,"href":"https:\/\/sp1slupsk.pl\/index.php?rest_route=\/wp\/v2\/posts\/83445\/revisions"}],"predecessor-version":[{"id":83454,"href":"https:\/\/sp1slupsk.pl\/index.php?rest_route=\/wp\/v2\/posts\/83445\/revisions\/83454"}],"wp:featuredmedia":[{"embeddable":true,"href":"https:\/\/sp1slupsk.pl\/index.php?rest_route=\/wp\/v2\/media\/83451"}],"wp:attachment":[{"href":"https:\/\/sp1slupsk.pl\/index.php?rest_route=%2Fwp%2Fv2%2Fmedia&parent=83445"}],"wp:term":[{"taxonomy":"category","embeddable":true,"href":"https:\/\/sp1slupsk.pl\/index.php?rest_route=%2Fwp%2Fv2%2Fcategories&post=83445"},{"taxonomy":"post_tag","embeddable":true,"href":"https:\/\/sp1slupsk.pl\/index.php?rest_route=%2Fwp%2Fv2%2Ftags&post=83445"}],"curies":[{"name":"wp","href":"https:\/\/api.w.org\/{rel}","templated":true}]}}