{"id":83509,"date":"2023-09-26T20:34:00","date_gmt":"2023-09-26T18:34:00","guid":{"rendered":"http:\/\/sp1slupsk.pl\/?p=83509"},"modified":"2023-10-03T20:40:34","modified_gmt":"2023-10-03T18:40:34","slug":"europejski-dzien-jezykow-obcych-2","status":"publish","type":"post","link":"https:\/\/sp1slupsk.pl\/?p=83509","title":{"rendered":"Europejski Dzie\u0144 J\u0119zyk\u00f3w Obcych"},"content":{"rendered":"\n<p>26.09 obchodzili\u015bmy w naszej szkole Europejski Dzie\u0144 J\u0119zyk\u00f3w Obcych. Jest to mi\u0119dzynarodowe \u015bwi\u0119to, ustanowione z inicjatywy Rady Europy. Jego celem jest zach\u0119cenie Europejczyk\u00f3w do nauki j\u0119zyk\u00f3w obcych oraz propagowanie zalet r\u00f3\u017cnorodno\u015bci j\u0119zykowej i kulturowej. Z tej okazji nauczyciele j\u0119zyk\u00f3w obcych przygotowali ciekawe zadania dla uczni\u00f3w podczas lekcji oraz zorganizowali turniej szkolny dla klas 6-8. Emocji by\u0142o wiele podczas zmaga\u0144 turniejowych.<\/p>\n\n\n\n<p>I miejsce &#8211; klasa 7 b<br>II miejsce &#8211; klasa 6 a<br>III miejsce &#8211; klasa 6 b<\/p>\n\n\n\n<p>Gratulujemy!<\/p>\n\n\n\n\t\t\t\t\t\t<div class=\"gallery_box_single\">\n\t\t\t\t\t\t\t\t\t\t\t\t\t\t\t<div class=\"gallery clearfix\">\n\t\t\t\t\t\t\t\t\t\t\t\t\t\t\t\t\t\t\t\t<div class=\"gllr_image_row\">\n\t\t\t\t\t\t\t\t\t\t\t\t\t\t\t\t\t\t\t\t\t<div class=\"gllr_image_block\">\n\t\t\t\t\t\t\t\t\t\t\t\t<p style=\"width:180px;height:140px;\">\n\t\t\t\t\t\t\t\t\t\t\t\t\t\t\t\t\t\t\t\t\t\t\t\t\t\t\t<a rel=\"gallery_fancybox_83508\" href=\"https:\/\/sp1slupsk.pl\/wp-content\/uploads\/2023\/10\/383825270_792528909341187_7358699913548416138_n-768x1024.jpg\" title=\"Obchody Europejskiego Dnia J\u0119zyk\u00f3w Obcych w naszej szkole.\">\n\t\t\t\t\t\t\t\t\t\t\t\t\t\t\t<img style=\"width:160px;height:120px; border-width: 10px; border-color:#F1F1F1;border: 10px solid #F1F1F1\" alt=\"\" title=\"Obchody Europejskiego Dnia J\u0119zyk\u00f3w Obcych w naszej szkole.\" src=\"https:\/\/sp1slupsk.pl\/wp-content\/uploads\/2023\/10\/383825270_792528909341187_7358699913548416138_n-160x120.jpg\" rel=\"https:\/\/sp1slupsk.pl\/wp-content\/uploads\/2023\/10\/383825270_792528909341187_7358699913548416138_n.jpg\" \/>\n\t\t\t\t\t\t\t\t\t\t\t\t\t\t<\/a>\n\t\t\t\t\t\t\t\t\t\t\t\t\t\t\t\t\t\t\t\t\t\t\t\t\t<\/p>\n\t\t\t\t\t\t\t\t\t\t\t\t\t\t\t\t\t\t\t\t\t\t\t<\/div><!-- .gllr_image_block -->\n\t\t\t\t\t\t\t\t\t\t\t\t\t\t\t\t\t\t\t\t\t<div class=\"gllr_image_block\">\n\t\t\t\t\t\t\t\t\t\t\t\t<p style=\"width:180px;height:140px;\">\n\t\t\t\t\t\t\t\t\t\t\t\t\t\t\t\t\t\t\t\t\t\t\t\t\t\t\t<a rel=\"gallery_fancybox_83508\" href=\"https:\/\/sp1slupsk.pl\/wp-content\/uploads\/2023\/10\/384514509_792527519341326_8682803470327074094_n.jpg\" title=\"Obchody Europejskiego Dnia J\u0119zyk\u00f3w Obcych w naszej szkole.\">\n\t\t\t\t\t\t\t\t\t\t\t\t\t\t\t<img style=\"width:160px;height:120px; border-width: 10px; border-color:#F1F1F1;border: 10px solid #F1F1F1\" alt=\"\" title=\"Obchody Europejskiego Dnia J\u0119zyk\u00f3w Obcych w naszej szkole.\" src=\"https:\/\/sp1slupsk.pl\/wp-content\/uploads\/2023\/10\/384514509_792527519341326_8682803470327074094_n-160x120.jpg\" rel=\"https:\/\/sp1slupsk.pl\/wp-content\/uploads\/2023\/10\/384514509_792527519341326_8682803470327074094_n.jpg\" \/>\n\t\t\t\t\t\t\t\t\t\t\t\t\t\t<\/a>\n\t\t\t\t\t\t\t\t\t\t\t\t\t\t\t\t\t\t\t\t\t\t\t\t\t<\/p>\n\t\t\t\t\t\t\t\t\t\t\t\t\t\t\t\t\t\t\t\t\t\t\t<\/div><!-- .gllr_image_block -->\n\t\t\t\t\t\t\t\t\t\t\t\t\t\t\t\t\t\t\t\t\t<div class=\"gllr_image_block\">\n\t\t\t\t\t\t\t\t\t\t\t\t<p style=\"width:180px;height:140px;\">\n\t\t\t\t\t\t\t\t\t\t\t\t\t\t\t\t\t\t\t\t\t\t\t\t\t\t\t<a rel=\"gallery_fancybox_83508\" href=\"https:\/\/sp1slupsk.pl\/wp-content\/uploads\/2023\/10\/383825129_792528579341220_4459521554270985195_n-1024x462.jpg\" title=\"Obchody Europejskiego Dnia J\u0119zyk\u00f3w Obcych w naszej szkole.\">\n\t\t\t\t\t\t\t\t\t\t\t\t\t\t\t<img style=\"width:160px;height:120px; border-width: 10px; border-color:#F1F1F1;border: 10px solid #F1F1F1\" alt=\"\" title=\"Obchody Europejskiego Dnia J\u0119zyk\u00f3w Obcych w naszej szkole.\" src=\"https:\/\/sp1slupsk.pl\/wp-content\/uploads\/2023\/10\/383825129_792528579341220_4459521554270985195_n-160x120.jpg\" rel=\"https:\/\/sp1slupsk.pl\/wp-content\/uploads\/2023\/10\/383825129_792528579341220_4459521554270985195_n.jpg\" \/>\n\t\t\t\t\t\t\t\t\t\t\t\t\t\t<\/a>\n\t\t\t\t\t\t\t\t\t\t\t\t\t\t\t\t\t\t\t\t\t\t\t\t\t<\/p>\n\t\t\t\t\t\t\t\t\t\t\t\t\t\t\t\t\t\t\t\t\t\t\t<\/div><!-- .gllr_image_block -->\n\t\t\t\t\t\t\t\t\t\t\t\t\t\t\t\t\t\t\t\t\t<\/div><!-- .gllr_image_row -->\n\t\t\t\t\t\t\t\t\t\t\t\t\t\t\t\t\t\t\t\t\t<div class=\"gllr_image_row\">\n\t\t\t\t\t\t\t\t\t\t\t\t\t\t\t\t\t\t\t\t\t<div class=\"gllr_image_block\">\n\t\t\t\t\t\t\t\t\t\t\t\t<p style=\"width:180px;height:140px;\">\n\t\t\t\t\t\t\t\t\t\t\t\t\t\t\t\t\t\t\t\t\t\t\t\t\t\t\t<a rel=\"gallery_fancybox_83508\" href=\"https:\/\/sp1slupsk.pl\/wp-content\/uploads\/2023\/10\/384497563_792528939341184_8429079921006443661_n-768x1024.jpg\" title=\"Obchody Europejskiego Dnia J\u0119zyk\u00f3w Obcych w naszej szkole.\">\n\t\t\t\t\t\t\t\t\t\t\t\t\t\t\t<img style=\"width:160px;height:120px; border-width: 10px; border-color:#F1F1F1;border: 10px solid #F1F1F1\" alt=\"\" title=\"Obchody Europejskiego Dnia J\u0119zyk\u00f3w Obcych w naszej szkole.\" src=\"https:\/\/sp1slupsk.pl\/wp-content\/uploads\/2023\/10\/384497563_792528939341184_8429079921006443661_n-160x120.jpg\" rel=\"https:\/\/sp1slupsk.pl\/wp-content\/uploads\/2023\/10\/384497563_792528939341184_8429079921006443661_n.jpg\" \/>\n\t\t\t\t\t\t\t\t\t\t\t\t\t\t<\/a>\n\t\t\t\t\t\t\t\t\t\t\t\t\t\t\t\t\t\t\t\t\t\t\t\t\t<\/p>\n\t\t\t\t\t\t\t\t\t\t\t\t\t\t\t\t\t\t\t\t\t\t\t<\/div><!-- .gllr_image_block -->\n\t\t\t\t\t\t\t\t\t\t\t\t\t\t\t\t\t\t\t\t\t<div class=\"gllr_image_block\">\n\t\t\t\t\t\t\t\t\t\t\t\t<p style=\"width:180px;height:140px;\">\n\t\t\t\t\t\t\t\t\t\t\t\t\t\t\t\t\t\t\t\t\t\t\t\t\t\t\t<a rel=\"gallery_fancybox_83508\" href=\"https:\/\/sp1slupsk.pl\/wp-content\/uploads\/2023\/10\/383823544_792528462674565_1634011604204678499_n-462x1024.jpg\" title=\"Obchody Europejskiego Dnia J\u0119zyk\u00f3w Obcych w naszej szkole.\">\n\t\t\t\t\t\t\t\t\t\t\t\t\t\t\t<img style=\"width:160px;height:120px; border-width: 10px; border-color:#F1F1F1;border: 10px solid #F1F1F1\" alt=\"\" title=\"Obchody Europejskiego Dnia J\u0119zyk\u00f3w Obcych w naszej szkole.\" src=\"https:\/\/sp1slupsk.pl\/wp-content\/uploads\/2023\/10\/383823544_792528462674565_1634011604204678499_n-160x120.jpg\" rel=\"https:\/\/sp1slupsk.pl\/wp-content\/uploads\/2023\/10\/383823544_792528462674565_1634011604204678499_n.jpg\" \/>\n\t\t\t\t\t\t\t\t\t\t\t\t\t\t<\/a>\n\t\t\t\t\t\t\t\t\t\t\t\t\t\t\t\t\t\t\t\t\t\t\t\t\t<\/p>\n\t\t\t\t\t\t\t\t\t\t\t\t\t\t\t\t\t\t\t\t\t\t\t<\/div><!-- .gllr_image_block -->\n\t\t\t\t\t\t\t\t\t\t\t\t\t\t\t\t\t\t\t\t\t<div class=\"gllr_image_block\">\n\t\t\t\t\t\t\t\t\t\t\t\t<p style=\"width:180px;height:140px;\">\n\t\t\t\t\t\t\t\t\t\t\t\t\t\t\t\t\t\t\t\t\t\t\t\t\t\t\t<a rel=\"gallery_fancybox_83508\" href=\"https:\/\/sp1slupsk.pl\/wp-content\/uploads\/2023\/10\/383851434_792528869341191_6971002125307081287_n-768x1024.jpg\" title=\"Obchody Europejskiego Dnia J\u0119zyk\u00f3w Obcych w naszej szkole.\">\n\t\t\t\t\t\t\t\t\t\t\t\t\t\t\t<img style=\"width:160px;height:120px; border-width: 10px; border-color:#F1F1F1;border: 10px solid #F1F1F1\" alt=\"\" title=\"Obchody Europejskiego Dnia J\u0119zyk\u00f3w Obcych w naszej szkole.\" src=\"https:\/\/sp1slupsk.pl\/wp-content\/uploads\/2023\/10\/383851434_792528869341191_6971002125307081287_n-160x120.jpg\" rel=\"https:\/\/sp1slupsk.pl\/wp-content\/uploads\/2023\/10\/383851434_792528869341191_6971002125307081287_n.jpg\" \/>\n\t\t\t\t\t\t\t\t\t\t\t\t\t\t<\/a>\n\t\t\t\t\t\t\t\t\t\t\t\t\t\t\t\t\t\t\t\t\t\t\t\t\t<\/p>\n\t\t\t\t\t\t\t\t\t\t\t\t\t\t\t\t\t\t\t\t\t\t\t<\/div><!-- .gllr_image_block -->\n\t\t\t\t\t\t\t\t\t\t\t\t\t\t\t\t\t\t\t\t\t<\/div><!-- .gllr_image_row -->\n\t\t\t\t\t\t\t\t\t\t\t\t\t\t\t\t\t\t\t\t\t<div class=\"gllr_image_row\">\n\t\t\t\t\t\t\t\t\t\t\t\t\t\t\t\t\t\t\t\t\t<div class=\"gllr_image_block\">\n\t\t\t\t\t\t\t\t\t\t\t\t<p style=\"width:180px;height:140px;\">\n\t\t\t\t\t\t\t\t\t\t\t\t\t\t\t\t\t\t\t\t\t\t\t\t\t\t\t<a rel=\"gallery_fancybox_83508\" href=\"https:\/\/sp1slupsk.pl\/wp-content\/uploads\/2023\/10\/384559327_792527772674634_1739268547302118598_n-1024x712.jpg\" title=\"Obchody Europejskiego Dnia J\u0119zyk\u00f3w Obcych w naszej szkole.\">\n\t\t\t\t\t\t\t\t\t\t\t\t\t\t\t<img style=\"width:160px;height:120px; border-width: 10px; border-color:#F1F1F1;border: 10px solid #F1F1F1\" alt=\"\" title=\"Obchody Europejskiego Dnia J\u0119zyk\u00f3w Obcych w naszej szkole.\" src=\"https:\/\/sp1slupsk.pl\/wp-content\/uploads\/2023\/10\/384559327_792527772674634_1739268547302118598_n-160x120.jpg\" rel=\"https:\/\/sp1slupsk.pl\/wp-content\/uploads\/2023\/10\/384559327_792527772674634_1739268547302118598_n.jpg\" \/>\n\t\t\t\t\t\t\t\t\t\t\t\t\t\t<\/a>\n\t\t\t\t\t\t\t\t\t\t\t\t\t\t\t\t\t\t\t\t\t\t\t\t\t<\/p>\n\t\t\t\t\t\t\t\t\t\t\t\t\t\t\t\t\t\t\t\t\t\t\t<\/div><!-- .gllr_image_block -->\n\t\t\t\t\t\t\t\t\t\t\t\t\t\t\t\t\t\t\t\t\t<div class=\"gllr_image_block\">\n\t\t\t\t\t\t\t\t\t\t\t\t<p style=\"width:180px;height:140px;\">\n\t\t\t\t\t\t\t\t\t\t\t\t\t\t\t\t\t\t\t\t\t\t\t\t\t\t\t<a rel=\"gallery_fancybox_83508\" href=\"https:\/\/sp1slupsk.pl\/wp-content\/uploads\/2023\/10\/383833979_792528762674535_2450738548459243072_n-768x1024.jpg\" title=\"Obchody Europejskiego Dnia J\u0119zyk\u00f3w Obcych w naszej szkole.\">\n\t\t\t\t\t\t\t\t\t\t\t\t\t\t\t<img style=\"width:160px;height:120px; border-width: 10px; border-color:#F1F1F1;border: 10px solid #F1F1F1\" alt=\"\" title=\"Obchody Europejskiego Dnia J\u0119zyk\u00f3w Obcych w naszej szkole.\" src=\"https:\/\/sp1slupsk.pl\/wp-content\/uploads\/2023\/10\/383833979_792528762674535_2450738548459243072_n-160x120.jpg\" rel=\"https:\/\/sp1slupsk.pl\/wp-content\/uploads\/2023\/10\/383833979_792528762674535_2450738548459243072_n.jpg\" \/>\n\t\t\t\t\t\t\t\t\t\t\t\t\t\t<\/a>\n\t\t\t\t\t\t\t\t\t\t\t\t\t\t\t\t\t\t\t\t\t\t\t\t\t<\/p>\n\t\t\t\t\t\t\t\t\t\t\t\t\t\t\t\t\t\t\t\t\t\t\t<\/div><!-- .gllr_image_block -->\n\t\t\t\t\t\t\t\t\t\t\t\t\t\t\t\t\t\t\t\t\t<div class=\"gllr_image_block\">\n\t\t\t\t\t\t\t\t\t\t\t\t<p style=\"width:180px;height:140px;\">\n\t\t\t\t\t\t\t\t\t\t\t\t\t\t\t\t\t\t\t\t\t\t\t\t\t\t\t<a rel=\"gallery_fancybox_83508\" href=\"https:\/\/sp1slupsk.pl\/wp-content\/uploads\/2023\/10\/383823567_792528652674546_72161655501554959_n-462x1024.jpg\" title=\"Obchody Europejskiego Dnia J\u0119zyk\u00f3w Obcych w naszej szkole.\">\n\t\t\t\t\t\t\t\t\t\t\t\t\t\t\t<img style=\"width:160px;height:120px; border-width: 10px; border-color:#F1F1F1;border: 10px solid #F1F1F1\" alt=\"\" title=\"Obchody Europejskiego Dnia J\u0119zyk\u00f3w Obcych w naszej szkole.\" src=\"https:\/\/sp1slupsk.pl\/wp-content\/uploads\/2023\/10\/383823567_792528652674546_72161655501554959_n-160x120.jpg\" rel=\"https:\/\/sp1slupsk.pl\/wp-content\/uploads\/2023\/10\/383823567_792528652674546_72161655501554959_n.jpg\" \/>\n\t\t\t\t\t\t\t\t\t\t\t\t\t\t<\/a>\n\t\t\t\t\t\t\t\t\t\t\t\t\t\t\t\t\t\t\t\t\t\t\t\t\t<\/p>\n\t\t\t\t\t\t\t\t\t\t\t\t\t\t\t\t\t\t\t\t\t\t\t<\/div><!-- .gllr_image_block -->\n\t\t\t\t\t\t\t\t\t\t\t\t\t\t\t\t\t\t\t\t\t<\/div><!-- .gllr_image_row -->\n\t\t\t\t\t\t\t\t\t\t\t\t\t\t\t\t\t\t\t\t\t<div class=\"gllr_image_row\">\n\t\t\t\t\t\t\t\t\t\t\t\t\t\t\t\t\t\t\t\t\t<div class=\"gllr_image_block\">\n\t\t\t\t\t\t\t\t\t\t\t\t<p style=\"width:180px;height:140px;\">\n\t\t\t\t\t\t\t\t\t\t\t\t\t\t\t\t\t\t\t\t\t\t\t\t\t\t\t<a rel=\"gallery_fancybox_83508\" href=\"https:\/\/sp1slupsk.pl\/wp-content\/uploads\/2023\/10\/384341522_792527592674652_645700886106763625_n.jpg\" title=\"Obchody Europejskiego Dnia J\u0119zyk\u00f3w Obcych w naszej szkole.\">\n\t\t\t\t\t\t\t\t\t\t\t\t\t\t\t<img style=\"width:160px;height:120px; border-width: 10px; border-color:#F1F1F1;border: 10px solid #F1F1F1\" alt=\"\" title=\"Obchody Europejskiego Dnia J\u0119zyk\u00f3w Obcych w naszej szkole.\" src=\"https:\/\/sp1slupsk.pl\/wp-content\/uploads\/2023\/10\/384341522_792527592674652_645700886106763625_n-160x120.jpg\" rel=\"https:\/\/sp1slupsk.pl\/wp-content\/uploads\/2023\/10\/384341522_792527592674652_645700886106763625_n.jpg\" \/>\n\t\t\t\t\t\t\t\t\t\t\t\t\t\t<\/a>\n\t\t\t\t\t\t\t\t\t\t\t\t\t\t\t\t\t\t\t\t\t\t\t\t\t<\/p>\n\t\t\t\t\t\t\t\t\t\t\t\t\t\t\t\t\t\t\t\t\t\t\t<\/div><!-- .gllr_image_block -->\n\t\t\t\t\t\t\t\t\t\t\t\t\t\t\t\t\t\t\t\t\t<div class=\"gllr_image_block\">\n\t\t\t\t\t\t\t\t\t\t\t\t<p style=\"width:180px;height:140px;\">\n\t\t\t\t\t\t\t\t\t\t\t\t\t\t\t\t\t\t\t\t\t\t\t\t\t\t\t<a rel=\"gallery_fancybox_83508\" href=\"https:\/\/sp1slupsk.pl\/wp-content\/uploads\/2023\/10\/383834769_792528502674561_2640679081545906358_n-708x1024.jpg\" title=\"Obchody Europejskiego Dnia J\u0119zyk\u00f3w Obcych w naszej szkole.\">\n\t\t\t\t\t\t\t\t\t\t\t\t\t\t\t<img style=\"width:160px;height:120px; border-width: 10px; border-color:#F1F1F1;border: 10px solid #F1F1F1\" alt=\"\" title=\"Obchody Europejskiego Dnia J\u0119zyk\u00f3w Obcych w naszej szkole.\" src=\"https:\/\/sp1slupsk.pl\/wp-content\/uploads\/2023\/10\/383834769_792528502674561_2640679081545906358_n-160x120.jpg\" rel=\"https:\/\/sp1slupsk.pl\/wp-content\/uploads\/2023\/10\/383834769_792528502674561_2640679081545906358_n.jpg\" \/>\n\t\t\t\t\t\t\t\t\t\t\t\t\t\t<\/a>\n\t\t\t\t\t\t\t\t\t\t\t\t\t\t\t\t\t\t\t\t\t\t\t\t\t<\/p>\n\t\t\t\t\t\t\t\t\t\t\t\t\t\t\t\t\t\t\t\t\t\t\t<\/div><!-- .gllr_image_block -->\n\t\t\t\t\t\t\t\t\t\t\t\t\t\t\t\t\t\t\t\t\t<div class=\"gllr_image_block\">\n\t\t\t\t\t\t\t\t\t\t\t\t<p style=\"width:180px;height:140px;\">\n\t\t\t\t\t\t\t\t\t\t\t\t\t\t\t\t\t\t\t\t\t\t\t\t\t\t\t<a rel=\"gallery_fancybox_83508\" href=\"https:\/\/sp1slupsk.pl\/wp-content\/uploads\/2023\/10\/383830401_792527992674612_6905733510937578484_n-1024x711.jpg\" title=\"Obchody Europejskiego Dnia J\u0119zyk\u00f3w Obcych w naszej szkole.\">\n\t\t\t\t\t\t\t\t\t\t\t\t\t\t\t<img style=\"width:160px;height:120px; border-width: 10px; border-color:#F1F1F1;border: 10px solid #F1F1F1\" alt=\"\" title=\"Obchody Europejskiego Dnia J\u0119zyk\u00f3w Obcych w naszej szkole.\" src=\"https:\/\/sp1slupsk.pl\/wp-content\/uploads\/2023\/10\/383830401_792527992674612_6905733510937578484_n-160x120.jpg\" rel=\"https:\/\/sp1slupsk.pl\/wp-content\/uploads\/2023\/10\/383830401_792527992674612_6905733510937578484_n.jpg\" \/>\n\t\t\t\t\t\t\t\t\t\t\t\t\t\t<\/a>\n\t\t\t\t\t\t\t\t\t\t\t\t\t\t\t\t\t\t\t\t\t\t\t\t\t<\/p>\n\t\t\t\t\t\t\t\t\t\t\t\t\t\t\t\t\t\t\t\t\t\t\t<\/div><!-- .gllr_image_block -->\n\t\t\t\t\t\t\t\t\t\t\t\t\t\t\t\t\t\t\t\t\t<\/div><!-- .gllr_image_row -->\n\t\t\t\t\t\t\t\t\t\t\t\t\t\t\t\t\t\t\t\t\t<div class=\"gllr_image_row\">\n\t\t\t\t\t\t\t\t\t\t\t\t\t\t\t\t\t\t\t\t\t<div class=\"gllr_image_block\">\n\t\t\t\t\t\t\t\t\t\t\t\t<p style=\"width:180px;height:140px;\">\n\t\t\t\t\t\t\t\t\t\t\t\t\t\t\t\t\t\t\t\t\t\t\t\t\t\t\t<a rel=\"gallery_fancybox_83508\" href=\"https:\/\/sp1slupsk.pl\/wp-content\/uploads\/2023\/10\/383832466_792528349341243_7677652460192997732_n-1024x741.jpg\" title=\"Obchody Europejskiego Dnia J\u0119zyk\u00f3w Obcych w naszej szkole.\">\n\t\t\t\t\t\t\t\t\t\t\t\t\t\t\t<img style=\"width:160px;height:120px; border-width: 10px; border-color:#F1F1F1;border: 10px solid #F1F1F1\" alt=\"\" title=\"Obchody Europejskiego Dnia J\u0119zyk\u00f3w Obcych w naszej szkole.\" src=\"https:\/\/sp1slupsk.pl\/wp-content\/uploads\/2023\/10\/383832466_792528349341243_7677652460192997732_n-160x120.jpg\" rel=\"https:\/\/sp1slupsk.pl\/wp-content\/uploads\/2023\/10\/383832466_792528349341243_7677652460192997732_n.jpg\" \/>\n\t\t\t\t\t\t\t\t\t\t\t\t\t\t<\/a>\n\t\t\t\t\t\t\t\t\t\t\t\t\t\t\t\t\t\t\t\t\t\t\t\t\t<\/p>\n\t\t\t\t\t\t\t\t\t\t\t\t\t\t\t\t\t\t\t\t\t\t\t<\/div><!-- .gllr_image_block -->\n\t\t\t\t\t\t\t\t\t\t\t\t\t\t\t\t\t\t\t\t\t<div class=\"gllr_image_block\">\n\t\t\t\t\t\t\t\t\t\t\t\t<p style=\"width:180px;height:140px;\">\n\t\t\t\t\t\t\t\t\t\t\t\t\t\t\t\t\t\t\t\t\t\t\t\t\t\t\t<a rel=\"gallery_fancybox_83508\" href=\"https:\/\/sp1slupsk.pl\/wp-content\/uploads\/2023\/10\/383371934_792528486007896_7786631637899157082_n-1024x462.jpg\" title=\"Obchody Europejskiego Dnia J\u0119zyk\u00f3w Obcych w naszej szkole.\">\n\t\t\t\t\t\t\t\t\t\t\t\t\t\t\t<img style=\"width:160px;height:120px; border-width: 10px; border-color:#F1F1F1;border: 10px solid #F1F1F1\" alt=\"\" title=\"Obchody Europejskiego Dnia J\u0119zyk\u00f3w Obcych w naszej szkole.\" src=\"https:\/\/sp1slupsk.pl\/wp-content\/uploads\/2023\/10\/383371934_792528486007896_7786631637899157082_n-160x120.jpg\" rel=\"https:\/\/sp1slupsk.pl\/wp-content\/uploads\/2023\/10\/383371934_792528486007896_7786631637899157082_n.jpg\" \/>\n\t\t\t\t\t\t\t\t\t\t\t\t\t\t<\/a>\n\t\t\t\t\t\t\t\t\t\t\t\t\t\t\t\t\t\t\t\t\t\t\t\t\t<\/p>\n\t\t\t\t\t\t\t\t\t\t\t\t\t\t\t\t\t\t\t\t\t\t\t<\/div><!-- .gllr_image_block -->\n\t\t\t\t\t\t\t\t\t\t\t\t\t\t\t\t\t\t\t\t\t<div class=\"gllr_image_block\">\n\t\t\t\t\t\t\t\t\t\t\t\t<p style=\"width:180px;height:140px;\">\n\t\t\t\t\t\t\t\t\t\t\t\t\t\t\t\t\t\t\t\t\t\t\t\t\t\t\t<a rel=\"gallery_fancybox_83508\" href=\"https:\/\/sp1slupsk.pl\/wp-content\/uploads\/2023\/10\/382997668_792528429341235_4130916305855225785_n-1024x716.jpg\" title=\"Obchody Europejskiego Dnia J\u0119zyk\u00f3w Obcych w naszej szkole.\">\n\t\t\t\t\t\t\t\t\t\t\t\t\t\t\t<img style=\"width:160px;height:120px; border-width: 10px; border-color:#F1F1F1;border: 10px solid #F1F1F1\" alt=\"\" title=\"Obchody Europejskiego Dnia J\u0119zyk\u00f3w Obcych w naszej szkole.\" src=\"https:\/\/sp1slupsk.pl\/wp-content\/uploads\/2023\/10\/382997668_792528429341235_4130916305855225785_n-160x120.jpg\" rel=\"https:\/\/sp1slupsk.pl\/wp-content\/uploads\/2023\/10\/382997668_792528429341235_4130916305855225785_n.jpg\" \/>\n\t\t\t\t\t\t\t\t\t\t\t\t\t\t<\/a>\n\t\t\t\t\t\t\t\t\t\t\t\t\t\t\t\t\t\t\t\t\t\t\t\t\t<\/p>\n\t\t\t\t\t\t\t\t\t\t\t\t\t\t\t\t\t\t\t\t\t\t\t<\/div><!-- .gllr_image_block -->\n\t\t\t\t\t\t\t\t\t\t\t\t\t\t\t\t\t\t\t\t\t<\/div><!-- .gllr_image_row -->\n\t\t\t\t\t\t\t\t\t\t\t\t\t\t\t\t\t\t\t\t\t<div class=\"gllr_image_row\">\n\t\t\t\t\t\t\t\t\t\t\t\t\t\t\t\t\t\t\t\t\t<div class=\"gllr_image_block\">\n\t\t\t\t\t\t\t\t\t\t\t\t<p style=\"width:180px;height:140px;\">\n\t\t\t\t\t\t\t\t\t\t\t\t\t\t\t\t\t\t\t\t\t\t\t\t\t\t\t<a rel=\"gallery_fancybox_83508\" href=\"https:\/\/sp1slupsk.pl\/wp-content\/uploads\/2023\/10\/383396266_792528599341218_8494882380554683924_n-462x1024.jpg\" title=\"Obchody Europejskiego Dnia J\u0119zyk\u00f3w Obcych w naszej szkole.\">\n\t\t\t\t\t\t\t\t\t\t\t\t\t\t\t<img style=\"width:160px;height:120px; border-width: 10px; border-color:#F1F1F1;border: 10px solid #F1F1F1\" alt=\"\" title=\"Obchody Europejskiego Dnia J\u0119zyk\u00f3w Obcych w naszej szkole.\" src=\"https:\/\/sp1slupsk.pl\/wp-content\/uploads\/2023\/10\/383396266_792528599341218_8494882380554683924_n-160x120.jpg\" rel=\"https:\/\/sp1slupsk.pl\/wp-content\/uploads\/2023\/10\/383396266_792528599341218_8494882380554683924_n.jpg\" \/>\n\t\t\t\t\t\t\t\t\t\t\t\t\t\t<\/a>\n\t\t\t\t\t\t\t\t\t\t\t\t\t\t\t\t\t\t\t\t\t\t\t\t\t<\/p>\n\t\t\t\t\t\t\t\t\t\t\t\t\t\t\t\t\t\t\t\t\t\t\t<\/div><!-- .gllr_image_block -->\n\t\t\t\t\t\t\t\t\t\t\t\t\t\t\t\t\t\t\t\t\t<div class=\"gllr_image_block\">\n\t\t\t\t\t\t\t\t\t\t\t\t<p style=\"width:180px;height:140px;\">\n\t\t\t\t\t\t\t\t\t\t\t\t\t\t\t\t\t\t\t\t\t\t\t\t\t\t\t<a rel=\"gallery_fancybox_83508\" href=\"https:\/\/sp1slupsk.pl\/wp-content\/uploads\/2023\/10\/383832394_792528542674557_7749465444887035284_n-718x1024.jpg\" title=\"Obchody Europejskiego Dnia J\u0119zyk\u00f3w Obcych w naszej szkole.\">\n\t\t\t\t\t\t\t\t\t\t\t\t\t\t\t<img style=\"width:160px;height:120px; border-width: 10px; border-color:#F1F1F1;border: 10px solid #F1F1F1\" alt=\"\" title=\"Obchody Europejskiego Dnia J\u0119zyk\u00f3w Obcych w naszej szkole.\" src=\"https:\/\/sp1slupsk.pl\/wp-content\/uploads\/2023\/10\/383832394_792528542674557_7749465444887035284_n-160x120.jpg\" rel=\"https:\/\/sp1slupsk.pl\/wp-content\/uploads\/2023\/10\/383832394_792528542674557_7749465444887035284_n.jpg\" \/>\n\t\t\t\t\t\t\t\t\t\t\t\t\t\t<\/a>\n\t\t\t\t\t\t\t\t\t\t\t\t\t\t\t\t\t\t\t\t\t\t\t\t\t<\/p>\n\t\t\t\t\t\t\t\t\t\t\t\t\t\t\t\t\t\t\t\t\t\t\t<\/div><!-- .gllr_image_block -->\n\t\t\t\t\t\t\t\t\t\t\t\t\t\t\t\t\t\t\t\t\t<div class=\"gllr_image_block\">\n\t\t\t\t\t\t\t\t\t\t\t\t<p style=\"width:180px;height:140px;\">\n\t\t\t\t\t\t\t\t\t\t\t\t\t\t\t\t\t\t\t\t\t\t\t\t\t\t\t<a rel=\"gallery_fancybox_83508\" href=\"https:\/\/sp1slupsk.pl\/wp-content\/uploads\/2023\/10\/383831674_792528846007860_6358914261265298360_n-768x1024.jpg\" title=\"Obchody Europejskiego Dnia J\u0119zyk\u00f3w Obcych w naszej szkole.\">\n\t\t\t\t\t\t\t\t\t\t\t\t\t\t\t<img style=\"width:160px;height:120px; border-width: 10px; border-color:#F1F1F1;border: 10px solid #F1F1F1\" alt=\"\" title=\"Obchody Europejskiego Dnia J\u0119zyk\u00f3w Obcych w naszej szkole.\" src=\"https:\/\/sp1slupsk.pl\/wp-content\/uploads\/2023\/10\/383831674_792528846007860_6358914261265298360_n-160x120.jpg\" rel=\"https:\/\/sp1slupsk.pl\/wp-content\/uploads\/2023\/10\/383831674_792528846007860_6358914261265298360_n.jpg\" \/>\n\t\t\t\t\t\t\t\t\t\t\t\t\t\t<\/a>\n\t\t\t\t\t\t\t\t\t\t\t\t\t\t\t\t\t\t\t\t\t\t\t\t\t<\/p>\n\t\t\t\t\t\t\t\t\t\t\t\t\t\t\t\t\t\t\t\t\t\t\t<\/div><!-- .gllr_image_block -->\n\t\t\t\t\t\t\t\t\t\t\t\t\t\t\t\t\t\t\t\t\t<\/div><!-- .gllr_image_row -->\n\t\t\t\t\t\t\t\t\t\t\t\t\t\t\t\t\t\t\t\t\t<div class=\"gllr_image_row\">\n\t\t\t\t\t\t\t\t\t\t\t\t\t\t\t\t\t\t\t\t\t<div class=\"gllr_image_block\">\n\t\t\t\t\t\t\t\t\t\t\t\t<p style=\"width:180px;height:140px;\">\n\t\t\t\t\t\t\t\t\t\t\t\t\t\t\t\t\t\t\t\t\t\t\t\t\t\t\t<a rel=\"gallery_fancybox_83508\" href=\"https:\/\/sp1slupsk.pl\/wp-content\/uploads\/2023\/10\/383831988_792528479341230_5715094775528771085_n-1024x462.jpg\" title=\"Obchody Europejskiego Dnia J\u0119zyk\u00f3w Obcych w naszej szkole.\">\n\t\t\t\t\t\t\t\t\t\t\t\t\t\t\t<img style=\"width:160px;height:120px; border-width: 10px; border-color:#F1F1F1;border: 10px solid #F1F1F1\" alt=\"\" title=\"Obchody Europejskiego Dnia J\u0119zyk\u00f3w Obcych w naszej szkole.\" src=\"https:\/\/sp1slupsk.pl\/wp-content\/uploads\/2023\/10\/383831988_792528479341230_5715094775528771085_n-160x120.jpg\" rel=\"https:\/\/sp1slupsk.pl\/wp-content\/uploads\/2023\/10\/383831988_792528479341230_5715094775528771085_n.jpg\" \/>\n\t\t\t\t\t\t\t\t\t\t\t\t\t\t<\/a>\n\t\t\t\t\t\t\t\t\t\t\t\t\t\t\t\t\t\t\t\t\t\t\t\t\t<\/p>\n\t\t\t\t\t\t\t\t\t\t\t\t\t\t\t\t\t\t\t\t\t\t\t<\/div><!-- .gllr_image_block -->\n\t\t\t\t\t\t\t\t\t\t\t\t\t\t\t\t\t\t\t\t\t<div class=\"gllr_image_block\">\n\t\t\t\t\t\t\t\t\t\t\t\t<p style=\"width:180px;height:140px;\">\n\t\t\t\t\t\t\t\t\t\t\t\t\t\t\t\t\t\t\t\t\t\t\t\t\t\t\t<a rel=\"gallery_fancybox_83508\" href=\"https:\/\/sp1slupsk.pl\/wp-content\/uploads\/2023\/10\/384541519_792528796007865_2325924433301253222_n-768x1024.jpg\" title=\"Obchody Europejskiego Dnia J\u0119zyk\u00f3w Obcych w naszej szkole.\">\n\t\t\t\t\t\t\t\t\t\t\t\t\t\t\t<img style=\"width:160px;height:120px; border-width: 10px; border-color:#F1F1F1;border: 10px solid #F1F1F1\" alt=\"\" title=\"Obchody Europejskiego Dnia J\u0119zyk\u00f3w Obcych w naszej szkole.\" src=\"https:\/\/sp1slupsk.pl\/wp-content\/uploads\/2023\/10\/384541519_792528796007865_2325924433301253222_n-160x120.jpg\" rel=\"https:\/\/sp1slupsk.pl\/wp-content\/uploads\/2023\/10\/384541519_792528796007865_2325924433301253222_n.jpg\" \/>\n\t\t\t\t\t\t\t\t\t\t\t\t\t\t<\/a>\n\t\t\t\t\t\t\t\t\t\t\t\t\t\t\t\t\t\t\t\t\t\t\t\t\t<\/p>\n\t\t\t\t\t\t\t\t\t\t\t\t\t\t\t\t\t\t\t\t\t\t\t<\/div><!-- .gllr_image_block -->\n\t\t\t\t\t\t\t\t\t\t\t\t\t\t\t\t\t\t\t\t\t<div class=\"gllr_image_block\">\n\t\t\t\t\t\t\t\t\t\t\t\t<p style=\"width:180px;height:140px;\">\n\t\t\t\t\t\t\t\t\t\t\t\t\t\t\t\t\t\t\t\t\t\t\t\t\t\t\t<a rel=\"gallery_fancybox_83508\" href=\"https:\/\/sp1slupsk.pl\/wp-content\/uploads\/2023\/10\/383429652_792527679341310_7163883718496311482_n-1024x716.jpg\" title=\"Obchody Europejskiego Dnia J\u0119zyk\u00f3w Obcych w naszej szkole.\">\n\t\t\t\t\t\t\t\t\t\t\t\t\t\t\t<img style=\"width:160px;height:120px; border-width: 10px; border-color:#F1F1F1;border: 10px solid #F1F1F1\" alt=\"\" title=\"Obchody Europejskiego Dnia J\u0119zyk\u00f3w Obcych w naszej szkole.\" src=\"https:\/\/sp1slupsk.pl\/wp-content\/uploads\/2023\/10\/383429652_792527679341310_7163883718496311482_n-160x120.jpg\" rel=\"https:\/\/sp1slupsk.pl\/wp-content\/uploads\/2023\/10\/383429652_792527679341310_7163883718496311482_n.jpg\" \/>\n\t\t\t\t\t\t\t\t\t\t\t\t\t\t<\/a>\n\t\t\t\t\t\t\t\t\t\t\t\t\t\t\t\t\t\t\t\t\t\t\t\t\t<\/p>\n\t\t\t\t\t\t\t\t\t\t\t\t\t\t\t\t\t\t\t\t\t\t\t<\/div><!-- .gllr_image_block -->\n\t\t\t\t\t\t\t\t\t\t\t\t\t\t\t\t\t\t\t\t\t<\/div><!-- .gllr_image_row -->\n\t\t\t\t\t\t\t\t\t\t\t\t\t\t\t\t\t\t\t\t\t<div class=\"gllr_image_row\">\n\t\t\t\t\t\t\t\t\t\t\t\t\t\t\t\t\t\t\t\t\t<div class=\"gllr_image_block\">\n\t\t\t\t\t\t\t\t\t\t\t\t<p style=\"width:180px;height:140px;\">\n\t\t\t\t\t\t\t\t\t\t\t\t\t\t\t\t\t\t\t\t\t\t\t\t\t\t\t<a rel=\"gallery_fancybox_83508\" href=\"https:\/\/sp1slupsk.pl\/wp-content\/uploads\/2023\/10\/383840278_792528442674567_1592305940026805764_n-1024x462.jpg\" title=\"Obchody Europejskiego Dnia J\u0119zyk\u00f3w Obcych w naszej szkole.\">\n\t\t\t\t\t\t\t\t\t\t\t\t\t\t\t<img style=\"width:160px;height:120px; border-width: 10px; border-color:#F1F1F1;border: 10px solid #F1F1F1\" alt=\"\" title=\"Obchody Europejskiego Dnia J\u0119zyk\u00f3w Obcych w naszej szkole.\" src=\"https:\/\/sp1slupsk.pl\/wp-content\/uploads\/2023\/10\/383840278_792528442674567_1592305940026805764_n-160x120.jpg\" rel=\"https:\/\/sp1slupsk.pl\/wp-content\/uploads\/2023\/10\/383840278_792528442674567_1592305940026805764_n.jpg\" \/>\n\t\t\t\t\t\t\t\t\t\t\t\t\t\t<\/a>\n\t\t\t\t\t\t\t\t\t\t\t\t\t\t\t\t\t\t\t\t\t\t\t\t\t<\/p>\n\t\t\t\t\t\t\t\t\t\t\t\t\t\t\t\t\t\t\t\t\t\t\t<\/div><!-- .gllr_image_block -->\n\t\t\t\t\t\t\t\t\t\t\t\t\t\t\t\t\t\t\t\t\t<div class=\"gllr_image_block\">\n\t\t\t\t\t\t\t\t\t\t\t\t<p style=\"width:180px;height:140px;\">\n\t\t\t\t\t\t\t\t\t\t\t\t\t\t\t\t\t\t\t\t\t\t\t\t\t\t\t<a rel=\"gallery_fancybox_83508\" href=\"https:\/\/sp1slupsk.pl\/wp-content\/uploads\/2023\/10\/383850749_792528009341277_519584511665512975_n-1024x684.jpg\" title=\"Obchody Europejskiego Dnia J\u0119zyk\u00f3w Obcych w naszej szkole.\">\n\t\t\t\t\t\t\t\t\t\t\t\t\t\t\t<img style=\"width:160px;height:120px; border-width: 10px; border-color:#F1F1F1;border: 10px solid #F1F1F1\" alt=\"\" title=\"Obchody Europejskiego Dnia J\u0119zyk\u00f3w Obcych w naszej szkole.\" src=\"https:\/\/sp1slupsk.pl\/wp-content\/uploads\/2023\/10\/383850749_792528009341277_519584511665512975_n-160x120.jpg\" rel=\"https:\/\/sp1slupsk.pl\/wp-content\/uploads\/2023\/10\/383850749_792528009341277_519584511665512975_n.jpg\" \/>\n\t\t\t\t\t\t\t\t\t\t\t\t\t\t<\/a>\n\t\t\t\t\t\t\t\t\t\t\t\t\t\t\t\t\t\t\t\t\t\t\t\t\t<\/p>\n\t\t\t\t\t\t\t\t\t\t\t\t\t\t\t\t\t\t\t\t\t\t\t<\/div><!-- .gllr_image_block -->\n\t\t\t\t\t\t\t\t\t\t\t\t\t\t\t\t\t\t\t\t\t<div class=\"gllr_image_block\">\n\t\t\t\t\t\t\t\t\t\t\t\t<p style=\"width:180px;height:140px;\">\n\t\t\t\t\t\t\t\t\t\t\t\t\t\t\t\t\t\t\t\t\t\t\t\t\t\t\t<a rel=\"gallery_fancybox_83508\" href=\"https:\/\/sp1slupsk.pl\/wp-content\/uploads\/2023\/10\/384567966_792528706007874_7970814673877761222_n-768x1024.jpg\" title=\"Obchody Europejskiego Dnia J\u0119zyk\u00f3w Obcych w naszej szkole.\">\n\t\t\t\t\t\t\t\t\t\t\t\t\t\t\t<img style=\"width:160px;height:120px; border-width: 10px; border-color:#F1F1F1;border: 10px solid #F1F1F1\" alt=\"\" title=\"Obchody Europejskiego Dnia J\u0119zyk\u00f3w Obcych w naszej szkole.\" src=\"https:\/\/sp1slupsk.pl\/wp-content\/uploads\/2023\/10\/384567966_792528706007874_7970814673877761222_n-160x120.jpg\" rel=\"https:\/\/sp1slupsk.pl\/wp-content\/uploads\/2023\/10\/384567966_792528706007874_7970814673877761222_n.jpg\" \/>\n\t\t\t\t\t\t\t\t\t\t\t\t\t\t<\/a>\n\t\t\t\t\t\t\t\t\t\t\t\t\t\t\t\t\t\t\t\t\t\t\t\t\t<\/p>\n\t\t\t\t\t\t\t\t\t\t\t\t\t\t\t\t\t\t\t\t\t\t\t<\/div><!-- .gllr_image_block -->\n\t\t\t\t\t\t\t\t\t\t\t\t\t\t\t\t\t\t\t\t\t<\/div><!-- .gllr_image_row -->\n\t\t\t\t\t\t\t\t\t\t\t\t\t\t\t\t\t\t<\/div><!-- .gallery.clearfix -->\n\t\t\t\t\t\t\t\t\t\t\t\t\t<\/div><!-- .gallery_box_single -->\n\t\t\t\t\t\t<div class=\"gllr_clear\"><\/div>\n\t\t\t\t\t\t\t\t\t<script type=\"text\/javascript\">\n\t\t\t\t\t(function($) {\n\t\t\t\t\t\t$(document).ready( function() {\n\t\t\t\t\t\t\t$( \"a[rel=gallery_fancybox_83508]\" ).fancybox( {\n\t\t\t\t\t\t\t\t'transitionIn'\t\t:\t'elastic',\n\t\t\t\t\t\t\t\t'transitionOut'\t\t:\t'elastic',\n\t\t\t\t\t\t\t\t'titlePosition' \t:\t'inside',\n\t\t\t\t\t\t\t\t'speedIn'\t\t\t:\t500, \n\t\t\t\t\t\t\t\t'speedOut'\t\t\t:\t300,\n\t\t\t\t\t\t\t\t'titleFormat'\t\t:\tfunction( title, currentArray, currentIndex, currentOpts ) {\n\t\t\t\t\t\t\t\t\treturn '<div id=\"fancybox-title-inside\">' + ( title.length ? '<span id=\"bws_gallery_image_title\">' + title + '<\/span><br \/>' : '' ) + '<span id=\"bws_gallery_image_counter\">Image ' + ( currentIndex + 1 ) + ' \/ ' + currentArray.length + '<\/span><\/div>';\n\t\t\t\t\t\t\t\t}\t\t\t\t\t\t\t});\n\t\t\t\t\t\t});\n\t\t\t\t\t})(jQuery);\n\t\t\t\t<\/script>\n\t\t\t\n","protected":false},"excerpt":{"rendered":"<p>26.09 obchodzili\u015bmy w naszej szkole Europejski Dzie\u0144 J\u0119zyk\u00f3w Obcych. Jest to mi\u0119dzynarodowe \u015bwi\u0119to, ustanowione z inicjatywy Rady Europy. Jego celem jest zach\u0119cenie Europejczyk\u00f3w do nauki j\u0119zyk\u00f3w obcych oraz propagowanie zalet r\u00f3\u017cnorodno\u015bci j\u0119zykowej i kulturowej. Z tej okazji nauczyciele j\u0119zyk\u00f3w obcych przygotowali ciekawe zadania dla uczni\u00f3w podczas lekcji oraz zorganizowali turniej szkolny dla klas 6-8. Emocji <a href=\"https:\/\/sp1slupsk.pl\/?gallery=83508-2\"><b>&#8230;wi\u0119cej<\/b><\/a><\/p>\n","protected":false},"author":1,"featured_media":83511,"comment_status":"closed","ping_status":"closed","sticky":false,"template":"","format":"standard","meta":[],"categories":[22,28,23],"tags":[],"_links":{"self":[{"href":"https:\/\/sp1slupsk.pl\/index.php?rest_route=\/wp\/v2\/posts\/83509"}],"collection":[{"href":"https:\/\/sp1slupsk.pl\/index.php?rest_route=\/wp\/v2\/posts"}],"about":[{"href":"https:\/\/sp1slupsk.pl\/index.php?rest_route=\/wp\/v2\/types\/post"}],"author":[{"embeddable":true,"href":"https:\/\/sp1slupsk.pl\/index.php?rest_route=\/wp\/v2\/users\/1"}],"replies":[{"embeddable":true,"href":"https:\/\/sp1slupsk.pl\/index.php?rest_route=%2Fwp%2Fv2%2Fcomments&post=83509"}],"version-history":[{"count":2,"href":"https:\/\/sp1slupsk.pl\/index.php?rest_route=\/wp\/v2\/posts\/83509\/revisions"}],"predecessor-version":[{"id":83537,"href":"https:\/\/sp1slupsk.pl\/index.php?rest_route=\/wp\/v2\/posts\/83509\/revisions\/83537"}],"wp:featuredmedia":[{"embeddable":true,"href":"https:\/\/sp1slupsk.pl\/index.php?rest_route=\/wp\/v2\/media\/83511"}],"wp:attachment":[{"href":"https:\/\/sp1slupsk.pl\/index.php?rest_route=%2Fwp%2Fv2%2Fmedia&parent=83509"}],"wp:term":[{"taxonomy":"category","embeddable":true,"href":"https:\/\/sp1slupsk.pl\/index.php?rest_route=%2Fwp%2Fv2%2Fcategories&post=83509"},{"taxonomy":"post_tag","embeddable":true,"href":"https:\/\/sp1slupsk.pl\/index.php?rest_route=%2Fwp%2Fv2%2Ftags&post=83509"}],"curies":[{"name":"wp","href":"https:\/\/api.w.org\/{rel}","templated":true}]}}