{"id":83539,"date":"2023-09-23T20:43:00","date_gmt":"2023-09-23T18:43:00","guid":{"rendered":"http:\/\/sp1slupsk.pl\/?p=83539"},"modified":"2023-10-03T20:45:07","modified_gmt":"2023-10-03T18:45:07","slug":"dar-serca-dla-alberciakow","status":"publish","type":"post","link":"https:\/\/sp1slupsk.pl\/?p=83539","title":{"rendered":"Dar serca dla Alberciak\u00f3w"},"content":{"rendered":"\n<p>W sobotni poranek 23 wrze\u015bnia dru\u017cyna biegaczy z naszej szko\u0142y wystartowa\u0142a w VIII Biegu prze\u0142ajowym im.chor.szt. Tadeusza Kloskowskiego &#8211; by\u0142a to inicjatywa fundacji &#8222;Sub Ventum&#8221; na rzecz bezdomnych. Nasi uczniowie wsparli t\u0119 akcj\u0119 przynosz\u0105c \u015brodki czysto\u015bci a przy okazji aktywnie sp\u0119dzili czas! Jedna z naszych biegaczek &#8211; Karina Sh. z klasy VI b wywalczy\u0142a 3 miejsce w zmaganiach na 5 km. Ponadto reszta uczestnik\u00f3w wylosowa\u0142a super nagrody. To dopiero pocz\u0105tek naszych zmaga\u0144, widzimy si\u0119 na kolejnych imprezach biegowych!<br>Dzi\u0119kujemy biegaczom oraz rodzicom za zaanga\u017cowanie:)<\/p>\n\n\n\n\t\t\t\t\t\t<div class=\"gallery_box_single\">\n\t\t\t\t\t\t\t\t\t\t\t\t\t\t\t<div class=\"gallery clearfix\">\n\t\t\t\t\t\t\t\t\t\t\t\t\t\t\t\t\t\t\t\t<div class=\"gllr_image_row\">\n\t\t\t\t\t\t\t\t\t\t\t\t\t\t\t\t\t\t\t\t\t<div class=\"gllr_image_block\">\n\t\t\t\t\t\t\t\t\t\t\t\t<p style=\"width:180px;height:140px;\">\n\t\t\t\t\t\t\t\t\t\t\t\t\t\t\t\t\t\t\t\t\t\t\t\t\t\t\t<a rel=\"gallery_fancybox_83538\" href=\"https:\/\/sp1slupsk.pl\/wp-content\/uploads\/2023\/10\/382457355_790875652839846_2841365543625375819_n-1024x696.jpg\" title=\"dru\u017cyna biegaczy z naszej szko\u0142y wystartowa\u0142a w VIII Biegu prze\u0142ajowym im.chor.szt. Tadeusza Kloskowskiego - by\u0142a to inicjatywa fundacji &quot;Sub Ventum&quot; na rzecz bezdomnych.\">\n\t\t\t\t\t\t\t\t\t\t\t\t\t\t\t<img style=\"width:160px;height:120px; border-width: 10px; border-color:#F1F1F1;border: 10px solid #F1F1F1\" alt=\"\" title=\"dru\u017cyna biegaczy z naszej szko\u0142y wystartowa\u0142a w VIII Biegu prze\u0142ajowym im.chor.szt. Tadeusza Kloskowskiego - by\u0142a to inicjatywa fundacji &quot;Sub Ventum&quot; na rzecz bezdomnych.\" src=\"https:\/\/sp1slupsk.pl\/wp-content\/uploads\/2023\/10\/382457355_790875652839846_2841365543625375819_n-160x120.jpg\" rel=\"https:\/\/sp1slupsk.pl\/wp-content\/uploads\/2023\/10\/382457355_790875652839846_2841365543625375819_n.jpg\" \/>\n\t\t\t\t\t\t\t\t\t\t\t\t\t\t<\/a>\n\t\t\t\t\t\t\t\t\t\t\t\t\t\t\t\t\t\t\t\t\t\t\t\t\t<\/p>\n\t\t\t\t\t\t\t\t\t\t\t\t\t\t\t\t\t\t\t\t\t\t\t<\/div><!-- .gllr_image_block -->\n\t\t\t\t\t\t\t\t\t\t\t\t\t\t\t\t\t\t\t\t\t<div class=\"gllr_image_block\">\n\t\t\t\t\t\t\t\t\t\t\t\t<p style=\"width:180px;height:140px;\">\n\t\t\t\t\t\t\t\t\t\t\t\t\t\t\t\t\t\t\t\t\t\t\t\t\t\t\t<a rel=\"gallery_fancybox_83538\" href=\"https:\/\/sp1slupsk.pl\/wp-content\/uploads\/2023\/10\/382470789_790875602839851_7610362292144588274_n-1024x461.jpg\" title=\"dru\u017cyna biegaczy z naszej szko\u0142y wystartowa\u0142a w VIII Biegu prze\u0142ajowym im.chor.szt. Tadeusza Kloskowskiego - by\u0142a to inicjatywa fundacji &quot;Sub Ventum&quot; na rzecz bezdomnych.\">\n\t\t\t\t\t\t\t\t\t\t\t\t\t\t\t<img style=\"width:160px;height:120px; border-width: 10px; border-color:#F1F1F1;border: 10px solid #F1F1F1\" alt=\"\" title=\"dru\u017cyna biegaczy z naszej szko\u0142y wystartowa\u0142a w VIII Biegu prze\u0142ajowym im.chor.szt. Tadeusza Kloskowskiego - by\u0142a to inicjatywa fundacji &quot;Sub Ventum&quot; na rzecz bezdomnych.\" src=\"https:\/\/sp1slupsk.pl\/wp-content\/uploads\/2023\/10\/382470789_790875602839851_7610362292144588274_n-160x120.jpg\" rel=\"https:\/\/sp1slupsk.pl\/wp-content\/uploads\/2023\/10\/382470789_790875602839851_7610362292144588274_n.jpg\" \/>\n\t\t\t\t\t\t\t\t\t\t\t\t\t\t<\/a>\n\t\t\t\t\t\t\t\t\t\t\t\t\t\t\t\t\t\t\t\t\t\t\t\t\t<\/p>\n\t\t\t\t\t\t\t\t\t\t\t\t\t\t\t\t\t\t\t\t\t\t\t<\/div><!-- .gllr_image_block -->\n\t\t\t\t\t\t\t\t\t\t\t\t\t\t\t\t\t\t\t\t\t<div class=\"gllr_image_block\">\n\t\t\t\t\t\t\t\t\t\t\t\t<p style=\"width:180px;height:140px;\">\n\t\t\t\t\t\t\t\t\t\t\t\t\t\t\t\t\t\t\t\t\t\t\t\t\t\t\t<a rel=\"gallery_fancybox_83538\" href=\"https:\/\/sp1slupsk.pl\/wp-content\/uploads\/2023\/10\/383391580_790875716173173_7591524846506129549_n-473x1024.jpg\" title=\"dru\u017cyna biegaczy z naszej szko\u0142y wystartowa\u0142a w VIII Biegu prze\u0142ajowym im.chor.szt. Tadeusza Kloskowskiego - by\u0142a to inicjatywa fundacji &quot;Sub Ventum&quot; na rzecz bezdomnych.\">\n\t\t\t\t\t\t\t\t\t\t\t\t\t\t\t<img style=\"width:160px;height:120px; border-width: 10px; border-color:#F1F1F1;border: 10px solid #F1F1F1\" alt=\"\" title=\"dru\u017cyna biegaczy z naszej szko\u0142y wystartowa\u0142a w VIII Biegu prze\u0142ajowym im.chor.szt. Tadeusza Kloskowskiego - by\u0142a to inicjatywa fundacji &quot;Sub Ventum&quot; na rzecz bezdomnych.\" src=\"https:\/\/sp1slupsk.pl\/wp-content\/uploads\/2023\/10\/383391580_790875716173173_7591524846506129549_n-160x120.jpg\" rel=\"https:\/\/sp1slupsk.pl\/wp-content\/uploads\/2023\/10\/383391580_790875716173173_7591524846506129549_n.jpg\" \/>\n\t\t\t\t\t\t\t\t\t\t\t\t\t\t<\/a>\n\t\t\t\t\t\t\t\t\t\t\t\t\t\t\t\t\t\t\t\t\t\t\t\t\t<\/p>\n\t\t\t\t\t\t\t\t\t\t\t\t\t\t\t\t\t\t\t\t\t\t\t<\/div><!-- .gllr_image_block -->\n\t\t\t\t\t\t\t\t\t\t\t\t\t\t\t\t\t\t\t\t\t<\/div><!-- .gllr_image_row -->\n\t\t\t\t\t\t\t\t\t\t\t\t\t\t\t\t\t\t\t\t\t<div class=\"gllr_image_row\">\n\t\t\t\t\t\t\t\t\t\t\t\t\t\t\t\t\t\t\t\t\t<div class=\"gllr_image_block\">\n\t\t\t\t\t\t\t\t\t\t\t\t<p style=\"width:180px;height:140px;\">\n\t\t\t\t\t\t\t\t\t\t\t\t\t\t\t\t\t\t\t\t\t\t\t\t\t\t\t<a rel=\"gallery_fancybox_83538\" href=\"https:\/\/sp1slupsk.pl\/wp-content\/uploads\/2023\/10\/382489851_790875746173170_338573862371442695_n-1024x473.jpg\" title=\"dru\u017cyna biegaczy z naszej szko\u0142y wystartowa\u0142a w VIII Biegu prze\u0142ajowym im.chor.szt. Tadeusza Kloskowskiego - by\u0142a to inicjatywa fundacji &quot;Sub Ventum&quot; na rzecz bezdomnych.\">\n\t\t\t\t\t\t\t\t\t\t\t\t\t\t\t<img style=\"width:160px;height:120px; border-width: 10px; border-color:#F1F1F1;border: 10px solid #F1F1F1\" alt=\"\" title=\"dru\u017cyna biegaczy z naszej szko\u0142y wystartowa\u0142a w VIII Biegu prze\u0142ajowym im.chor.szt. Tadeusza Kloskowskiego - by\u0142a to inicjatywa fundacji &quot;Sub Ventum&quot; na rzecz bezdomnych.\" src=\"https:\/\/sp1slupsk.pl\/wp-content\/uploads\/2023\/10\/382489851_790875746173170_338573862371442695_n-160x120.jpg\" rel=\"https:\/\/sp1slupsk.pl\/wp-content\/uploads\/2023\/10\/382489851_790875746173170_338573862371442695_n.jpg\" \/>\n\t\t\t\t\t\t\t\t\t\t\t\t\t\t<\/a>\n\t\t\t\t\t\t\t\t\t\t\t\t\t\t\t\t\t\t\t\t\t\t\t\t\t<\/p>\n\t\t\t\t\t\t\t\t\t\t\t\t\t\t\t\t\t\t\t\t\t\t\t<\/div><!-- .gllr_image_block -->\n\t\t\t\t\t\t\t\t\t\t\t\t\t\t\t\t\t\t\t\t\t<div class=\"gllr_image_block\">\n\t\t\t\t\t\t\t\t\t\t\t\t<p style=\"width:180px;height:140px;\">\n\t\t\t\t\t\t\t\t\t\t\t\t\t\t\t\t\t\t\t\t\t\t\t\t\t\t\t<a rel=\"gallery_fancybox_83538\" href=\"https:\/\/sp1slupsk.pl\/wp-content\/uploads\/2023\/10\/383084661_790875532839858_6247757245886733283_n-768x1024.jpg\" title=\"dru\u017cyna biegaczy z naszej szko\u0142y wystartowa\u0142a w VIII Biegu prze\u0142ajowym im.chor.szt. Tadeusza Kloskowskiego - by\u0142a to inicjatywa fundacji &quot;Sub Ventum&quot; na rzecz bezdomnych.\">\n\t\t\t\t\t\t\t\t\t\t\t\t\t\t\t<img style=\"width:160px;height:120px; border-width: 10px; border-color:#F1F1F1;border: 10px solid #F1F1F1\" alt=\"\" title=\"dru\u017cyna biegaczy z naszej szko\u0142y wystartowa\u0142a w VIII Biegu prze\u0142ajowym im.chor.szt. Tadeusza Kloskowskiego - by\u0142a to inicjatywa fundacji &quot;Sub Ventum&quot; na rzecz bezdomnych.\" src=\"https:\/\/sp1slupsk.pl\/wp-content\/uploads\/2023\/10\/383084661_790875532839858_6247757245886733283_n-160x120.jpg\" rel=\"https:\/\/sp1slupsk.pl\/wp-content\/uploads\/2023\/10\/383084661_790875532839858_6247757245886733283_n.jpg\" \/>\n\t\t\t\t\t\t\t\t\t\t\t\t\t\t<\/a>\n\t\t\t\t\t\t\t\t\t\t\t\t\t\t\t\t\t\t\t\t\t\t\t\t\t<\/p>\n\t\t\t\t\t\t\t\t\t\t\t\t\t\t\t\t\t\t\t\t\t\t\t<\/div><!-- .gllr_image_block -->\n\t\t\t\t\t\t\t\t\t\t\t\t\t\t\t\t\t\t\t\t\t<div class=\"gllr_image_block\">\n\t\t\t\t\t\t\t\t\t\t\t\t<p style=\"width:180px;height:140px;\">\n\t\t\t\t\t\t\t\t\t\t\t\t\t\t\t\t\t\t\t\t\t\t\t\t\t\t\t<a rel=\"gallery_fancybox_83538\" href=\"https:\/\/sp1slupsk.pl\/wp-content\/uploads\/2023\/10\/382475707_790875622839849_1589034304356282883_n-770x1024.jpg\" title=\"dru\u017cyna biegaczy z naszej szko\u0142y wystartowa\u0142a w VIII Biegu prze\u0142ajowym im.chor.szt. Tadeusza Kloskowskiego - by\u0142a to inicjatywa fundacji &quot;Sub Ventum&quot; na rzecz bezdomnych.\">\n\t\t\t\t\t\t\t\t\t\t\t\t\t\t\t<img style=\"width:160px;height:120px; border-width: 10px; border-color:#F1F1F1;border: 10px solid #F1F1F1\" alt=\"\" title=\"dru\u017cyna biegaczy z naszej szko\u0142y wystartowa\u0142a w VIII Biegu prze\u0142ajowym im.chor.szt. Tadeusza Kloskowskiego - by\u0142a to inicjatywa fundacji &quot;Sub Ventum&quot; na rzecz bezdomnych.\" src=\"https:\/\/sp1slupsk.pl\/wp-content\/uploads\/2023\/10\/382475707_790875622839849_1589034304356282883_n-160x120.jpg\" rel=\"https:\/\/sp1slupsk.pl\/wp-content\/uploads\/2023\/10\/382475707_790875622839849_1589034304356282883_n.jpg\" \/>\n\t\t\t\t\t\t\t\t\t\t\t\t\t\t<\/a>\n\t\t\t\t\t\t\t\t\t\t\t\t\t\t\t\t\t\t\t\t\t\t\t\t\t<\/p>\n\t\t\t\t\t\t\t\t\t\t\t\t\t\t\t\t\t\t\t\t\t\t\t<\/div><!-- .gllr_image_block -->\n\t\t\t\t\t\t\t\t\t\t\t\t\t\t\t\t\t\t\t\t\t<\/div><!-- .gllr_image_row -->\n\t\t\t\t\t\t\t\t\t\t\t\t\t\t\t\t\t\t\t\t\t<div class=\"gllr_image_row\">\n\t\t\t\t\t\t\t\t\t\t\t\t\t\t\t\t\t\t\t\t\t<div class=\"gllr_image_block\">\n\t\t\t\t\t\t\t\t\t\t\t\t<p style=\"width:180px;height:140px;\">\n\t\t\t\t\t\t\t\t\t\t\t\t\t\t\t\t\t\t\t\t\t\t\t\t\t\t\t<a rel=\"gallery_fancybox_83538\" href=\"https:\/\/sp1slupsk.pl\/wp-content\/uploads\/2023\/10\/382455803_790875542839857_4474049894874979314_n-1024x768.jpg\" title=\"dru\u017cyna biegaczy z naszej szko\u0142y wystartowa\u0142a w VIII Biegu prze\u0142ajowym im.chor.szt. Tadeusza Kloskowskiego - by\u0142a to inicjatywa fundacji &quot;Sub Ventum&quot; na rzecz bezdomnych.\">\n\t\t\t\t\t\t\t\t\t\t\t\t\t\t\t<img style=\"width:160px;height:120px; border-width: 10px; border-color:#F1F1F1;border: 10px solid #F1F1F1\" alt=\"\" title=\"dru\u017cyna biegaczy z naszej szko\u0142y wystartowa\u0142a w VIII Biegu prze\u0142ajowym im.chor.szt. Tadeusza Kloskowskiego - by\u0142a to inicjatywa fundacji &quot;Sub Ventum&quot; na rzecz bezdomnych.\" src=\"https:\/\/sp1slupsk.pl\/wp-content\/uploads\/2023\/10\/382455803_790875542839857_4474049894874979314_n-160x120.jpg\" rel=\"https:\/\/sp1slupsk.pl\/wp-content\/uploads\/2023\/10\/382455803_790875542839857_4474049894874979314_n.jpg\" \/>\n\t\t\t\t\t\t\t\t\t\t\t\t\t\t<\/a>\n\t\t\t\t\t\t\t\t\t\t\t\t\t\t\t\t\t\t\t\t\t\t\t\t\t<\/p>\n\t\t\t\t\t\t\t\t\t\t\t\t\t\t\t\t\t\t\t\t\t\t\t<\/div><!-- .gllr_image_block -->\n\t\t\t\t\t\t\t\t\t\t\t\t\t\t\t\t\t\t\t\t\t<div class=\"gllr_image_block\">\n\t\t\t\t\t\t\t\t\t\t\t\t<p style=\"width:180px;height:140px;\">\n\t\t\t\t\t\t\t\t\t\t\t\t\t\t\t\t\t\t\t\t\t\t\t\t\t\t\t<a rel=\"gallery_fancybox_83538\" href=\"https:\/\/sp1slupsk.pl\/wp-content\/uploads\/2023\/10\/382461046_790876242839787_2781215892494910743_n-1024x619.jpg\" title=\"dru\u017cyna biegaczy z naszej szko\u0142y wystartowa\u0142a w VIII Biegu prze\u0142ajowym im.chor.szt. Tadeusza Kloskowskiego - by\u0142a to inicjatywa fundacji &quot;Sub Ventum&quot; na rzecz bezdomnych.\">\n\t\t\t\t\t\t\t\t\t\t\t\t\t\t\t<img style=\"width:160px;height:120px; border-width: 10px; border-color:#F1F1F1;border: 10px solid #F1F1F1\" alt=\"\" title=\"dru\u017cyna biegaczy z naszej szko\u0142y wystartowa\u0142a w VIII Biegu prze\u0142ajowym im.chor.szt. Tadeusza Kloskowskiego - by\u0142a to inicjatywa fundacji &quot;Sub Ventum&quot; na rzecz bezdomnych.\" src=\"https:\/\/sp1slupsk.pl\/wp-content\/uploads\/2023\/10\/382461046_790876242839787_2781215892494910743_n-160x120.jpg\" rel=\"https:\/\/sp1slupsk.pl\/wp-content\/uploads\/2023\/10\/382461046_790876242839787_2781215892494910743_n.jpg\" \/>\n\t\t\t\t\t\t\t\t\t\t\t\t\t\t<\/a>\n\t\t\t\t\t\t\t\t\t\t\t\t\t\t\t\t\t\t\t\t\t\t\t\t\t<\/p>\n\t\t\t\t\t\t\t\t\t\t\t\t\t\t\t\t\t\t\t\t\t\t\t<\/div><!-- .gllr_image_block -->\n\t\t\t\t\t\t\t\t\t\t\t\t\t\t\t\t\t\t\t\t<\/div><!-- .gllr_image_row -->\n\t\t\t\t\t\t\t\t\t\t\t\t\t\t\t\t\t<\/div><!-- .gallery.clearfix -->\n\t\t\t\t\t\t\t\t\t\t\t\t\t<\/div><!-- .gallery_box_single -->\n\t\t\t\t\t\t<div class=\"gllr_clear\"><\/div>\n\t\t\t\t\t\t\t\t\t<script type=\"text\/javascript\">\n\t\t\t\t\t(function($) {\n\t\t\t\t\t\t$(document).ready( function() {\n\t\t\t\t\t\t\t$( \"a[rel=gallery_fancybox_83538]\" ).fancybox( {\n\t\t\t\t\t\t\t\t'transitionIn'\t\t:\t'elastic',\n\t\t\t\t\t\t\t\t'transitionOut'\t\t:\t'elastic',\n\t\t\t\t\t\t\t\t'titlePosition' \t:\t'inside',\n\t\t\t\t\t\t\t\t'speedIn'\t\t\t:\t500, \n\t\t\t\t\t\t\t\t'speedOut'\t\t\t:\t300,\n\t\t\t\t\t\t\t\t'titleFormat'\t\t:\tfunction( title, currentArray, currentIndex, currentOpts ) {\n\t\t\t\t\t\t\t\t\treturn '<div id=\"fancybox-title-inside\">' + ( title.length ? '<span id=\"bws_gallery_image_title\">' + title + '<\/span><br \/>' : '' ) + '<span id=\"bws_gallery_image_counter\">Image ' + ( currentIndex + 1 ) + ' \/ ' + currentArray.length + '<\/span><\/div>';\n\t\t\t\t\t\t\t\t}\t\t\t\t\t\t\t});\n\t\t\t\t\t\t});\n\t\t\t\t\t})(jQuery);\n\t\t\t\t<\/script>\n\t\t\t\n","protected":false},"excerpt":{"rendered":"<p>W sobotni poranek 23 wrze\u015bnia dru\u017cyna biegaczy z naszej szko\u0142y wystartowa\u0142a w VIII Biegu prze\u0142ajowym im.chor.szt. Tadeusza Kloskowskiego &#8211; by\u0142a to inicjatywa fundacji &#8222;Sub Ventum&#8221; na rzecz bezdomnych. Nasi uczniowie wsparli t\u0119 akcj\u0119 przynosz\u0105c \u015brodki czysto\u015bci a przy okazji aktywnie sp\u0119dzili czas! Jedna z naszych biegaczek &#8211; Karina Sh. z klasy VI b wywalczy\u0142a 3 <a href=\"https:\/\/sp1slupsk.pl\/?gallery=dar-serca-dla-alberciakow\"><b>&#8230;wi\u0119cej<\/b><\/a><\/p>\n","protected":false},"author":1,"featured_media":83545,"comment_status":"closed","ping_status":"closed","sticky":false,"template":"","format":"standard","meta":[],"categories":[22,23],"tags":[],"_links":{"self":[{"href":"https:\/\/sp1slupsk.pl\/index.php?rest_route=\/wp\/v2\/posts\/83539"}],"collection":[{"href":"https:\/\/sp1slupsk.pl\/index.php?rest_route=\/wp\/v2\/posts"}],"about":[{"href":"https:\/\/sp1slupsk.pl\/index.php?rest_route=\/wp\/v2\/types\/post"}],"author":[{"embeddable":true,"href":"https:\/\/sp1slupsk.pl\/index.php?rest_route=\/wp\/v2\/users\/1"}],"replies":[{"embeddable":true,"href":"https:\/\/sp1slupsk.pl\/index.php?rest_route=%2Fwp%2Fv2%2Fcomments&post=83539"}],"version-history":[{"count":3,"href":"https:\/\/sp1slupsk.pl\/index.php?rest_route=\/wp\/v2\/posts\/83539\/revisions"}],"predecessor-version":[{"id":83550,"href":"https:\/\/sp1slupsk.pl\/index.php?rest_route=\/wp\/v2\/posts\/83539\/revisions\/83550"}],"wp:featuredmedia":[{"embeddable":true,"href":"https:\/\/sp1slupsk.pl\/index.php?rest_route=\/wp\/v2\/media\/83545"}],"wp:attachment":[{"href":"https:\/\/sp1slupsk.pl\/index.php?rest_route=%2Fwp%2Fv2%2Fmedia&parent=83539"}],"wp:term":[{"taxonomy":"category","embeddable":true,"href":"https:\/\/sp1slupsk.pl\/index.php?rest_route=%2Fwp%2Fv2%2Fcategories&post=83539"},{"taxonomy":"post_tag","embeddable":true,"href":"https:\/\/sp1slupsk.pl\/index.php?rest_route=%2Fwp%2Fv2%2Ftags&post=83539"}],"curies":[{"name":"wp","href":"https:\/\/api.w.org\/{rel}","templated":true}]}}