{"id":83608,"date":"2023-09-04T21:29:00","date_gmt":"2023-09-04T19:29:00","guid":{"rendered":"http:\/\/sp1slupsk.pl\/?p=83608"},"modified":"2023-10-03T22:12:16","modified_gmt":"2023-10-03T20:12:16","slug":"miejska-inauguracja-roku-szkolnego","status":"publish","type":"post","link":"https:\/\/sp1slupsk.pl\/?p=83608","title":{"rendered":"Miejska Inauguracja Roku Szkolnego"},"content":{"rendered":"\n<p>Miejska Inauguracja Roku Szkolnego w murach naszej Jedynki<\/p>\n\n\n\n<p>Ju\u017c 79 raz w naszej Jedynce wybrzmia\u0142 pierwszy dzwonek, og\u0142aszaj\u0105cy rozpocz\u0119cie roku szkolnego. Tym razem by\u0142o to wyj\u0105tkowe wydarzenie, poniewa\u017c jako gospodarz miejskich uroczysto\u015bci, mieli\u015bmy przyjemno\u015b\u0107 go\u015bci\u0107 znamienitych przedstawicieli w\u0142adz S\u0142upska oraz instytucji o\u015bwiatowych. Pani Prezydent w swoim przem\u00f3wieniu skierowa\u0142a wiele ciep\u0142ych s\u0142\u00f3w pod adresem nauczycieli oraz uczni\u00f3w i ich rodzic\u00f3w. Szczeg\u00f3lnie wzruszaj\u0105cym momentem uroczysto\u015bci by\u0142o \u015blubowanie oraz pasowanie pierwszoklasist\u00f3w, kt\u00f3rzy rozpocz\u0119li swoj\u0105 edukacyjn\u0105 podr\u00f3\u017c w naszej szkole. Nie zabrak\u0142o tak\u017ce wyst\u0119p\u00f3w artystycznych. Wyj\u0105tkow\u0105 atmosfer\u0119 podczas swoistego minikoncertu stworzy\u0142 szkolny zesp\u00f3\u0142 &#8222;Jedynki&#8221;, kt\u00f3ry wraz z naszym absolwentem Maksymilianem Pyzio oraz Pani\u0105 Dari\u0105 Korowajczyk dostarczy\u0142 widowni wielu pozytywnych emocji. To by\u0142a prawdziwa uczta dla (d)ucha! Kochani Uczniowie, Drodzy Rodzice, Wspaniali Nauczyciele! Cieszymy si\u0119, \u017ce jeste\u015bcie z nami. Niech ten nowy rok przyniesie nam wszystko, co najlepsze. Do zobaczenia w naszej Jedynce!<\/p>\n\n\n\n<p><a rel=\"noreferrer noopener\" href=\"https:\/\/gp24.pl\/slupscy-uczniowie-wrocili-do-szkol-miejska-inauguracja-roku-szkolnego-w-szkole-podstawowej-nr-1-zdjecia\/ar\/c1-17859135?fbclid=IwAR3LzGyNxclWVZv_vblDQ56HVTixLK-hLKjBkGEX9NzT0P_mfWiNhPyBGzU\" data-type=\"URL\" data-id=\"https:\/\/gp24.pl\/slupscy-uczniowie-wrocili-do-szkol-miejska-inauguracja-roku-szkolnego-w-szkole-podstawowej-nr-1-zdjecia\/ar\/c1-17859135?fbclid=IwAR3LzGyNxclWVZv_vblDQ56HVTixLK-hLKjBkGEX9NzT0P_mfWiNhPyBGzU\" target=\"_blank\"><em><span class=\"has-inline-color has-black-color\"><strong>pisz\u0105 o nas&#8230;<\/strong><\/span><\/em><\/a><\/p>\n\n\n\n<p><em><a href=\"https:\/\/radiogdansk.pl\/wiadomosci\/region\/slupsk\/2023\/09\/04\/inauguracja-roku-szkolnego-w-slupsku-pasowanie-pierwszych-klas-w-sp1-wideo\/?fbclid=IwAR2FT1an4Rzxj0_07Tb_tkjZN6sWaCMgFpLZTYPHAzoA-FH4Sn-VrUDgUDQ\" data-type=\"URL\" data-id=\"https:\/\/radiogdansk.pl\/wiadomosci\/region\/slupsk\/2023\/09\/04\/inauguracja-roku-szkolnego-w-slupsku-pasowanie-pierwszych-klas-w-sp1-wideo\/?fbclid=IwAR2FT1an4Rzxj0_07Tb_tkjZN6sWaCMgFpLZTYPHAzoA-FH4Sn-VrUDgUDQ\"><span class=\"has-inline-color has-black-color\"><strong>pisz\u0105 o nas&#8230;<\/strong><\/span><\/a><\/em><\/p>\n\n\n\n\t\t\t\t\t\t<div class=\"gallery_box_single\">\n\t\t\t\t\t\t\t\t\t\t\t\t\t\t\t<div class=\"gallery clearfix\">\n\t\t\t\t\t\t\t\t\t\t\t\t\t\t\t\t\t\t\t\t<div class=\"gllr_image_row\">\n\t\t\t\t\t\t\t\t\t\t\t\t\t\t\t\t\t\t\t\t\t<div class=\"gllr_image_block\">\n\t\t\t\t\t\t\t\t\t\t\t\t<p style=\"width:180px;height:140px;\">\n\t\t\t\t\t\t\t\t\t\t\t\t\t\t\t\t\t\t\t\t\t\t\t\t\t\t\t<a rel=\"gallery_fancybox_83609\" href=\"https:\/\/sp1slupsk.pl\/wp-content\/uploads\/2023\/09\/375582289_780241743903237_290181354638645505_n-1024x768.jpg\" title=\"Miejska Inauguracja Roku Szkolnego w murach naszej Jedynki\">\n\t\t\t\t\t\t\t\t\t\t\t\t\t\t\t<img style=\"width:160px;height:120px; border-width: 10px; border-color:#F1F1F1;border: 10px solid #F1F1F1\" alt=\"\" title=\"Miejska Inauguracja Roku Szkolnego w murach naszej Jedynki\" src=\"https:\/\/sp1slupsk.pl\/wp-content\/uploads\/2023\/09\/375582289_780241743903237_290181354638645505_n-160x120.jpg\" rel=\"https:\/\/sp1slupsk.pl\/wp-content\/uploads\/2023\/09\/375582289_780241743903237_290181354638645505_n.jpg\" \/>\n\t\t\t\t\t\t\t\t\t\t\t\t\t\t<\/a>\n\t\t\t\t\t\t\t\t\t\t\t\t\t\t\t\t\t\t\t\t\t\t\t\t\t<\/p>\n\t\t\t\t\t\t\t\t\t\t\t\t\t\t\t\t\t\t\t\t\t\t\t<\/div><!-- .gllr_image_block -->\n\t\t\t\t\t\t\t\t\t\t\t\t\t\t\t\t\t\t\t\t\t<div class=\"gllr_image_block\">\n\t\t\t\t\t\t\t\t\t\t\t\t<p style=\"width:180px;height:140px;\">\n\t\t\t\t\t\t\t\t\t\t\t\t\t\t\t\t\t\t\t\t\t\t\t\t\t\t\t<a rel=\"gallery_fancybox_83609\" href=\"https:\/\/sp1slupsk.pl\/wp-content\/uploads\/2023\/09\/372830191_977394066862579_1676132497924449721_n-1024x769.jpg\" title=\"Miejska Inauguracja Roku Szkolnego w murach naszej Jedynki\">\n\t\t\t\t\t\t\t\t\t\t\t\t\t\t\t<img style=\"width:160px;height:120px; border-width: 10px; border-color:#F1F1F1;border: 10px solid #F1F1F1\" alt=\"\" title=\"Miejska Inauguracja Roku Szkolnego w murach naszej Jedynki\" src=\"https:\/\/sp1slupsk.pl\/wp-content\/uploads\/2023\/09\/372830191_977394066862579_1676132497924449721_n-160x120.jpg\" rel=\"https:\/\/sp1slupsk.pl\/wp-content\/uploads\/2023\/09\/372830191_977394066862579_1676132497924449721_n.jpg\" \/>\n\t\t\t\t\t\t\t\t\t\t\t\t\t\t<\/a>\n\t\t\t\t\t\t\t\t\t\t\t\t\t\t\t\t\t\t\t\t\t\t\t\t\t<\/p>\n\t\t\t\t\t\t\t\t\t\t\t\t\t\t\t\t\t\t\t\t\t\t\t<\/div><!-- .gllr_image_block -->\n\t\t\t\t\t\t\t\t\t\t\t\t\t\t\t\t\t\t\t\t\t<div class=\"gllr_image_block\">\n\t\t\t\t\t\t\t\t\t\t\t\t<p style=\"width:180px;height:140px;\">\n\t\t\t\t\t\t\t\t\t\t\t\t\t\t\t\t\t\t\t\t\t\t\t\t\t\t\t<a rel=\"gallery_fancybox_83609\" href=\"https:\/\/sp1slupsk.pl\/wp-content\/uploads\/2023\/09\/373283130_829016658762057_7842916779116091934_n-1024x769.jpg\" title=\"Miejska Inauguracja Roku Szkolnego w murach naszej Jedynki\">\n\t\t\t\t\t\t\t\t\t\t\t\t\t\t\t<img style=\"width:160px;height:120px; border-width: 10px; border-color:#F1F1F1;border: 10px solid #F1F1F1\" alt=\"\" title=\"Miejska Inauguracja Roku Szkolnego w murach naszej Jedynki\" src=\"https:\/\/sp1slupsk.pl\/wp-content\/uploads\/2023\/09\/373283130_829016658762057_7842916779116091934_n-160x120.jpg\" rel=\"https:\/\/sp1slupsk.pl\/wp-content\/uploads\/2023\/09\/373283130_829016658762057_7842916779116091934_n.jpg\" \/>\n\t\t\t\t\t\t\t\t\t\t\t\t\t\t<\/a>\n\t\t\t\t\t\t\t\t\t\t\t\t\t\t\t\t\t\t\t\t\t\t\t\t\t<\/p>\n\t\t\t\t\t\t\t\t\t\t\t\t\t\t\t\t\t\t\t\t\t\t\t<\/div><!-- .gllr_image_block -->\n\t\t\t\t\t\t\t\t\t\t\t\t\t\t\t\t\t\t\t\t\t<\/div><!-- .gllr_image_row -->\n\t\t\t\t\t\t\t\t\t\t\t\t\t\t\t\t\t\t\t\t\t<div class=\"gllr_image_row\">\n\t\t\t\t\t\t\t\t\t\t\t\t\t\t\t\t\t\t\t\t\t<div class=\"gllr_image_block\">\n\t\t\t\t\t\t\t\t\t\t\t\t<p style=\"width:180px;height:140px;\">\n\t\t\t\t\t\t\t\t\t\t\t\t\t\t\t\t\t\t\t\t\t\t\t\t\t\t\t<a rel=\"gallery_fancybox_83609\" href=\"https:\/\/sp1slupsk.pl\/wp-content\/uploads\/2023\/09\/372900991_833747511786976_8178249049611270445_n-1024x769.jpg\" title=\"Miejska Inauguracja Roku Szkolnego w murach naszej Jedynki\">\n\t\t\t\t\t\t\t\t\t\t\t\t\t\t\t<img style=\"width:160px;height:120px; border-width: 10px; border-color:#F1F1F1;border: 10px solid #F1F1F1\" alt=\"\" title=\"Miejska Inauguracja Roku Szkolnego w murach naszej Jedynki\" src=\"https:\/\/sp1slupsk.pl\/wp-content\/uploads\/2023\/09\/372900991_833747511786976_8178249049611270445_n-160x120.jpg\" rel=\"https:\/\/sp1slupsk.pl\/wp-content\/uploads\/2023\/09\/372900991_833747511786976_8178249049611270445_n.jpg\" \/>\n\t\t\t\t\t\t\t\t\t\t\t\t\t\t<\/a>\n\t\t\t\t\t\t\t\t\t\t\t\t\t\t\t\t\t\t\t\t\t\t\t\t\t<\/p>\n\t\t\t\t\t\t\t\t\t\t\t\t\t\t\t\t\t\t\t\t\t\t\t<\/div><!-- .gllr_image_block -->\n\t\t\t\t\t\t\t\t\t\t\t\t\t\t\t\t\t\t\t\t\t<div class=\"gllr_image_block\">\n\t\t\t\t\t\t\t\t\t\t\t\t<p style=\"width:180px;height:140px;\">\n\t\t\t\t\t\t\t\t\t\t\t\t\t\t\t\t\t\t\t\t\t\t\t\t\t\t\t<a rel=\"gallery_fancybox_83609\" href=\"https:\/\/sp1slupsk.pl\/wp-content\/uploads\/2023\/09\/373072185_836692644536715_3413403427101136293_n-1024x769.jpg\" title=\"Miejska Inauguracja Roku Szkolnego w murach naszej Jedynki\">\n\t\t\t\t\t\t\t\t\t\t\t\t\t\t\t<img style=\"width:160px;height:120px; border-width: 10px; border-color:#F1F1F1;border: 10px solid #F1F1F1\" alt=\"\" title=\"Miejska Inauguracja Roku Szkolnego w murach naszej Jedynki\" src=\"https:\/\/sp1slupsk.pl\/wp-content\/uploads\/2023\/09\/373072185_836692644536715_3413403427101136293_n-160x120.jpg\" rel=\"https:\/\/sp1slupsk.pl\/wp-content\/uploads\/2023\/09\/373072185_836692644536715_3413403427101136293_n.jpg\" \/>\n\t\t\t\t\t\t\t\t\t\t\t\t\t\t<\/a>\n\t\t\t\t\t\t\t\t\t\t\t\t\t\t\t\t\t\t\t\t\t\t\t\t\t<\/p>\n\t\t\t\t\t\t\t\t\t\t\t\t\t\t\t\t\t\t\t\t\t\t\t<\/div><!-- .gllr_image_block -->\n\t\t\t\t\t\t\t\t\t\t\t\t\t\t\t\t\t\t\t\t\t<div class=\"gllr_image_block\">\n\t\t\t\t\t\t\t\t\t\t\t\t<p style=\"width:180px;height:140px;\">\n\t\t\t\t\t\t\t\t\t\t\t\t\t\t\t\t\t\t\t\t\t\t\t\t\t\t\t<a rel=\"gallery_fancybox_83609\" href=\"https:\/\/sp1slupsk.pl\/wp-content\/uploads\/2023\/09\/372860155_962315481512441_4232480294344299000_n-1024x769.jpg\" title=\"Miejska Inauguracja Roku Szkolnego w murach naszej Jedynki\">\n\t\t\t\t\t\t\t\t\t\t\t\t\t\t\t<img style=\"width:160px;height:120px; border-width: 10px; border-color:#F1F1F1;border: 10px solid #F1F1F1\" alt=\"\" title=\"Miejska Inauguracja Roku Szkolnego w murach naszej Jedynki\" src=\"https:\/\/sp1slupsk.pl\/wp-content\/uploads\/2023\/09\/372860155_962315481512441_4232480294344299000_n-160x120.jpg\" rel=\"https:\/\/sp1slupsk.pl\/wp-content\/uploads\/2023\/09\/372860155_962315481512441_4232480294344299000_n.jpg\" \/>\n\t\t\t\t\t\t\t\t\t\t\t\t\t\t<\/a>\n\t\t\t\t\t\t\t\t\t\t\t\t\t\t\t\t\t\t\t\t\t\t\t\t\t<\/p>\n\t\t\t\t\t\t\t\t\t\t\t\t\t\t\t\t\t\t\t\t\t\t\t<\/div><!-- .gllr_image_block -->\n\t\t\t\t\t\t\t\t\t\t\t\t\t\t\t\t\t\t\t\t\t<\/div><!-- .gllr_image_row -->\n\t\t\t\t\t\t\t\t\t\t\t\t\t\t\t\t\t\t\t\t\t<div class=\"gllr_image_row\">\n\t\t\t\t\t\t\t\t\t\t\t\t\t\t\t\t\t\t\t\t\t<div class=\"gllr_image_block\">\n\t\t\t\t\t\t\t\t\t\t\t\t<p style=\"width:180px;height:140px;\">\n\t\t\t\t\t\t\t\t\t\t\t\t\t\t\t\t\t\t\t\t\t\t\t\t\t\t\t<a rel=\"gallery_fancybox_83609\" href=\"https:\/\/sp1slupsk.pl\/wp-content\/uploads\/2023\/09\/373465065_840253657704594_4075360891336362195_n-1024x769.jpg\" title=\"Miejska Inauguracja Roku Szkolnego w murach naszej Jedynki\">\n\t\t\t\t\t\t\t\t\t\t\t\t\t\t\t<img style=\"width:160px;height:120px; border-width: 10px; border-color:#F1F1F1;border: 10px solid #F1F1F1\" alt=\"\" title=\"Miejska Inauguracja Roku Szkolnego w murach naszej Jedynki\" src=\"https:\/\/sp1slupsk.pl\/wp-content\/uploads\/2023\/09\/373465065_840253657704594_4075360891336362195_n-160x120.jpg\" rel=\"https:\/\/sp1slupsk.pl\/wp-content\/uploads\/2023\/09\/373465065_840253657704594_4075360891336362195_n.jpg\" \/>\n\t\t\t\t\t\t\t\t\t\t\t\t\t\t<\/a>\n\t\t\t\t\t\t\t\t\t\t\t\t\t\t\t\t\t\t\t\t\t\t\t\t\t<\/p>\n\t\t\t\t\t\t\t\t\t\t\t\t\t\t\t\t\t\t\t\t\t\t\t<\/div><!-- .gllr_image_block -->\n\t\t\t\t\t\t\t\t\t\t\t\t\t\t\t\t\t\t\t\t\t<div class=\"gllr_image_block\">\n\t\t\t\t\t\t\t\t\t\t\t\t<p style=\"width:180px;height:140px;\">\n\t\t\t\t\t\t\t\t\t\t\t\t\t\t\t\t\t\t\t\t\t\t\t\t\t\t\t<a rel=\"gallery_fancybox_83609\" href=\"https:\/\/sp1slupsk.pl\/wp-content\/uploads\/2023\/09\/373290162_6275285489266300_4574975856525967655_n-1024x769.jpg\" title=\"Miejska Inauguracja Roku Szkolnego w murach naszej Jedynki\">\n\t\t\t\t\t\t\t\t\t\t\t\t\t\t\t<img style=\"width:160px;height:120px; border-width: 10px; border-color:#F1F1F1;border: 10px solid #F1F1F1\" alt=\"\" title=\"Miejska Inauguracja Roku Szkolnego w murach naszej Jedynki\" src=\"https:\/\/sp1slupsk.pl\/wp-content\/uploads\/2023\/09\/373290162_6275285489266300_4574975856525967655_n-160x120.jpg\" rel=\"https:\/\/sp1slupsk.pl\/wp-content\/uploads\/2023\/09\/373290162_6275285489266300_4574975856525967655_n.jpg\" \/>\n\t\t\t\t\t\t\t\t\t\t\t\t\t\t<\/a>\n\t\t\t\t\t\t\t\t\t\t\t\t\t\t\t\t\t\t\t\t\t\t\t\t\t<\/p>\n\t\t\t\t\t\t\t\t\t\t\t\t\t\t\t\t\t\t\t\t\t\t\t<\/div><!-- .gllr_image_block -->\n\t\t\t\t\t\t\t\t\t\t\t\t\t\t\t\t\t\t\t\t\t<div class=\"gllr_image_block\">\n\t\t\t\t\t\t\t\t\t\t\t\t<p style=\"width:180px;height:140px;\">\n\t\t\t\t\t\t\t\t\t\t\t\t\t\t\t\t\t\t\t\t\t\t\t\t\t\t\t<a rel=\"gallery_fancybox_83609\" href=\"https:\/\/sp1slupsk.pl\/wp-content\/uploads\/2023\/09\/373388405_1361125834484443_2892046045389320976_n-769x1024.jpg\" title=\"Miejska Inauguracja Roku Szkolnego w murach naszej Jedynki\">\n\t\t\t\t\t\t\t\t\t\t\t\t\t\t\t<img style=\"width:160px;height:120px; border-width: 10px; border-color:#F1F1F1;border: 10px solid #F1F1F1\" alt=\"\" title=\"Miejska Inauguracja Roku Szkolnego w murach naszej Jedynki\" src=\"https:\/\/sp1slupsk.pl\/wp-content\/uploads\/2023\/09\/373388405_1361125834484443_2892046045389320976_n-160x120.jpg\" rel=\"https:\/\/sp1slupsk.pl\/wp-content\/uploads\/2023\/09\/373388405_1361125834484443_2892046045389320976_n.jpg\" \/>\n\t\t\t\t\t\t\t\t\t\t\t\t\t\t<\/a>\n\t\t\t\t\t\t\t\t\t\t\t\t\t\t\t\t\t\t\t\t\t\t\t\t\t<\/p>\n\t\t\t\t\t\t\t\t\t\t\t\t\t\t\t\t\t\t\t\t\t\t\t<\/div><!-- .gllr_image_block -->\n\t\t\t\t\t\t\t\t\t\t\t\t\t\t\t\t\t\t\t\t\t<\/div><!-- .gllr_image_row -->\n\t\t\t\t\t\t\t\t\t\t\t\t\t\t\t\t\t\t\t\t\t<div class=\"gllr_image_row\">\n\t\t\t\t\t\t\t\t\t\t\t\t\t\t\t\t\t\t\t\t\t<div class=\"gllr_image_block\">\n\t\t\t\t\t\t\t\t\t\t\t\t<p style=\"width:180px;height:140px;\">\n\t\t\t\t\t\t\t\t\t\t\t\t\t\t\t\t\t\t\t\t\t\t\t\t\t\t\t<a rel=\"gallery_fancybox_83609\" href=\"https:\/\/sp1slupsk.pl\/wp-content\/uploads\/2023\/09\/373033115_987671632438575_5465030010754890856_n-1024x768.jpg\" title=\"Miejska Inauguracja Roku Szkolnego w murach naszej Jedynki\">\n\t\t\t\t\t\t\t\t\t\t\t\t\t\t\t<img style=\"width:160px;height:120px; border-width: 10px; border-color:#F1F1F1;border: 10px solid #F1F1F1\" alt=\"\" title=\"Miejska Inauguracja Roku Szkolnego w murach naszej Jedynki\" src=\"https:\/\/sp1slupsk.pl\/wp-content\/uploads\/2023\/09\/373033115_987671632438575_5465030010754890856_n-160x120.jpg\" rel=\"https:\/\/sp1slupsk.pl\/wp-content\/uploads\/2023\/09\/373033115_987671632438575_5465030010754890856_n.jpg\" \/>\n\t\t\t\t\t\t\t\t\t\t\t\t\t\t<\/a>\n\t\t\t\t\t\t\t\t\t\t\t\t\t\t\t\t\t\t\t\t\t\t\t\t\t<\/p>\n\t\t\t\t\t\t\t\t\t\t\t\t\t\t\t\t\t\t\t\t\t\t\t<\/div><!-- .gllr_image_block -->\n\t\t\t\t\t\t\t\t\t\t\t\t\t\t\t\t\t\t\t\t\t<div class=\"gllr_image_block\">\n\t\t\t\t\t\t\t\t\t\t\t\t<p style=\"width:180px;height:140px;\">\n\t\t\t\t\t\t\t\t\t\t\t\t\t\t\t\t\t\t\t\t\t\t\t\t\t\t\t<a rel=\"gallery_fancybox_83609\" href=\"https:\/\/sp1slupsk.pl\/wp-content\/uploads\/2023\/09\/372900964_1057440262285310_5063017938563163695_n-1024x769.jpg\" title=\"Miejska Inauguracja Roku Szkolnego w murach naszej Jedynki\">\n\t\t\t\t\t\t\t\t\t\t\t\t\t\t\t<img style=\"width:160px;height:120px; border-width: 10px; border-color:#F1F1F1;border: 10px solid #F1F1F1\" alt=\"\" title=\"Miejska Inauguracja Roku Szkolnego w murach naszej Jedynki\" src=\"https:\/\/sp1slupsk.pl\/wp-content\/uploads\/2023\/09\/372900964_1057440262285310_5063017938563163695_n-160x120.jpg\" rel=\"https:\/\/sp1slupsk.pl\/wp-content\/uploads\/2023\/09\/372900964_1057440262285310_5063017938563163695_n.jpg\" \/>\n\t\t\t\t\t\t\t\t\t\t\t\t\t\t<\/a>\n\t\t\t\t\t\t\t\t\t\t\t\t\t\t\t\t\t\t\t\t\t\t\t\t\t<\/p>\n\t\t\t\t\t\t\t\t\t\t\t\t\t\t\t\t\t\t\t\t\t\t\t<\/div><!-- .gllr_image_block -->\n\t\t\t\t\t\t\t\t\t\t\t\t\t\t\t\t\t\t\t\t\t<div class=\"gllr_image_block\">\n\t\t\t\t\t\t\t\t\t\t\t\t<p style=\"width:180px;height:140px;\">\n\t\t\t\t\t\t\t\t\t\t\t\t\t\t\t\t\t\t\t\t\t\t\t\t\t\t\t<a rel=\"gallery_fancybox_83609\" href=\"https:\/\/sp1slupsk.pl\/wp-content\/uploads\/2023\/09\/373023040_1050520565944522_3895060090888315337_n-769x1024.jpg\" title=\"Miejska Inauguracja Roku Szkolnego w murach naszej Jedynki\">\n\t\t\t\t\t\t\t\t\t\t\t\t\t\t\t<img style=\"width:160px;height:120px; border-width: 10px; border-color:#F1F1F1;border: 10px solid #F1F1F1\" alt=\"\" title=\"Miejska Inauguracja Roku Szkolnego w murach naszej Jedynki\" src=\"https:\/\/sp1slupsk.pl\/wp-content\/uploads\/2023\/09\/373023040_1050520565944522_3895060090888315337_n-160x120.jpg\" rel=\"https:\/\/sp1slupsk.pl\/wp-content\/uploads\/2023\/09\/373023040_1050520565944522_3895060090888315337_n.jpg\" \/>\n\t\t\t\t\t\t\t\t\t\t\t\t\t\t<\/a>\n\t\t\t\t\t\t\t\t\t\t\t\t\t\t\t\t\t\t\t\t\t\t\t\t\t<\/p>\n\t\t\t\t\t\t\t\t\t\t\t\t\t\t\t\t\t\t\t\t\t\t\t<\/div><!-- .gllr_image_block -->\n\t\t\t\t\t\t\t\t\t\t\t\t\t\t\t\t\t\t\t\t\t<\/div><!-- .gllr_image_row -->\n\t\t\t\t\t\t\t\t\t\t\t\t\t\t\t\t\t\t\t\t\t<div class=\"gllr_image_row\">\n\t\t\t\t\t\t\t\t\t\t\t\t\t\t\t\t\t\t\t\t\t<div class=\"gllr_image_block\">\n\t\t\t\t\t\t\t\t\t\t\t\t<p style=\"width:180px;height:140px;\">\n\t\t\t\t\t\t\t\t\t\t\t\t\t\t\t\t\t\t\t\t\t\t\t\t\t\t\t<a rel=\"gallery_fancybox_83609\" href=\"https:\/\/sp1slupsk.pl\/wp-content\/uploads\/2023\/09\/373286910_726810879257391_7151081015768742700_n-1024x768.jpg\" title=\"Miejska Inauguracja Roku Szkolnego w murach naszej Jedynki\">\n\t\t\t\t\t\t\t\t\t\t\t\t\t\t\t<img style=\"width:160px;height:120px; border-width: 10px; border-color:#F1F1F1;border: 10px solid #F1F1F1\" alt=\"\" title=\"Miejska Inauguracja Roku Szkolnego w murach naszej Jedynki\" src=\"https:\/\/sp1slupsk.pl\/wp-content\/uploads\/2023\/09\/373286910_726810879257391_7151081015768742700_n-160x120.jpg\" rel=\"https:\/\/sp1slupsk.pl\/wp-content\/uploads\/2023\/09\/373286910_726810879257391_7151081015768742700_n.jpg\" \/>\n\t\t\t\t\t\t\t\t\t\t\t\t\t\t<\/a>\n\t\t\t\t\t\t\t\t\t\t\t\t\t\t\t\t\t\t\t\t\t\t\t\t\t<\/p>\n\t\t\t\t\t\t\t\t\t\t\t\t\t\t\t\t\t\t\t\t\t\t\t<\/div><!-- .gllr_image_block -->\n\t\t\t\t\t\t\t\t\t\t\t\t\t\t\t\t\t\t\t\t\t<div class=\"gllr_image_block\">\n\t\t\t\t\t\t\t\t\t\t\t\t<p style=\"width:180px;height:140px;\">\n\t\t\t\t\t\t\t\t\t\t\t\t\t\t\t\t\t\t\t\t\t\t\t\t\t\t\t<a rel=\"gallery_fancybox_83609\" href=\"https:\/\/sp1slupsk.pl\/wp-content\/uploads\/2023\/09\/372808472_297590072862182_2335316942469967871_n-1024x769.jpg\" title=\"Miejska Inauguracja Roku Szkolnego w murach naszej Jedynki\">\n\t\t\t\t\t\t\t\t\t\t\t\t\t\t\t<img style=\"width:160px;height:120px; border-width: 10px; border-color:#F1F1F1;border: 10px solid #F1F1F1\" alt=\"\" title=\"Miejska Inauguracja Roku Szkolnego w murach naszej Jedynki\" src=\"https:\/\/sp1slupsk.pl\/wp-content\/uploads\/2023\/09\/372808472_297590072862182_2335316942469967871_n-160x120.jpg\" rel=\"https:\/\/sp1slupsk.pl\/wp-content\/uploads\/2023\/09\/372808472_297590072862182_2335316942469967871_n.jpg\" \/>\n\t\t\t\t\t\t\t\t\t\t\t\t\t\t<\/a>\n\t\t\t\t\t\t\t\t\t\t\t\t\t\t\t\t\t\t\t\t\t\t\t\t\t<\/p>\n\t\t\t\t\t\t\t\t\t\t\t\t\t\t\t\t\t\t\t\t\t\t\t<\/div><!-- .gllr_image_block -->\n\t\t\t\t\t\t\t\t\t\t\t\t\t\t\t\t\t\t\t\t\t<div class=\"gllr_image_block\">\n\t\t\t\t\t\t\t\t\t\t\t\t<p style=\"width:180px;height:140px;\">\n\t\t\t\t\t\t\t\t\t\t\t\t\t\t\t\t\t\t\t\t\t\t\t\t\t\t\t<a rel=\"gallery_fancybox_83609\" href=\"https:\/\/sp1slupsk.pl\/wp-content\/uploads\/2023\/09\/373050151_1709112266276161_1090201412907136849_n-1024x769.jpg\" title=\"Miejska Inauguracja Roku Szkolnego w murach naszej Jedynki\">\n\t\t\t\t\t\t\t\t\t\t\t\t\t\t\t<img style=\"width:160px;height:120px; border-width: 10px; border-color:#F1F1F1;border: 10px solid #F1F1F1\" alt=\"\" title=\"Miejska Inauguracja Roku Szkolnego w murach naszej Jedynki\" src=\"https:\/\/sp1slupsk.pl\/wp-content\/uploads\/2023\/09\/373050151_1709112266276161_1090201412907136849_n-160x120.jpg\" rel=\"https:\/\/sp1slupsk.pl\/wp-content\/uploads\/2023\/09\/373050151_1709112266276161_1090201412907136849_n.jpg\" \/>\n\t\t\t\t\t\t\t\t\t\t\t\t\t\t<\/a>\n\t\t\t\t\t\t\t\t\t\t\t\t\t\t\t\t\t\t\t\t\t\t\t\t\t<\/p>\n\t\t\t\t\t\t\t\t\t\t\t\t\t\t\t\t\t\t\t\t\t\t\t<\/div><!-- .gllr_image_block -->\n\t\t\t\t\t\t\t\t\t\t\t\t\t\t\t\t\t\t\t\t\t<\/div><!-- .gllr_image_row -->\n\t\t\t\t\t\t\t\t\t\t\t\t\t\t\t\t\t\t\t\t\t<div class=\"gllr_image_row\">\n\t\t\t\t\t\t\t\t\t\t\t\t\t\t\t\t\t\t\t\t\t<div class=\"gllr_image_block\">\n\t\t\t\t\t\t\t\t\t\t\t\t<p style=\"width:180px;height:140px;\">\n\t\t\t\t\t\t\t\t\t\t\t\t\t\t\t\t\t\t\t\t\t\t\t\t\t\t\t<a rel=\"gallery_fancybox_83609\" href=\"https:\/\/sp1slupsk.pl\/wp-content\/uploads\/2023\/09\/373072145_697577075084239_1804045028785437288_n-1024x769.jpg\" title=\"Miejska Inauguracja Roku Szkolnego w murach naszej Jedynki\">\n\t\t\t\t\t\t\t\t\t\t\t\t\t\t\t<img style=\"width:160px;height:120px; border-width: 10px; border-color:#F1F1F1;border: 10px solid #F1F1F1\" alt=\"\" title=\"Miejska Inauguracja Roku Szkolnego w murach naszej Jedynki\" src=\"https:\/\/sp1slupsk.pl\/wp-content\/uploads\/2023\/09\/373072145_697577075084239_1804045028785437288_n-160x120.jpg\" rel=\"https:\/\/sp1slupsk.pl\/wp-content\/uploads\/2023\/09\/373072145_697577075084239_1804045028785437288_n.jpg\" \/>\n\t\t\t\t\t\t\t\t\t\t\t\t\t\t<\/a>\n\t\t\t\t\t\t\t\t\t\t\t\t\t\t\t\t\t\t\t\t\t\t\t\t\t<\/p>\n\t\t\t\t\t\t\t\t\t\t\t\t\t\t\t\t\t\t\t\t\t\t\t<\/div><!-- .gllr_image_block -->\n\t\t\t\t\t\t\t\t\t\t\t\t\t\t\t\t\t\t\t\t\t<div class=\"gllr_image_block\">\n\t\t\t\t\t\t\t\t\t\t\t\t<p style=\"width:180px;height:140px;\">\n\t\t\t\t\t\t\t\t\t\t\t\t\t\t\t\t\t\t\t\t\t\t\t\t\t\t\t<a rel=\"gallery_fancybox_83609\" href=\"https:\/\/sp1slupsk.pl\/wp-content\/uploads\/2023\/09\/372654337_6648549368568055_5169701620182424397_n-768x1024.jpg\" title=\"Miejska Inauguracja Roku Szkolnego w murach naszej Jedynki\">\n\t\t\t\t\t\t\t\t\t\t\t\t\t\t\t<img style=\"width:160px;height:120px; border-width: 10px; border-color:#F1F1F1;border: 10px solid #F1F1F1\" alt=\"\" title=\"Miejska Inauguracja Roku Szkolnego w murach naszej Jedynki\" src=\"https:\/\/sp1slupsk.pl\/wp-content\/uploads\/2023\/09\/372654337_6648549368568055_5169701620182424397_n-160x120.jpg\" rel=\"https:\/\/sp1slupsk.pl\/wp-content\/uploads\/2023\/09\/372654337_6648549368568055_5169701620182424397_n.jpg\" \/>\n\t\t\t\t\t\t\t\t\t\t\t\t\t\t<\/a>\n\t\t\t\t\t\t\t\t\t\t\t\t\t\t\t\t\t\t\t\t\t\t\t\t\t<\/p>\n\t\t\t\t\t\t\t\t\t\t\t\t\t\t\t\t\t\t\t\t\t\t\t<\/div><!-- .gllr_image_block -->\n\t\t\t\t\t\t\t\t\t\t\t\t\t\t\t\t\t\t\t\t\t<div class=\"gllr_image_block\">\n\t\t\t\t\t\t\t\t\t\t\t\t<p style=\"width:180px;height:140px;\">\n\t\t\t\t\t\t\t\t\t\t\t\t\t\t\t\t\t\t\t\t\t\t\t\t\t\t\t<a rel=\"gallery_fancybox_83609\" href=\"https:\/\/sp1slupsk.pl\/wp-content\/uploads\/2023\/09\/373084311_662940379094577_8771458965648099987_n-1024x769.jpg\" title=\"Miejska Inauguracja Roku Szkolnego w murach naszej Jedynki\">\n\t\t\t\t\t\t\t\t\t\t\t\t\t\t\t<img style=\"width:160px;height:120px; border-width: 10px; border-color:#F1F1F1;border: 10px solid #F1F1F1\" alt=\"\" title=\"Miejska Inauguracja Roku Szkolnego w murach naszej Jedynki\" src=\"https:\/\/sp1slupsk.pl\/wp-content\/uploads\/2023\/09\/373084311_662940379094577_8771458965648099987_n-160x120.jpg\" rel=\"https:\/\/sp1slupsk.pl\/wp-content\/uploads\/2023\/09\/373084311_662940379094577_8771458965648099987_n.jpg\" \/>\n\t\t\t\t\t\t\t\t\t\t\t\t\t\t<\/a>\n\t\t\t\t\t\t\t\t\t\t\t\t\t\t\t\t\t\t\t\t\t\t\t\t\t<\/p>\n\t\t\t\t\t\t\t\t\t\t\t\t\t\t\t\t\t\t\t\t\t\t\t<\/div><!-- .gllr_image_block -->\n\t\t\t\t\t\t\t\t\t\t\t\t\t\t\t\t\t\t\t\t\t<\/div><!-- .gllr_image_row -->\n\t\t\t\t\t\t\t\t\t\t\t\t\t\t\t\t\t\t\t\t\t<div class=\"gllr_image_row\">\n\t\t\t\t\t\t\t\t\t\t\t\t\t\t\t\t\t\t\t\t\t<div class=\"gllr_image_block\">\n\t\t\t\t\t\t\t\t\t\t\t\t<p style=\"width:180px;height:140px;\">\n\t\t\t\t\t\t\t\t\t\t\t\t\t\t\t\t\t\t\t\t\t\t\t\t\t\t\t<a rel=\"gallery_fancybox_83609\" href=\"https:\/\/sp1slupsk.pl\/wp-content\/uploads\/2023\/09\/372732616_992274928585967_2449749023087456454_n-1024x769.jpg\" title=\"Miejska Inauguracja Roku Szkolnego w murach naszej Jedynki\">\n\t\t\t\t\t\t\t\t\t\t\t\t\t\t\t<img style=\"width:160px;height:120px; border-width: 10px; border-color:#F1F1F1;border: 10px solid #F1F1F1\" alt=\"\" title=\"Miejska Inauguracja Roku Szkolnego w murach naszej Jedynki\" src=\"https:\/\/sp1slupsk.pl\/wp-content\/uploads\/2023\/09\/372732616_992274928585967_2449749023087456454_n-160x120.jpg\" rel=\"https:\/\/sp1slupsk.pl\/wp-content\/uploads\/2023\/09\/372732616_992274928585967_2449749023087456454_n.jpg\" \/>\n\t\t\t\t\t\t\t\t\t\t\t\t\t\t<\/a>\n\t\t\t\t\t\t\t\t\t\t\t\t\t\t\t\t\t\t\t\t\t\t\t\t\t<\/p>\n\t\t\t\t\t\t\t\t\t\t\t\t\t\t\t\t\t\t\t\t\t\t\t<\/div><!-- .gllr_image_block -->\n\t\t\t\t\t\t\t\t\t\t\t\t\t\t\t\t\t\t\t\t\t<div class=\"gllr_image_block\">\n\t\t\t\t\t\t\t\t\t\t\t\t<p style=\"width:180px;height:140px;\">\n\t\t\t\t\t\t\t\t\t\t\t\t\t\t\t\t\t\t\t\t\t\t\t\t\t\t\t<a rel=\"gallery_fancybox_83609\" href=\"https:\/\/sp1slupsk.pl\/wp-content\/uploads\/2023\/09\/373429501_803291648469258_5153956686101941249_n-1024x768.jpg\" title=\"Miejska Inauguracja Roku Szkolnego w murach naszej Jedynki\">\n\t\t\t\t\t\t\t\t\t\t\t\t\t\t\t<img style=\"width:160px;height:120px; border-width: 10px; border-color:#F1F1F1;border: 10px solid #F1F1F1\" alt=\"\" title=\"Miejska Inauguracja Roku Szkolnego w murach naszej Jedynki\" src=\"https:\/\/sp1slupsk.pl\/wp-content\/uploads\/2023\/09\/373429501_803291648469258_5153956686101941249_n-160x120.jpg\" rel=\"https:\/\/sp1slupsk.pl\/wp-content\/uploads\/2023\/09\/373429501_803291648469258_5153956686101941249_n.jpg\" \/>\n\t\t\t\t\t\t\t\t\t\t\t\t\t\t<\/a>\n\t\t\t\t\t\t\t\t\t\t\t\t\t\t\t\t\t\t\t\t\t\t\t\t\t<\/p>\n\t\t\t\t\t\t\t\t\t\t\t\t\t\t\t\t\t\t\t\t\t\t\t<\/div><!-- .gllr_image_block -->\n\t\t\t\t\t\t\t\t\t\t\t\t\t\t\t\t\t\t\t\t\t<div class=\"gllr_image_block\">\n\t\t\t\t\t\t\t\t\t\t\t\t<p style=\"width:180px;height:140px;\">\n\t\t\t\t\t\t\t\t\t\t\t\t\t\t\t\t\t\t\t\t\t\t\t\t\t\t\t<a rel=\"gallery_fancybox_83609\" href=\"https:\/\/sp1slupsk.pl\/wp-content\/uploads\/2023\/09\/373430792_960852321880453_2211380846473906766_n-1024x769.jpg\" title=\"Miejska Inauguracja Roku Szkolnego w murach naszej Jedynki\">\n\t\t\t\t\t\t\t\t\t\t\t\t\t\t\t<img style=\"width:160px;height:120px; border-width: 10px; border-color:#F1F1F1;border: 10px solid #F1F1F1\" alt=\"\" title=\"Miejska Inauguracja Roku Szkolnego w murach naszej Jedynki\" src=\"https:\/\/sp1slupsk.pl\/wp-content\/uploads\/2023\/09\/373430792_960852321880453_2211380846473906766_n-160x120.jpg\" rel=\"https:\/\/sp1slupsk.pl\/wp-content\/uploads\/2023\/09\/373430792_960852321880453_2211380846473906766_n.jpg\" \/>\n\t\t\t\t\t\t\t\t\t\t\t\t\t\t<\/a>\n\t\t\t\t\t\t\t\t\t\t\t\t\t\t\t\t\t\t\t\t\t\t\t\t\t<\/p>\n\t\t\t\t\t\t\t\t\t\t\t\t\t\t\t\t\t\t\t\t\t\t\t<\/div><!-- .gllr_image_block -->\n\t\t\t\t\t\t\t\t\t\t\t\t\t\t\t\t\t\t\t\t\t<\/div><!-- .gllr_image_row -->\n\t\t\t\t\t\t\t\t\t\t\t\t\t\t\t\t\t\t\t\t\t<div class=\"gllr_image_row\">\n\t\t\t\t\t\t\t\t\t\t\t\t\t\t\t\t\t\t\t\t\t<div class=\"gllr_image_block\">\n\t\t\t\t\t\t\t\t\t\t\t\t<p style=\"width:180px;height:140px;\">\n\t\t\t\t\t\t\t\t\t\t\t\t\t\t\t\t\t\t\t\t\t\t\t\t\t\t\t<a rel=\"gallery_fancybox_83609\" href=\"https:\/\/sp1slupsk.pl\/wp-content\/uploads\/2023\/09\/373425160_1524009855074282_6119044588790532259_n-769x1024.jpg\" title=\"Miejska Inauguracja Roku Szkolnego w murach naszej Jedynki\">\n\t\t\t\t\t\t\t\t\t\t\t\t\t\t\t<img style=\"width:160px;height:120px; border-width: 10px; border-color:#F1F1F1;border: 10px solid #F1F1F1\" alt=\"\" title=\"Miejska Inauguracja Roku Szkolnego w murach naszej Jedynki\" src=\"https:\/\/sp1slupsk.pl\/wp-content\/uploads\/2023\/09\/373425160_1524009855074282_6119044588790532259_n-160x120.jpg\" rel=\"https:\/\/sp1slupsk.pl\/wp-content\/uploads\/2023\/09\/373425160_1524009855074282_6119044588790532259_n.jpg\" \/>\n\t\t\t\t\t\t\t\t\t\t\t\t\t\t<\/a>\n\t\t\t\t\t\t\t\t\t\t\t\t\t\t\t\t\t\t\t\t\t\t\t\t\t<\/p>\n\t\t\t\t\t\t\t\t\t\t\t\t\t\t\t\t\t\t\t\t\t\t\t<\/div><!-- .gllr_image_block -->\n\t\t\t\t\t\t\t\t\t\t\t\t\t\t\t\t\t\t\t\t\t<div class=\"gllr_image_block\">\n\t\t\t\t\t\t\t\t\t\t\t\t<p style=\"width:180px;height:140px;\">\n\t\t\t\t\t\t\t\t\t\t\t\t\t\t\t\t\t\t\t\t\t\t\t\t\t\t\t<a rel=\"gallery_fancybox_83609\" href=\"https:\/\/sp1slupsk.pl\/wp-content\/uploads\/2023\/09\/373426466_826817745713631_4148013987284864090_n-1024x769.jpg\" title=\"Miejska Inauguracja Roku Szkolnego w murach naszej Jedynki\">\n\t\t\t\t\t\t\t\t\t\t\t\t\t\t\t<img style=\"width:160px;height:120px; border-width: 10px; border-color:#F1F1F1;border: 10px solid #F1F1F1\" alt=\"\" title=\"Miejska Inauguracja Roku Szkolnego w murach naszej Jedynki\" src=\"https:\/\/sp1slupsk.pl\/wp-content\/uploads\/2023\/09\/373426466_826817745713631_4148013987284864090_n-160x120.jpg\" rel=\"https:\/\/sp1slupsk.pl\/wp-content\/uploads\/2023\/09\/373426466_826817745713631_4148013987284864090_n.jpg\" \/>\n\t\t\t\t\t\t\t\t\t\t\t\t\t\t<\/a>\n\t\t\t\t\t\t\t\t\t\t\t\t\t\t\t\t\t\t\t\t\t\t\t\t\t<\/p>\n\t\t\t\t\t\t\t\t\t\t\t\t\t\t\t\t\t\t\t\t\t\t\t<\/div><!-- .gllr_image_block -->\n\t\t\t\t\t\t\t\t\t\t\t\t\t\t\t\t\t\t\t\t\t<div class=\"gllr_image_block\">\n\t\t\t\t\t\t\t\t\t\t\t\t<p style=\"width:180px;height:140px;\">\n\t\t\t\t\t\t\t\t\t\t\t\t\t\t\t\t\t\t\t\t\t\t\t\t\t\t\t<a rel=\"gallery_fancybox_83609\" href=\"https:\/\/sp1slupsk.pl\/wp-content\/uploads\/2023\/09\/375020068_694049752756768_4535989334205608922_n-769x1024.jpg\" title=\"Miejska Inauguracja Roku Szkolnego w murach naszej Jedynki\">\n\t\t\t\t\t\t\t\t\t\t\t\t\t\t\t<img style=\"width:160px;height:120px; border-width: 10px; border-color:#F1F1F1;border: 10px solid #F1F1F1\" alt=\"\" title=\"Miejska Inauguracja Roku Szkolnego w murach naszej Jedynki\" src=\"https:\/\/sp1slupsk.pl\/wp-content\/uploads\/2023\/09\/375020068_694049752756768_4535989334205608922_n-160x120.jpg\" rel=\"https:\/\/sp1slupsk.pl\/wp-content\/uploads\/2023\/09\/375020068_694049752756768_4535989334205608922_n.jpg\" \/>\n\t\t\t\t\t\t\t\t\t\t\t\t\t\t<\/a>\n\t\t\t\t\t\t\t\t\t\t\t\t\t\t\t\t\t\t\t\t\t\t\t\t\t<\/p>\n\t\t\t\t\t\t\t\t\t\t\t\t\t\t\t\t\t\t\t\t\t\t\t<\/div><!-- .gllr_image_block -->\n\t\t\t\t\t\t\t\t\t\t\t\t\t\t\t\t\t\t\t\t\t<\/div><!-- .gllr_image_row -->\n\t\t\t\t\t\t\t\t\t\t\t\t\t\t\t\t\t\t\t\t\t<div class=\"gllr_image_row\">\n\t\t\t\t\t\t\t\t\t\t\t\t\t\t\t\t\t\t\t\t\t<div class=\"gllr_image_block\">\n\t\t\t\t\t\t\t\t\t\t\t\t<p style=\"width:180px;height:140px;\">\n\t\t\t\t\t\t\t\t\t\t\t\t\t\t\t\t\t\t\t\t\t\t\t\t\t\t\t<a rel=\"gallery_fancybox_83609\" href=\"https:\/\/sp1slupsk.pl\/wp-content\/uploads\/2023\/09\/373282588_223995753750271_3565082483463202978_n-769x1024.jpg\" title=\"Miejska Inauguracja Roku Szkolnego w murach naszej Jedynki\">\n\t\t\t\t\t\t\t\t\t\t\t\t\t\t\t<img style=\"width:160px;height:120px; border-width: 10px; border-color:#F1F1F1;border: 10px solid #F1F1F1\" alt=\"\" title=\"Miejska Inauguracja Roku Szkolnego w murach naszej Jedynki\" src=\"https:\/\/sp1slupsk.pl\/wp-content\/uploads\/2023\/09\/373282588_223995753750271_3565082483463202978_n-160x120.jpg\" rel=\"https:\/\/sp1slupsk.pl\/wp-content\/uploads\/2023\/09\/373282588_223995753750271_3565082483463202978_n.jpg\" \/>\n\t\t\t\t\t\t\t\t\t\t\t\t\t\t<\/a>\n\t\t\t\t\t\t\t\t\t\t\t\t\t\t\t\t\t\t\t\t\t\t\t\t\t<\/p>\n\t\t\t\t\t\t\t\t\t\t\t\t\t\t\t\t\t\t\t\t\t\t\t<\/div><!-- .gllr_image_block -->\n\t\t\t\t\t\t\t\t\t\t\t\t\t\t\t\t\t\t\t\t\t<div class=\"gllr_image_block\">\n\t\t\t\t\t\t\t\t\t\t\t\t<p style=\"width:180px;height:140px;\">\n\t\t\t\t\t\t\t\t\t\t\t\t\t\t\t\t\t\t\t\t\t\t\t\t\t\t\t<a rel=\"gallery_fancybox_83609\" href=\"https:\/\/sp1slupsk.pl\/wp-content\/uploads\/2023\/09\/372721056_1028528404815603_2651260677522205194_n-1024x769.jpg\" title=\"Miejska Inauguracja Roku Szkolnego w murach naszej Jedynki\">\n\t\t\t\t\t\t\t\t\t\t\t\t\t\t\t<img style=\"width:160px;height:120px; border-width: 10px; border-color:#F1F1F1;border: 10px solid #F1F1F1\" alt=\"\" title=\"Miejska Inauguracja Roku Szkolnego w murach naszej Jedynki\" src=\"https:\/\/sp1slupsk.pl\/wp-content\/uploads\/2023\/09\/372721056_1028528404815603_2651260677522205194_n-160x120.jpg\" rel=\"https:\/\/sp1slupsk.pl\/wp-content\/uploads\/2023\/09\/372721056_1028528404815603_2651260677522205194_n.jpg\" \/>\n\t\t\t\t\t\t\t\t\t\t\t\t\t\t<\/a>\n\t\t\t\t\t\t\t\t\t\t\t\t\t\t\t\t\t\t\t\t\t\t\t\t\t<\/p>\n\t\t\t\t\t\t\t\t\t\t\t\t\t\t\t\t\t\t\t\t\t\t\t<\/div><!-- .gllr_image_block -->\n\t\t\t\t\t\t\t\t\t\t\t\t\t\t\t\t\t\t\t\t\t<div class=\"gllr_image_block\">\n\t\t\t\t\t\t\t\t\t\t\t\t<p style=\"width:180px;height:140px;\">\n\t\t\t\t\t\t\t\t\t\t\t\t\t\t\t\t\t\t\t\t\t\t\t\t\t\t\t<a rel=\"gallery_fancybox_83609\" href=\"https:\/\/sp1slupsk.pl\/wp-content\/uploads\/2023\/09\/371546448_1366775587524905_8292392363857423698_n-1024x769.jpg\" title=\"Miejska Inauguracja Roku Szkolnego w murach naszej Jedynki\">\n\t\t\t\t\t\t\t\t\t\t\t\t\t\t\t<img style=\"width:160px;height:120px; border-width: 10px; border-color:#F1F1F1;border: 10px solid #F1F1F1\" alt=\"\" title=\"Miejska Inauguracja Roku Szkolnego w murach naszej Jedynki\" src=\"https:\/\/sp1slupsk.pl\/wp-content\/uploads\/2023\/09\/371546448_1366775587524905_8292392363857423698_n-160x120.jpg\" rel=\"https:\/\/sp1slupsk.pl\/wp-content\/uploads\/2023\/09\/371546448_1366775587524905_8292392363857423698_n.jpg\" \/>\n\t\t\t\t\t\t\t\t\t\t\t\t\t\t<\/a>\n\t\t\t\t\t\t\t\t\t\t\t\t\t\t\t\t\t\t\t\t\t\t\t\t\t<\/p>\n\t\t\t\t\t\t\t\t\t\t\t\t\t\t\t\t\t\t\t\t\t\t\t<\/div><!-- .gllr_image_block -->\n\t\t\t\t\t\t\t\t\t\t\t\t\t\t\t\t\t\t\t\t\t<\/div><!-- .gllr_image_row -->\n\t\t\t\t\t\t\t\t\t\t\t\t\t\t\t\t\t\t\t\t\t<div class=\"gllr_image_row\">\n\t\t\t\t\t\t\t\t\t\t\t\t\t\t\t\t\t\t\t\t\t<div class=\"gllr_image_block\">\n\t\t\t\t\t\t\t\t\t\t\t\t<p style=\"width:180px;height:140px;\">\n\t\t\t\t\t\t\t\t\t\t\t\t\t\t\t\t\t\t\t\t\t\t\t\t\t\t\t<a rel=\"gallery_fancybox_83609\" href=\"https:\/\/sp1slupsk.pl\/wp-content\/uploads\/2023\/09\/372952895_1316807529226325_6179039534031699371_n-1024x769.jpg\" title=\"Miejska Inauguracja Roku Szkolnego w murach naszej Jedynki\">\n\t\t\t\t\t\t\t\t\t\t\t\t\t\t\t<img style=\"width:160px;height:120px; border-width: 10px; border-color:#F1F1F1;border: 10px solid #F1F1F1\" alt=\"\" title=\"Miejska Inauguracja Roku Szkolnego w murach naszej Jedynki\" src=\"https:\/\/sp1slupsk.pl\/wp-content\/uploads\/2023\/09\/372952895_1316807529226325_6179039534031699371_n-160x120.jpg\" rel=\"https:\/\/sp1slupsk.pl\/wp-content\/uploads\/2023\/09\/372952895_1316807529226325_6179039534031699371_n.jpg\" \/>\n\t\t\t\t\t\t\t\t\t\t\t\t\t\t<\/a>\n\t\t\t\t\t\t\t\t\t\t\t\t\t\t\t\t\t\t\t\t\t\t\t\t\t<\/p>\n\t\t\t\t\t\t\t\t\t\t\t\t\t\t\t\t\t\t\t\t\t\t\t<\/div><!-- .gllr_image_block -->\n\t\t\t\t\t\t\t\t\t\t\t\t\t\t\t\t\t\t\t\t\t<div class=\"gllr_image_block\">\n\t\t\t\t\t\t\t\t\t\t\t\t<p style=\"width:180px;height:140px;\">\n\t\t\t\t\t\t\t\t\t\t\t\t\t\t\t\t\t\t\t\t\t\t\t\t\t\t\t<a rel=\"gallery_fancybox_83609\" href=\"https:\/\/sp1slupsk.pl\/wp-content\/uploads\/2023\/09\/372899813_695127782636665_8927999720737711563_n-769x1024.jpg\" title=\"Miejska Inauguracja Roku Szkolnego w murach naszej Jedynki\">\n\t\t\t\t\t\t\t\t\t\t\t\t\t\t\t<img style=\"width:160px;height:120px; border-width: 10px; border-color:#F1F1F1;border: 10px solid #F1F1F1\" alt=\"\" title=\"Miejska Inauguracja Roku Szkolnego w murach naszej Jedynki\" src=\"https:\/\/sp1slupsk.pl\/wp-content\/uploads\/2023\/09\/372899813_695127782636665_8927999720737711563_n-160x120.jpg\" rel=\"https:\/\/sp1slupsk.pl\/wp-content\/uploads\/2023\/09\/372899813_695127782636665_8927999720737711563_n.jpg\" \/>\n\t\t\t\t\t\t\t\t\t\t\t\t\t\t<\/a>\n\t\t\t\t\t\t\t\t\t\t\t\t\t\t\t\t\t\t\t\t\t\t\t\t\t<\/p>\n\t\t\t\t\t\t\t\t\t\t\t\t\t\t\t\t\t\t\t\t\t\t\t<\/div><!-- .gllr_image_block -->\n\t\t\t\t\t\t\t\t\t\t\t\t\t\t\t\t\t\t\t\t\t<div class=\"gllr_image_block\">\n\t\t\t\t\t\t\t\t\t\t\t\t<p style=\"width:180px;height:140px;\">\n\t\t\t\t\t\t\t\t\t\t\t\t\t\t\t\t\t\t\t\t\t\t\t\t\t\t\t<a rel=\"gallery_fancybox_83609\" href=\"https:\/\/sp1slupsk.pl\/wp-content\/uploads\/2023\/09\/372807214_839271771130298_6566987154238342592_n-1024x769.jpg\" title=\"Miejska Inauguracja Roku Szkolnego w murach naszej Jedynki\">\n\t\t\t\t\t\t\t\t\t\t\t\t\t\t\t<img style=\"width:160px;height:120px; border-width: 10px; border-color:#F1F1F1;border: 10px solid #F1F1F1\" alt=\"\" title=\"Miejska Inauguracja Roku Szkolnego w murach naszej Jedynki\" src=\"https:\/\/sp1slupsk.pl\/wp-content\/uploads\/2023\/09\/372807214_839271771130298_6566987154238342592_n-160x120.jpg\" rel=\"https:\/\/sp1slupsk.pl\/wp-content\/uploads\/2023\/09\/372807214_839271771130298_6566987154238342592_n.jpg\" \/>\n\t\t\t\t\t\t\t\t\t\t\t\t\t\t<\/a>\n\t\t\t\t\t\t\t\t\t\t\t\t\t\t\t\t\t\t\t\t\t\t\t\t\t<\/p>\n\t\t\t\t\t\t\t\t\t\t\t\t\t\t\t\t\t\t\t\t\t\t\t<\/div><!-- .gllr_image_block -->\n\t\t\t\t\t\t\t\t\t\t\t\t\t\t\t\t\t\t\t\t\t<\/div><!-- .gllr_image_row -->\n\t\t\t\t\t\t\t\t\t\t\t\t\t\t\t\t\t\t\t\t\t<div class=\"gllr_image_row\">\n\t\t\t\t\t\t\t\t\t\t\t\t\t\t\t\t\t\t\t\t\t<div class=\"gllr_image_block\">\n\t\t\t\t\t\t\t\t\t\t\t\t<p style=\"width:180px;height:140px;\">\n\t\t\t\t\t\t\t\t\t\t\t\t\t\t\t\t\t\t\t\t\t\t\t\t\t\t\t<a rel=\"gallery_fancybox_83609\" href=\"https:\/\/sp1slupsk.pl\/wp-content\/uploads\/2023\/09\/372902896_1427125874801673_184539876003328429_n-1024x769.jpg\" title=\"Miejska Inauguracja Roku Szkolnego w murach naszej Jedynki\">\n\t\t\t\t\t\t\t\t\t\t\t\t\t\t\t<img style=\"width:160px;height:120px; border-width: 10px; border-color:#F1F1F1;border: 10px solid #F1F1F1\" alt=\"\" title=\"Miejska Inauguracja Roku Szkolnego w murach naszej Jedynki\" src=\"https:\/\/sp1slupsk.pl\/wp-content\/uploads\/2023\/09\/372902896_1427125874801673_184539876003328429_n-160x120.jpg\" rel=\"https:\/\/sp1slupsk.pl\/wp-content\/uploads\/2023\/09\/372902896_1427125874801673_184539876003328429_n.jpg\" \/>\n\t\t\t\t\t\t\t\t\t\t\t\t\t\t<\/a>\n\t\t\t\t\t\t\t\t\t\t\t\t\t\t\t\t\t\t\t\t\t\t\t\t\t<\/p>\n\t\t\t\t\t\t\t\t\t\t\t\t\t\t\t\t\t\t\t\t\t\t\t<\/div><!-- .gllr_image_block -->\n\t\t\t\t\t\t\t\t\t\t\t\t\t\t\t\t\t\t\t\t\t<div class=\"gllr_image_block\">\n\t\t\t\t\t\t\t\t\t\t\t\t<p style=\"width:180px;height:140px;\">\n\t\t\t\t\t\t\t\t\t\t\t\t\t\t\t\t\t\t\t\t\t\t\t\t\t\t\t<a rel=\"gallery_fancybox_83609\" href=\"https:\/\/sp1slupsk.pl\/wp-content\/uploads\/2023\/09\/375210916_880880990236885_2015484941348621068_n-1024x769.jpg\" title=\"Miejska Inauguracja Roku Szkolnego w murach naszej Jedynki\">\n\t\t\t\t\t\t\t\t\t\t\t\t\t\t\t<img style=\"width:160px;height:120px; border-width: 10px; border-color:#F1F1F1;border: 10px solid #F1F1F1\" alt=\"\" title=\"Miejska Inauguracja Roku Szkolnego w murach naszej Jedynki\" src=\"https:\/\/sp1slupsk.pl\/wp-content\/uploads\/2023\/09\/375210916_880880990236885_2015484941348621068_n-160x120.jpg\" rel=\"https:\/\/sp1slupsk.pl\/wp-content\/uploads\/2023\/09\/375210916_880880990236885_2015484941348621068_n.jpg\" \/>\n\t\t\t\t\t\t\t\t\t\t\t\t\t\t<\/a>\n\t\t\t\t\t\t\t\t\t\t\t\t\t\t\t\t\t\t\t\t\t\t\t\t\t<\/p>\n\t\t\t\t\t\t\t\t\t\t\t\t\t\t\t\t\t\t\t\t\t\t\t<\/div><!-- .gllr_image_block -->\n\t\t\t\t\t\t\t\t\t\t\t\t\t\t\t\t\t\t\t\t\t<div class=\"gllr_image_block\">\n\t\t\t\t\t\t\t\t\t\t\t\t<p style=\"width:180px;height:140px;\">\n\t\t\t\t\t\t\t\t\t\t\t\t\t\t\t\t\t\t\t\t\t\t\t\t\t\t\t<a rel=\"gallery_fancybox_83609\" href=\"https:\/\/sp1slupsk.pl\/wp-content\/uploads\/2023\/09\/372269529_838178361077362_7431976489497603418_n-1024x769.jpg\" title=\"Miejska Inauguracja Roku Szkolnego w murach naszej Jedynki\">\n\t\t\t\t\t\t\t\t\t\t\t\t\t\t\t<img style=\"width:160px;height:120px; border-width: 10px; border-color:#F1F1F1;border: 10px solid #F1F1F1\" alt=\"\" title=\"Miejska Inauguracja Roku Szkolnego w murach naszej Jedynki\" src=\"https:\/\/sp1slupsk.pl\/wp-content\/uploads\/2023\/09\/372269529_838178361077362_7431976489497603418_n-160x120.jpg\" rel=\"https:\/\/sp1slupsk.pl\/wp-content\/uploads\/2023\/09\/372269529_838178361077362_7431976489497603418_n.jpg\" \/>\n\t\t\t\t\t\t\t\t\t\t\t\t\t\t<\/a>\n\t\t\t\t\t\t\t\t\t\t\t\t\t\t\t\t\t\t\t\t\t\t\t\t\t<\/p>\n\t\t\t\t\t\t\t\t\t\t\t\t\t\t\t\t\t\t\t\t\t\t\t<\/div><!-- .gllr_image_block -->\n\t\t\t\t\t\t\t\t\t\t\t\t\t\t\t\t\t\t\t\t\t<\/div><!-- .gllr_image_row -->\n\t\t\t\t\t\t\t\t\t\t\t\t\t\t\t\t\t\t\t\t\t<div class=\"gllr_image_row\">\n\t\t\t\t\t\t\t\t\t\t\t\t\t\t\t\t\t\t\t\t\t<div class=\"gllr_image_block\">\n\t\t\t\t\t\t\t\t\t\t\t\t<p style=\"width:180px;height:140px;\">\n\t\t\t\t\t\t\t\t\t\t\t\t\t\t\t\t\t\t\t\t\t\t\t\t\t\t\t<a rel=\"gallery_fancybox_83609\" href=\"https:\/\/sp1slupsk.pl\/wp-content\/uploads\/2023\/09\/373426715_848113180216151_3674699001944808390_n-1024x769.jpg\" title=\"Miejska Inauguracja Roku Szkolnego w murach naszej Jedynki\">\n\t\t\t\t\t\t\t\t\t\t\t\t\t\t\t<img style=\"width:160px;height:120px; border-width: 10px; border-color:#F1F1F1;border: 10px solid #F1F1F1\" alt=\"\" title=\"Miejska Inauguracja Roku Szkolnego w murach naszej Jedynki\" src=\"https:\/\/sp1slupsk.pl\/wp-content\/uploads\/2023\/09\/373426715_848113180216151_3674699001944808390_n-160x120.jpg\" rel=\"https:\/\/sp1slupsk.pl\/wp-content\/uploads\/2023\/09\/373426715_848113180216151_3674699001944808390_n.jpg\" \/>\n\t\t\t\t\t\t\t\t\t\t\t\t\t\t<\/a>\n\t\t\t\t\t\t\t\t\t\t\t\t\t\t\t\t\t\t\t\t\t\t\t\t\t<\/p>\n\t\t\t\t\t\t\t\t\t\t\t\t\t\t\t\t\t\t\t\t\t\t\t<\/div><!-- .gllr_image_block -->\n\t\t\t\t\t\t\t\t\t\t\t\t\t\t\t\t\t\t\t\t\t<div class=\"gllr_image_block\">\n\t\t\t\t\t\t\t\t\t\t\t\t<p style=\"width:180px;height:140px;\">\n\t\t\t\t\t\t\t\t\t\t\t\t\t\t\t\t\t\t\t\t\t\t\t\t\t\t\t<a rel=\"gallery_fancybox_83609\" href=\"https:\/\/sp1slupsk.pl\/wp-content\/uploads\/2023\/09\/375203616_1067049264667193_413931027702476888_n-1024x769.jpg\" title=\"Miejska Inauguracja Roku Szkolnego w murach naszej Jedynki\">\n\t\t\t\t\t\t\t\t\t\t\t\t\t\t\t<img style=\"width:160px;height:120px; border-width: 10px; border-color:#F1F1F1;border: 10px solid #F1F1F1\" alt=\"\" title=\"Miejska Inauguracja Roku Szkolnego w murach naszej Jedynki\" src=\"https:\/\/sp1slupsk.pl\/wp-content\/uploads\/2023\/09\/375203616_1067049264667193_413931027702476888_n-160x120.jpg\" rel=\"https:\/\/sp1slupsk.pl\/wp-content\/uploads\/2023\/09\/375203616_1067049264667193_413931027702476888_n.jpg\" \/>\n\t\t\t\t\t\t\t\t\t\t\t\t\t\t<\/a>\n\t\t\t\t\t\t\t\t\t\t\t\t\t\t\t\t\t\t\t\t\t\t\t\t\t<\/p>\n\t\t\t\t\t\t\t\t\t\t\t\t\t\t\t\t\t\t\t\t\t\t\t<\/div><!-- .gllr_image_block -->\n\t\t\t\t\t\t\t\t\t\t\t\t\t\t\t\t\t\t\t\t\t<div class=\"gllr_image_block\">\n\t\t\t\t\t\t\t\t\t\t\t\t<p style=\"width:180px;height:140px;\">\n\t\t\t\t\t\t\t\t\t\t\t\t\t\t\t\t\t\t\t\t\t\t\t\t\t\t\t<a rel=\"gallery_fancybox_83609\" href=\"https:\/\/sp1slupsk.pl\/wp-content\/uploads\/2023\/09\/372740884_860611375432384_4804577590211890154_n-1024x769.jpg\" title=\"Miejska Inauguracja Roku Szkolnego w murach naszej Jedynki\">\n\t\t\t\t\t\t\t\t\t\t\t\t\t\t\t<img style=\"width:160px;height:120px; border-width: 10px; border-color:#F1F1F1;border: 10px solid #F1F1F1\" alt=\"\" title=\"Miejska Inauguracja Roku Szkolnego w murach naszej Jedynki\" src=\"https:\/\/sp1slupsk.pl\/wp-content\/uploads\/2023\/09\/372740884_860611375432384_4804577590211890154_n-160x120.jpg\" rel=\"https:\/\/sp1slupsk.pl\/wp-content\/uploads\/2023\/09\/372740884_860611375432384_4804577590211890154_n.jpg\" \/>\n\t\t\t\t\t\t\t\t\t\t\t\t\t\t<\/a>\n\t\t\t\t\t\t\t\t\t\t\t\t\t\t\t\t\t\t\t\t\t\t\t\t\t<\/p>\n\t\t\t\t\t\t\t\t\t\t\t\t\t\t\t\t\t\t\t\t\t\t\t<\/div><!-- .gllr_image_block -->\n\t\t\t\t\t\t\t\t\t\t\t\t\t\t\t\t\t\t\t\t\t<\/div><!-- .gllr_image_row -->\n\t\t\t\t\t\t\t\t\t\t\t\t\t\t\t\t\t\t\t\t\t<div class=\"gllr_image_row\">\n\t\t\t\t\t\t\t\t\t\t\t\t\t\t\t\t\t\t\t\t\t<div class=\"gllr_image_block\">\n\t\t\t\t\t\t\t\t\t\t\t\t<p style=\"width:180px;height:140px;\">\n\t\t\t\t\t\t\t\t\t\t\t\t\t\t\t\t\t\t\t\t\t\t\t\t\t\t\t<a rel=\"gallery_fancybox_83609\" href=\"https:\/\/sp1slupsk.pl\/wp-content\/uploads\/2023\/09\/375199319_837813404565344_53345765934295515_n-1024x769.jpg\" title=\"Miejska Inauguracja Roku Szkolnego w murach naszej Jedynki\">\n\t\t\t\t\t\t\t\t\t\t\t\t\t\t\t<img style=\"width:160px;height:120px; border-width: 10px; border-color:#F1F1F1;border: 10px solid #F1F1F1\" alt=\"\" title=\"Miejska Inauguracja Roku Szkolnego w murach naszej Jedynki\" src=\"https:\/\/sp1slupsk.pl\/wp-content\/uploads\/2023\/09\/375199319_837813404565344_53345765934295515_n-160x120.jpg\" rel=\"https:\/\/sp1slupsk.pl\/wp-content\/uploads\/2023\/09\/375199319_837813404565344_53345765934295515_n.jpg\" \/>\n\t\t\t\t\t\t\t\t\t\t\t\t\t\t<\/a>\n\t\t\t\t\t\t\t\t\t\t\t\t\t\t\t\t\t\t\t\t\t\t\t\t\t<\/p>\n\t\t\t\t\t\t\t\t\t\t\t\t\t\t\t\t\t\t\t\t\t\t\t<\/div><!-- .gllr_image_block -->\n\t\t\t\t\t\t\t\t\t\t\t\t\t\t\t\t\t\t\t\t\t<div class=\"gllr_image_block\">\n\t\t\t\t\t\t\t\t\t\t\t\t<p style=\"width:180px;height:140px;\">\n\t\t\t\t\t\t\t\t\t\t\t\t\t\t\t\t\t\t\t\t\t\t\t\t\t\t\t<a rel=\"gallery_fancybox_83609\" href=\"https:\/\/sp1slupsk.pl\/wp-content\/uploads\/2023\/09\/372824529_1437190853795783_184744135069970087_n-1024x769.jpg\" title=\"Miejska Inauguracja Roku Szkolnego w murach naszej Jedynki\">\n\t\t\t\t\t\t\t\t\t\t\t\t\t\t\t<img style=\"width:160px;height:120px; border-width: 10px; border-color:#F1F1F1;border: 10px solid #F1F1F1\" alt=\"\" title=\"Miejska Inauguracja Roku Szkolnego w murach naszej Jedynki\" src=\"https:\/\/sp1slupsk.pl\/wp-content\/uploads\/2023\/09\/372824529_1437190853795783_184744135069970087_n-160x120.jpg\" rel=\"https:\/\/sp1slupsk.pl\/wp-content\/uploads\/2023\/09\/372824529_1437190853795783_184744135069970087_n.jpg\" \/>\n\t\t\t\t\t\t\t\t\t\t\t\t\t\t<\/a>\n\t\t\t\t\t\t\t\t\t\t\t\t\t\t\t\t\t\t\t\t\t\t\t\t\t<\/p>\n\t\t\t\t\t\t\t\t\t\t\t\t\t\t\t\t\t\t\t\t\t\t\t<\/div><!-- .gllr_image_block -->\n\t\t\t\t\t\t\t\t\t\t\t\t\t\t\t\t\t\t\t\t\t<div class=\"gllr_image_block\">\n\t\t\t\t\t\t\t\t\t\t\t\t<p style=\"width:180px;height:140px;\">\n\t\t\t\t\t\t\t\t\t\t\t\t\t\t\t\t\t\t\t\t\t\t\t\t\t\t\t<a rel=\"gallery_fancybox_83609\" href=\"https:\/\/sp1slupsk.pl\/wp-content\/uploads\/2023\/09\/373442541_844506333538587_7405282847710240571_n-769x1024.jpg\" title=\"Miejska Inauguracja Roku Szkolnego w murach naszej Jedynki\">\n\t\t\t\t\t\t\t\t\t\t\t\t\t\t\t<img style=\"width:160px;height:120px; border-width: 10px; border-color:#F1F1F1;border: 10px solid #F1F1F1\" alt=\"\" title=\"Miejska Inauguracja Roku Szkolnego w murach naszej Jedynki\" src=\"https:\/\/sp1slupsk.pl\/wp-content\/uploads\/2023\/09\/373442541_844506333538587_7405282847710240571_n-160x120.jpg\" rel=\"https:\/\/sp1slupsk.pl\/wp-content\/uploads\/2023\/09\/373442541_844506333538587_7405282847710240571_n.jpg\" \/>\n\t\t\t\t\t\t\t\t\t\t\t\t\t\t<\/a>\n\t\t\t\t\t\t\t\t\t\t\t\t\t\t\t\t\t\t\t\t\t\t\t\t\t<\/p>\n\t\t\t\t\t\t\t\t\t\t\t\t\t\t\t\t\t\t\t\t\t\t\t<\/div><!-- .gllr_image_block -->\n\t\t\t\t\t\t\t\t\t\t\t\t\t\t\t\t\t\t\t\t\t<\/div><!-- .gllr_image_row -->\n\t\t\t\t\t\t\t\t\t\t\t\t\t\t\t\t\t\t\t\t\t<div class=\"gllr_image_row\">\n\t\t\t\t\t\t\t\t\t\t\t\t\t\t\t\t\t\t\t\t\t<div class=\"gllr_image_block\">\n\t\t\t\t\t\t\t\t\t\t\t\t<p style=\"width:180px;height:140px;\">\n\t\t\t\t\t\t\t\t\t\t\t\t\t\t\t\t\t\t\t\t\t\t\t\t\t\t\t<a rel=\"gallery_fancybox_83609\" href=\"https:\/\/sp1slupsk.pl\/wp-content\/uploads\/2023\/09\/373396487_605990125035837_2011607636649105226_n-1024x769.jpg\" title=\"Miejska Inauguracja Roku Szkolnego w murach naszej Jedynki\">\n\t\t\t\t\t\t\t\t\t\t\t\t\t\t\t<img style=\"width:160px;height:120px; border-width: 10px; border-color:#F1F1F1;border: 10px solid #F1F1F1\" alt=\"\" title=\"Miejska Inauguracja Roku Szkolnego w murach naszej Jedynki\" src=\"https:\/\/sp1slupsk.pl\/wp-content\/uploads\/2023\/09\/373396487_605990125035837_2011607636649105226_n-160x120.jpg\" rel=\"https:\/\/sp1slupsk.pl\/wp-content\/uploads\/2023\/09\/373396487_605990125035837_2011607636649105226_n.jpg\" \/>\n\t\t\t\t\t\t\t\t\t\t\t\t\t\t<\/a>\n\t\t\t\t\t\t\t\t\t\t\t\t\t\t\t\t\t\t\t\t\t\t\t\t\t<\/p>\n\t\t\t\t\t\t\t\t\t\t\t\t\t\t\t\t\t\t\t\t\t\t\t<\/div><!-- .gllr_image_block -->\n\t\t\t\t\t\t\t\t\t\t\t\t\t\t\t\t\t\t\t\t\t<div class=\"gllr_image_block\">\n\t\t\t\t\t\t\t\t\t\t\t\t<p style=\"width:180px;height:140px;\">\n\t\t\t\t\t\t\t\t\t\t\t\t\t\t\t\t\t\t\t\t\t\t\t\t\t\t\t<a rel=\"gallery_fancybox_83609\" href=\"https:\/\/sp1slupsk.pl\/wp-content\/uploads\/2023\/09\/373074576_2002916703419744_8776528998679780997_n-1024x769.jpg\" title=\"Miejska Inauguracja Roku Szkolnego w murach naszej Jedynki\">\n\t\t\t\t\t\t\t\t\t\t\t\t\t\t\t<img style=\"width:160px;height:120px; border-width: 10px; border-color:#F1F1F1;border: 10px solid #F1F1F1\" alt=\"\" title=\"Miejska Inauguracja Roku Szkolnego w murach naszej Jedynki\" src=\"https:\/\/sp1slupsk.pl\/wp-content\/uploads\/2023\/09\/373074576_2002916703419744_8776528998679780997_n-160x120.jpg\" rel=\"https:\/\/sp1slupsk.pl\/wp-content\/uploads\/2023\/09\/373074576_2002916703419744_8776528998679780997_n.jpg\" \/>\n\t\t\t\t\t\t\t\t\t\t\t\t\t\t<\/a>\n\t\t\t\t\t\t\t\t\t\t\t\t\t\t\t\t\t\t\t\t\t\t\t\t\t<\/p>\n\t\t\t\t\t\t\t\t\t\t\t\t\t\t\t\t\t\t\t\t\t\t\t<\/div><!-- .gllr_image_block -->\n\t\t\t\t\t\t\t\t\t\t\t\t\t\t\t\t\t\t\t\t\t<div class=\"gllr_image_block\">\n\t\t\t\t\t\t\t\t\t\t\t\t<p style=\"width:180px;height:140px;\">\n\t\t\t\t\t\t\t\t\t\t\t\t\t\t\t\t\t\t\t\t\t\t\t\t\t\t\t<a rel=\"gallery_fancybox_83609\" href=\"https:\/\/sp1slupsk.pl\/wp-content\/uploads\/2023\/09\/372949703_850735016436438_8342219342177195373_n-1024x769.jpg\" title=\"Miejska Inauguracja Roku Szkolnego w murach naszej Jedynki\">\n\t\t\t\t\t\t\t\t\t\t\t\t\t\t\t<img style=\"width:160px;height:120px; border-width: 10px; border-color:#F1F1F1;border: 10px solid #F1F1F1\" alt=\"\" title=\"Miejska Inauguracja Roku Szkolnego w murach naszej Jedynki\" src=\"https:\/\/sp1slupsk.pl\/wp-content\/uploads\/2023\/09\/372949703_850735016436438_8342219342177195373_n-160x120.jpg\" rel=\"https:\/\/sp1slupsk.pl\/wp-content\/uploads\/2023\/09\/372949703_850735016436438_8342219342177195373_n.jpg\" \/>\n\t\t\t\t\t\t\t\t\t\t\t\t\t\t<\/a>\n\t\t\t\t\t\t\t\t\t\t\t\t\t\t\t\t\t\t\t\t\t\t\t\t\t<\/p>\n\t\t\t\t\t\t\t\t\t\t\t\t\t\t\t\t\t\t\t\t\t\t\t<\/div><!-- .gllr_image_block -->\n\t\t\t\t\t\t\t\t\t\t\t\t\t\t\t\t\t\t\t\t\t<\/div><!-- .gllr_image_row -->\n\t\t\t\t\t\t\t\t\t\t\t\t\t\t\t\t\t\t\t\t\t<div class=\"gllr_image_row\">\n\t\t\t\t\t\t\t\t\t\t\t\t\t\t\t\t\t\t\t\t\t<div class=\"gllr_image_block\">\n\t\t\t\t\t\t\t\t\t\t\t\t<p style=\"width:180px;height:140px;\">\n\t\t\t\t\t\t\t\t\t\t\t\t\t\t\t\t\t\t\t\t\t\t\t\t\t\t\t<a rel=\"gallery_fancybox_83609\" href=\"https:\/\/sp1slupsk.pl\/wp-content\/uploads\/2023\/09\/373072036_290819710344724_3635891626739040928_n-1024x769.jpg\" title=\"Miejska Inauguracja Roku Szkolnego w murach naszej Jedynki\">\n\t\t\t\t\t\t\t\t\t\t\t\t\t\t\t<img style=\"width:160px;height:120px; border-width: 10px; border-color:#F1F1F1;border: 10px solid #F1F1F1\" alt=\"\" title=\"Miejska Inauguracja Roku Szkolnego w murach naszej Jedynki\" src=\"https:\/\/sp1slupsk.pl\/wp-content\/uploads\/2023\/09\/373072036_290819710344724_3635891626739040928_n-160x120.jpg\" rel=\"https:\/\/sp1slupsk.pl\/wp-content\/uploads\/2023\/09\/373072036_290819710344724_3635891626739040928_n.jpg\" \/>\n\t\t\t\t\t\t\t\t\t\t\t\t\t\t<\/a>\n\t\t\t\t\t\t\t\t\t\t\t\t\t\t\t\t\t\t\t\t\t\t\t\t\t<\/p>\n\t\t\t\t\t\t\t\t\t\t\t\t\t\t\t\t\t\t\t\t\t\t\t<\/div><!-- .gllr_image_block -->\n\t\t\t\t\t\t\t\t\t\t\t\t\t\t\t\t\t\t\t\t\t<div class=\"gllr_image_block\">\n\t\t\t\t\t\t\t\t\t\t\t\t<p style=\"width:180px;height:140px;\">\n\t\t\t\t\t\t\t\t\t\t\t\t\t\t\t\t\t\t\t\t\t\t\t\t\t\t\t<a rel=\"gallery_fancybox_83609\" href=\"https:\/\/sp1slupsk.pl\/wp-content\/uploads\/2023\/09\/375215749_612333474408693_1180055315192726528_n-769x1024.jpg\" title=\"Miejska Inauguracja Roku Szkolnego w murach naszej Jedynki\">\n\t\t\t\t\t\t\t\t\t\t\t\t\t\t\t<img style=\"width:160px;height:120px; border-width: 10px; border-color:#F1F1F1;border: 10px solid #F1F1F1\" alt=\"\" title=\"Miejska Inauguracja Roku Szkolnego w murach naszej Jedynki\" src=\"https:\/\/sp1slupsk.pl\/wp-content\/uploads\/2023\/09\/375215749_612333474408693_1180055315192726528_n-160x120.jpg\" rel=\"https:\/\/sp1slupsk.pl\/wp-content\/uploads\/2023\/09\/375215749_612333474408693_1180055315192726528_n.jpg\" \/>\n\t\t\t\t\t\t\t\t\t\t\t\t\t\t<\/a>\n\t\t\t\t\t\t\t\t\t\t\t\t\t\t\t\t\t\t\t\t\t\t\t\t\t<\/p>\n\t\t\t\t\t\t\t\t\t\t\t\t\t\t\t\t\t\t\t\t\t\t\t<\/div><!-- .gllr_image_block -->\n\t\t\t\t\t\t\t\t\t\t\t\t\t\t\t\t\t\t\t\t\t<div class=\"gllr_image_block\">\n\t\t\t\t\t\t\t\t\t\t\t\t<p style=\"width:180px;height:140px;\">\n\t\t\t\t\t\t\t\t\t\t\t\t\t\t\t\t\t\t\t\t\t\t\t\t\t\t\t<a rel=\"gallery_fancybox_83609\" href=\"https:\/\/sp1slupsk.pl\/wp-content\/uploads\/2023\/09\/373408121_2551991058308254_7186075239772299191_n-1024x768.jpg\" title=\"Miejska Inauguracja Roku Szkolnego w murach naszej Jedynki\">\n\t\t\t\t\t\t\t\t\t\t\t\t\t\t\t<img style=\"width:160px;height:120px; border-width: 10px; border-color:#F1F1F1;border: 10px solid #F1F1F1\" alt=\"\" title=\"Miejska Inauguracja Roku Szkolnego w murach naszej Jedynki\" src=\"https:\/\/sp1slupsk.pl\/wp-content\/uploads\/2023\/09\/373408121_2551991058308254_7186075239772299191_n-160x120.jpg\" rel=\"https:\/\/sp1slupsk.pl\/wp-content\/uploads\/2023\/09\/373408121_2551991058308254_7186075239772299191_n.jpg\" \/>\n\t\t\t\t\t\t\t\t\t\t\t\t\t\t<\/a>\n\t\t\t\t\t\t\t\t\t\t\t\t\t\t\t\t\t\t\t\t\t\t\t\t\t<\/p>\n\t\t\t\t\t\t\t\t\t\t\t\t\t\t\t\t\t\t\t\t\t\t\t<\/div><!-- .gllr_image_block -->\n\t\t\t\t\t\t\t\t\t\t\t\t\t\t\t\t\t\t\t\t\t<\/div><!-- .gllr_image_row -->\n\t\t\t\t\t\t\t\t\t\t\t\t\t\t\t\t\t\t\t\t\t<div class=\"gllr_image_row\">\n\t\t\t\t\t\t\t\t\t\t\t\t\t\t\t\t\t\t\t\t\t<div class=\"gllr_image_block\">\n\t\t\t\t\t\t\t\t\t\t\t\t<p style=\"width:180px;height:140px;\">\n\t\t\t\t\t\t\t\t\t\t\t\t\t\t\t\t\t\t\t\t\t\t\t\t\t\t\t<a rel=\"gallery_fancybox_83609\" href=\"https:\/\/sp1slupsk.pl\/wp-content\/uploads\/2023\/09\/373050076_1524515078317114_526363760456950500_n-1024x769.jpg\" title=\"Miejska Inauguracja Roku Szkolnego w murach naszej Jedynki\">\n\t\t\t\t\t\t\t\t\t\t\t\t\t\t\t<img style=\"width:160px;height:120px; border-width: 10px; border-color:#F1F1F1;border: 10px solid #F1F1F1\" alt=\"\" title=\"Miejska Inauguracja Roku Szkolnego w murach naszej Jedynki\" src=\"https:\/\/sp1slupsk.pl\/wp-content\/uploads\/2023\/09\/373050076_1524515078317114_526363760456950500_n-160x120.jpg\" rel=\"https:\/\/sp1slupsk.pl\/wp-content\/uploads\/2023\/09\/373050076_1524515078317114_526363760456950500_n.jpg\" \/>\n\t\t\t\t\t\t\t\t\t\t\t\t\t\t<\/a>\n\t\t\t\t\t\t\t\t\t\t\t\t\t\t\t\t\t\t\t\t\t\t\t\t\t<\/p>\n\t\t\t\t\t\t\t\t\t\t\t\t\t\t\t\t\t\t\t\t\t\t\t<\/div><!-- .gllr_image_block -->\n\t\t\t\t\t\t\t\t\t\t\t\t\t\t\t\t\t\t\t\t\t<div class=\"gllr_image_block\">\n\t\t\t\t\t\t\t\t\t\t\t\t<p style=\"width:180px;height:140px;\">\n\t\t\t\t\t\t\t\t\t\t\t\t\t\t\t\t\t\t\t\t\t\t\t\t\t\t\t<a rel=\"gallery_fancybox_83609\" href=\"https:\/\/sp1slupsk.pl\/wp-content\/uploads\/2023\/09\/373393543_954299785630795_1171689811786540761_n-769x1024.jpg\" title=\"Miejska Inauguracja Roku Szkolnego w murach naszej Jedynki\">\n\t\t\t\t\t\t\t\t\t\t\t\t\t\t\t<img style=\"width:160px;height:120px; border-width: 10px; border-color:#F1F1F1;border: 10px solid #F1F1F1\" alt=\"\" title=\"Miejska Inauguracja Roku Szkolnego w murach naszej Jedynki\" src=\"https:\/\/sp1slupsk.pl\/wp-content\/uploads\/2023\/09\/373393543_954299785630795_1171689811786540761_n-160x120.jpg\" rel=\"https:\/\/sp1slupsk.pl\/wp-content\/uploads\/2023\/09\/373393543_954299785630795_1171689811786540761_n.jpg\" \/>\n\t\t\t\t\t\t\t\t\t\t\t\t\t\t<\/a>\n\t\t\t\t\t\t\t\t\t\t\t\t\t\t\t\t\t\t\t\t\t\t\t\t\t<\/p>\n\t\t\t\t\t\t\t\t\t\t\t\t\t\t\t\t\t\t\t\t\t\t\t<\/div><!-- .gllr_image_block -->\n\t\t\t\t\t\t\t\t\t\t\t\t\t\t\t\t\t\t\t\t\t<div class=\"gllr_image_block\">\n\t\t\t\t\t\t\t\t\t\t\t\t<p style=\"width:180px;height:140px;\">\n\t\t\t\t\t\t\t\t\t\t\t\t\t\t\t\t\t\t\t\t\t\t\t\t\t\t\t<a rel=\"gallery_fancybox_83609\" href=\"https:\/\/sp1slupsk.pl\/wp-content\/uploads\/2023\/09\/373411314_112300611967910_6224868839239731144_n-1024x769.jpg\" title=\"Miejska Inauguracja Roku Szkolnego w murach naszej Jedynki\">\n\t\t\t\t\t\t\t\t\t\t\t\t\t\t\t<img style=\"width:160px;height:120px; border-width: 10px; border-color:#F1F1F1;border: 10px solid #F1F1F1\" alt=\"\" title=\"Miejska Inauguracja Roku Szkolnego w murach naszej Jedynki\" src=\"https:\/\/sp1slupsk.pl\/wp-content\/uploads\/2023\/09\/373411314_112300611967910_6224868839239731144_n-160x120.jpg\" rel=\"https:\/\/sp1slupsk.pl\/wp-content\/uploads\/2023\/09\/373411314_112300611967910_6224868839239731144_n.jpg\" \/>\n\t\t\t\t\t\t\t\t\t\t\t\t\t\t<\/a>\n\t\t\t\t\t\t\t\t\t\t\t\t\t\t\t\t\t\t\t\t\t\t\t\t\t<\/p>\n\t\t\t\t\t\t\t\t\t\t\t\t\t\t\t\t\t\t\t\t\t\t\t<\/div><!-- .gllr_image_block -->\n\t\t\t\t\t\t\t\t\t\t\t\t\t\t\t\t\t\t\t\t\t<\/div><!-- .gllr_image_row -->\n\t\t\t\t\t\t\t\t\t\t\t\t\t\t\t\t\t\t\t\t\t<div class=\"gllr_image_row\">\n\t\t\t\t\t\t\t\t\t\t\t\t\t\t\t\t\t\t\t\t\t<div class=\"gllr_image_block\">\n\t\t\t\t\t\t\t\t\t\t\t\t<p style=\"width:180px;height:140px;\">\n\t\t\t\t\t\t\t\t\t\t\t\t\t\t\t\t\t\t\t\t\t\t\t\t\t\t\t<a rel=\"gallery_fancybox_83609\" href=\"https:\/\/sp1slupsk.pl\/wp-content\/uploads\/2023\/09\/374998935_850209719613239_3660291541227127206_n-769x1024.jpg\" title=\"Miejska Inauguracja Roku Szkolnego w murach naszej Jedynki\">\n\t\t\t\t\t\t\t\t\t\t\t\t\t\t\t<img style=\"width:160px;height:120px; border-width: 10px; border-color:#F1F1F1;border: 10px solid #F1F1F1\" alt=\"\" title=\"Miejska Inauguracja Roku Szkolnego w murach naszej Jedynki\" src=\"https:\/\/sp1slupsk.pl\/wp-content\/uploads\/2023\/09\/374998935_850209719613239_3660291541227127206_n-160x120.jpg\" rel=\"https:\/\/sp1slupsk.pl\/wp-content\/uploads\/2023\/09\/374998935_850209719613239_3660291541227127206_n.jpg\" \/>\n\t\t\t\t\t\t\t\t\t\t\t\t\t\t<\/a>\n\t\t\t\t\t\t\t\t\t\t\t\t\t\t\t\t\t\t\t\t\t\t\t\t\t<\/p>\n\t\t\t\t\t\t\t\t\t\t\t\t\t\t\t\t\t\t\t\t\t\t\t<\/div><!-- .gllr_image_block -->\n\t\t\t\t\t\t\t\t\t\t\t\t\t\t\t\t\t\t\t\t\t<div class=\"gllr_image_block\">\n\t\t\t\t\t\t\t\t\t\t\t\t<p style=\"width:180px;height:140px;\">\n\t\t\t\t\t\t\t\t\t\t\t\t\t\t\t\t\t\t\t\t\t\t\t\t\t\t\t<a rel=\"gallery_fancybox_83609\" href=\"https:\/\/sp1slupsk.pl\/wp-content\/uploads\/2023\/09\/372898441_321048180339117_4429118144295450172_n-769x1024.jpg\" title=\"Miejska Inauguracja Roku Szkolnego w murach naszej Jedynki\">\n\t\t\t\t\t\t\t\t\t\t\t\t\t\t\t<img style=\"width:160px;height:120px; border-width: 10px; border-color:#F1F1F1;border: 10px solid #F1F1F1\" alt=\"\" title=\"Miejska Inauguracja Roku Szkolnego w murach naszej Jedynki\" src=\"https:\/\/sp1slupsk.pl\/wp-content\/uploads\/2023\/09\/372898441_321048180339117_4429118144295450172_n-160x120.jpg\" rel=\"https:\/\/sp1slupsk.pl\/wp-content\/uploads\/2023\/09\/372898441_321048180339117_4429118144295450172_n.jpg\" \/>\n\t\t\t\t\t\t\t\t\t\t\t\t\t\t<\/a>\n\t\t\t\t\t\t\t\t\t\t\t\t\t\t\t\t\t\t\t\t\t\t\t\t\t<\/p>\n\t\t\t\t\t\t\t\t\t\t\t\t\t\t\t\t\t\t\t\t\t\t\t<\/div><!-- .gllr_image_block -->\n\t\t\t\t\t\t\t\t\t\t\t\t\t\t\t\t\t\t\t\t\t<div class=\"gllr_image_block\">\n\t\t\t\t\t\t\t\t\t\t\t\t<p style=\"width:180px;height:140px;\">\n\t\t\t\t\t\t\t\t\t\t\t\t\t\t\t\t\t\t\t\t\t\t\t\t\t\t\t<a rel=\"gallery_fancybox_83609\" href=\"https:\/\/sp1slupsk.pl\/wp-content\/uploads\/2023\/09\/373269505_830703158581469_3363813715037070816_n-1024x769.jpg\" title=\"Miejska Inauguracja Roku Szkolnego w murach naszej Jedynki\">\n\t\t\t\t\t\t\t\t\t\t\t\t\t\t\t<img style=\"width:160px;height:120px; border-width: 10px; border-color:#F1F1F1;border: 10px solid #F1F1F1\" alt=\"\" title=\"Miejska Inauguracja Roku Szkolnego w murach naszej Jedynki\" src=\"https:\/\/sp1slupsk.pl\/wp-content\/uploads\/2023\/09\/373269505_830703158581469_3363813715037070816_n-160x120.jpg\" rel=\"https:\/\/sp1slupsk.pl\/wp-content\/uploads\/2023\/09\/373269505_830703158581469_3363813715037070816_n.jpg\" \/>\n\t\t\t\t\t\t\t\t\t\t\t\t\t\t<\/a>\n\t\t\t\t\t\t\t\t\t\t\t\t\t\t\t\t\t\t\t\t\t\t\t\t\t<\/p>\n\t\t\t\t\t\t\t\t\t\t\t\t\t\t\t\t\t\t\t\t\t\t\t<\/div><!-- .gllr_image_block -->\n\t\t\t\t\t\t\t\t\t\t\t\t\t\t\t\t\t\t\t\t\t<\/div><!-- .gllr_image_row -->\n\t\t\t\t\t\t\t\t\t\t\t\t\t\t\t\t\t\t<\/div><!-- .gallery.clearfix -->\n\t\t\t\t\t\t\t\t\t\t\t\t\t<\/div><!-- .gallery_box_single -->\n\t\t\t\t\t\t<div class=\"gllr_clear\"><\/div>\n\t\t\t\t\t\t\t\t\t<script type=\"text\/javascript\">\n\t\t\t\t\t(function($) {\n\t\t\t\t\t\t$(document).ready( function() {\n\t\t\t\t\t\t\t$( \"a[rel=gallery_fancybox_83609]\" ).fancybox( {\n\t\t\t\t\t\t\t\t'transitionIn'\t\t:\t'elastic',\n\t\t\t\t\t\t\t\t'transitionOut'\t\t:\t'elastic',\n\t\t\t\t\t\t\t\t'titlePosition' \t:\t'inside',\n\t\t\t\t\t\t\t\t'speedIn'\t\t\t:\t500, \n\t\t\t\t\t\t\t\t'speedOut'\t\t\t:\t300,\n\t\t\t\t\t\t\t\t'titleFormat'\t\t:\tfunction( title, currentArray, currentIndex, currentOpts ) {\n\t\t\t\t\t\t\t\t\treturn '<div id=\"fancybox-title-inside\">' + ( title.length ? '<span id=\"bws_gallery_image_title\">' + title + '<\/span><br \/>' : '' ) + '<span id=\"bws_gallery_image_counter\">Image ' + ( currentIndex + 1 ) + ' \/ ' + currentArray.length + '<\/span><\/div>';\n\t\t\t\t\t\t\t\t}\t\t\t\t\t\t\t});\n\t\t\t\t\t\t});\n\t\t\t\t\t})(jQuery);\n\t\t\t\t<\/script>\n\t\t\t\n\n\n\n<figure class=\"wp-block-embed-youtube wp-block-embed is-type-video is-provider-youtube wp-embed-aspect-16-9 wp-has-aspect-ratio\"><div class=\"wp-block-embed__wrapper\">\n<iframe title=\"Szkolny zesp\u00f3\u0142 Jedynki - Idealnie\" width=\"800\" height=\"450\" src=\"https:\/\/www.youtube.com\/embed\/Ao7WkUtYJg0?feature=oembed\" frameborder=\"0\" allow=\"accelerometer; autoplay; clipboard-write; encrypted-media; gyroscope; picture-in-picture; web-share\" allowfullscreen><\/iframe>\n<\/div><\/figure>\n\n\n\n<figure class=\"wp-block-embed-youtube wp-block-embed is-type-video is-provider-youtube wp-embed-aspect-16-9 wp-has-aspect-ratio\"><div class=\"wp-block-embed__wrapper\">\n<iframe title=\"Szkolny zesp\u00f3\u0142 Jedynki - Rado\u015b\u0107 najpi\u0119kniejszych lat\" width=\"800\" height=\"450\" src=\"https:\/\/www.youtube.com\/embed\/j5S5KRrh81g?feature=oembed\" frameborder=\"0\" allow=\"accelerometer; autoplay; clipboard-write; encrypted-media; gyroscope; picture-in-picture; web-share\" allowfullscreen><\/iframe>\n<\/div><\/figure>\n\n\n\n<figure class=\"wp-block-embed-youtube wp-block-embed is-type-video is-provider-youtube wp-embed-aspect-4-3 wp-has-aspect-ratio\"><div class=\"wp-block-embed__wrapper\">\n<iframe title=\"Szkolny zesp\u00f3l Jedynki - Trymai\" width=\"800\" height=\"600\" src=\"https:\/\/www.youtube.com\/embed\/jpfAwYThmPg?feature=oembed\" frameborder=\"0\" allow=\"accelerometer; autoplay; clipboard-write; encrypted-media; gyroscope; picture-in-picture; web-share\" allowfullscreen><\/iframe>\n<\/div><\/figure>\n\n\n\n<figure class=\"wp-block-embed-youtube wp-block-embed is-type-video is-provider-youtube wp-embed-aspect-4-3 wp-has-aspect-ratio\"><div class=\"wp-block-embed__wrapper\">\n<iframe title=\"Szkolny zesp\u00f3\u0142 Jedynki - 100\" width=\"800\" height=\"600\" src=\"https:\/\/www.youtube.com\/embed\/smaFQboLKk0?feature=oembed\" frameborder=\"0\" allow=\"accelerometer; autoplay; clipboard-write; encrypted-media; gyroscope; picture-in-picture; web-share\" allowfullscreen><\/iframe>\n<\/div><\/figure>\n","protected":false},"excerpt":{"rendered":"<p>Miejska Inauguracja Roku Szkolnego w murach naszej Jedynki Ju\u017c 79 raz w naszej Jedynce wybrzmia\u0142 pierwszy dzwonek, og\u0142aszaj\u0105cy rozpocz\u0119cie roku szkolnego. Tym razem by\u0142o to wyj\u0105tkowe wydarzenie, poniewa\u017c jako gospodarz miejskich uroczysto\u015bci, mieli\u015bmy przyjemno\u015b\u0107 go\u015bci\u0107 znamienitych przedstawicieli w\u0142adz S\u0142upska oraz instytucji o\u015bwiatowych. Pani Prezydent w swoim przem\u00f3wieniu skierowa\u0142a wiele ciep\u0142ych s\u0142\u00f3w pod adresem nauczycieli oraz <a href=\"https:\/\/sp1slupsk.pl\/?gallery=miejska-inauguracja-roku-szkolnego\"><b>&#8230;wi\u0119cej<\/b><\/a><\/p>\n","protected":false},"author":1,"featured_media":83663,"comment_status":"closed","ping_status":"closed","sticky":false,"template":"","format":"standard","meta":[],"categories":[22,23],"tags":[],"_links":{"self":[{"href":"https:\/\/sp1slupsk.pl\/index.php?rest_route=\/wp\/v2\/posts\/83608"}],"collection":[{"href":"https:\/\/sp1slupsk.pl\/index.php?rest_route=\/wp\/v2\/posts"}],"about":[{"href":"https:\/\/sp1slupsk.pl\/index.php?rest_route=\/wp\/v2\/types\/post"}],"author":[{"embeddable":true,"href":"https:\/\/sp1slupsk.pl\/index.php?rest_route=\/wp\/v2\/users\/1"}],"replies":[{"embeddable":true,"href":"https:\/\/sp1slupsk.pl\/index.php?rest_route=%2Fwp%2Fv2%2Fcomments&post=83608"}],"version-history":[{"count":8,"href":"https:\/\/sp1slupsk.pl\/index.php?rest_route=\/wp\/v2\/posts\/83608\/revisions"}],"predecessor-version":[{"id":83677,"href":"https:\/\/sp1slupsk.pl\/index.php?rest_route=\/wp\/v2\/posts\/83608\/revisions\/83677"}],"wp:featuredmedia":[{"embeddable":true,"href":"https:\/\/sp1slupsk.pl\/index.php?rest_route=\/wp\/v2\/media\/83663"}],"wp:attachment":[{"href":"https:\/\/sp1slupsk.pl\/index.php?rest_route=%2Fwp%2Fv2%2Fmedia&parent=83608"}],"wp:term":[{"taxonomy":"category","embeddable":true,"href":"https:\/\/sp1slupsk.pl\/index.php?rest_route=%2Fwp%2Fv2%2Fcategories&post=83608"},{"taxonomy":"post_tag","embeddable":true,"href":"https:\/\/sp1slupsk.pl\/index.php?rest_route=%2Fwp%2Fv2%2Ftags&post=83608"}],"curies":[{"name":"wp","href":"https:\/\/api.w.org\/{rel}","templated":true}]}}