{"id":84339,"date":"2023-11-25T15:26:00","date_gmt":"2023-11-25T14:26:00","guid":{"rendered":"http:\/\/sp1slupsk.pl\/?p=84339"},"modified":"2023-11-28T13:10:52","modified_gmt":"2023-11-28T12:10:52","slug":"gala-finalowa-ix-edycji-pomorskiego-festiwalu-piosenki-marinistycznej","status":"publish","type":"post","link":"https:\/\/sp1slupsk.pl\/?p=84339","title":{"rendered":"Gala fina\u0142owa IX Edycji Pomorskiego Festiwalu Piosenki Marynistycznej"},"content":{"rendered":"\n<p>25 listopada cztery nasze wolontariuszki nale\u017c\u0105ce do Szkolnego Klubu Wolontariusza wraz z opiekunem pani\u0105 Ew\u0105 Pyzio wspar\u0142y swoj\u0105 prac\u0105 organizacj\u0119 gali fina\u0142owej IX Edycji Pomorskiego Festiwalu Piosenki Marynistycznej ,,Marina 2023\u2033, kt\u00f3ra odby\u0142a si\u0119 w Centrum Kultury w Kobylnicy. Dzi\u0119kujemy Pani sekretarz konkursu &#8211; wicedyrektor Annie Bieleckiej &#8211; za zaproszenie.<\/p>\n\n\n\n\t\t\t\t\t\t<div class=\"gallery_box_single\">\n\t\t\t\t\t\t\t\t\t\t\t\t\t\t\t<div class=\"gallery clearfix\">\n\t\t\t\t\t\t\t\t\t\t\t\t\t\t\t\t\t\t\t\t<div class=\"gllr_image_row\">\n\t\t\t\t\t\t\t\t\t\t\t\t\t\t\t\t\t\t\t\t\t<div class=\"gllr_image_block\">\n\t\t\t\t\t\t\t\t\t\t\t\t<p style=\"width:180px;height:140px;\">\n\t\t\t\t\t\t\t\t\t\t\t\t\t\t\t\t\t\t\t\t\t\t\t\t\t\t\t<a rel=\"gallery_fancybox_84340\" href=\"https:\/\/sp1slupsk.pl\/wp-content\/uploads\/2023\/11\/400758393_1330770707642805_4976444809189111198_n-1024x768.jpg\" title=\"Nasze wolontariuszki nale\u017c\u0105ce do Szkolnego Klubu Wolontariusza wraz z opiekunem pani\u0105 Ew\u0105 Pyzio wspar\u0142y swoj\u0105 prac\u0105 organizacj\u0119 gali fina\u0142owej IX Edycji Pomorskiego Festiwalu Piosenki Marinistycznej ,,Marina 2023&quot;, kt\u00f3ra odby\u0142a si\u0119 w Centrum Kultury w Kobylnicy.\">\n\t\t\t\t\t\t\t\t\t\t\t\t\t\t\t<img style=\"width:160px;height:120px; border-width: 10px; border-color:#F1F1F1;border: 10px solid #F1F1F1\" alt=\"\" title=\"Nasze wolontariuszki nale\u017c\u0105ce do Szkolnego Klubu Wolontariusza wraz z opiekunem pani\u0105 Ew\u0105 Pyzio wspar\u0142y swoj\u0105 prac\u0105 organizacj\u0119 gali fina\u0142owej IX Edycji Pomorskiego Festiwalu Piosenki Marinistycznej ,,Marina 2023&quot;, kt\u00f3ra odby\u0142a si\u0119 w Centrum Kultury w Kobylnicy.\" src=\"https:\/\/sp1slupsk.pl\/wp-content\/uploads\/2023\/11\/400758393_1330770707642805_4976444809189111198_n-160x120.jpg\" rel=\"https:\/\/sp1slupsk.pl\/wp-content\/uploads\/2023\/11\/400758393_1330770707642805_4976444809189111198_n.jpg\" \/>\n\t\t\t\t\t\t\t\t\t\t\t\t\t\t<\/a>\n\t\t\t\t\t\t\t\t\t\t\t\t\t\t\t\t\t\t\t\t\t\t\t\t\t<\/p>\n\t\t\t\t\t\t\t\t\t\t\t\t\t\t\t\t\t\t\t\t\t\t\t<\/div><!-- .gllr_image_block -->\n\t\t\t\t\t\t\t\t\t\t\t\t\t\t\t\t\t\t\t\t\t<div class=\"gllr_image_block\">\n\t\t\t\t\t\t\t\t\t\t\t\t<p style=\"width:180px;height:140px;\">\n\t\t\t\t\t\t\t\t\t\t\t\t\t\t\t\t\t\t\t\t\t\t\t\t\t\t\t<a rel=\"gallery_fancybox_84340\" href=\"https:\/\/sp1slupsk.pl\/wp-content\/uploads\/2023\/11\/400395601_632246425541130_4605816000815060676_n-1024x768.jpg\" title=\"Nasze wolontariuszki nale\u017c\u0105ce do Szkolnego Klubu Wolontariusza wraz z opiekunem pani\u0105 Ew\u0105 Pyzio wspar\u0142y swoj\u0105 prac\u0105 organizacj\u0119 gali fina\u0142owej IX Edycji Pomorskiego Festiwalu Piosenki Marinistycznej ,,Marina 2023&quot;, kt\u00f3ra odby\u0142a si\u0119 w Centrum Kultury w Kobylnicy.\">\n\t\t\t\t\t\t\t\t\t\t\t\t\t\t\t<img style=\"width:160px;height:120px; border-width: 10px; border-color:#F1F1F1;border: 10px solid #F1F1F1\" alt=\"\" title=\"Nasze wolontariuszki nale\u017c\u0105ce do Szkolnego Klubu Wolontariusza wraz z opiekunem pani\u0105 Ew\u0105 Pyzio wspar\u0142y swoj\u0105 prac\u0105 organizacj\u0119 gali fina\u0142owej IX Edycji Pomorskiego Festiwalu Piosenki Marinistycznej ,,Marina 2023&quot;, kt\u00f3ra odby\u0142a si\u0119 w Centrum Kultury w Kobylnicy.\" src=\"https:\/\/sp1slupsk.pl\/wp-content\/uploads\/2023\/11\/400395601_632246425541130_4605816000815060676_n-160x120.jpg\" rel=\"https:\/\/sp1slupsk.pl\/wp-content\/uploads\/2023\/11\/400395601_632246425541130_4605816000815060676_n.jpg\" \/>\n\t\t\t\t\t\t\t\t\t\t\t\t\t\t<\/a>\n\t\t\t\t\t\t\t\t\t\t\t\t\t\t\t\t\t\t\t\t\t\t\t\t\t<\/p>\n\t\t\t\t\t\t\t\t\t\t\t\t\t\t\t\t\t\t\t\t\t\t\t<\/div><!-- .gllr_image_block -->\n\t\t\t\t\t\t\t\t\t\t\t\t\t\t\t\t\t\t\t\t\t<div class=\"gllr_image_block\">\n\t\t\t\t\t\t\t\t\t\t\t\t<p style=\"width:180px;height:140px;\">\n\t\t\t\t\t\t\t\t\t\t\t\t\t\t\t\t\t\t\t\t\t\t\t\t\t\t\t<a rel=\"gallery_fancybox_84340\" href=\"https:\/\/sp1slupsk.pl\/wp-content\/uploads\/2023\/11\/403399792_788587489642247_2224588968958844998_n-1024x768.jpg\" title=\"Nasze wolontariuszki nale\u017c\u0105ce do Szkolnego Klubu Wolontariusza wraz z opiekunem pani\u0105 Ew\u0105 Pyzio wspar\u0142y swoj\u0105 prac\u0105 organizacj\u0119 gali fina\u0142owej IX Edycji Pomorskiego Festiwalu Piosenki Marinistycznej ,,Marina 2023&quot;, kt\u00f3ra odby\u0142a si\u0119 w Centrum Kultury w Kobylnicy.\">\n\t\t\t\t\t\t\t\t\t\t\t\t\t\t\t<img style=\"width:160px;height:120px; border-width: 10px; border-color:#F1F1F1;border: 10px solid #F1F1F1\" alt=\"\" title=\"Nasze wolontariuszki nale\u017c\u0105ce do Szkolnego Klubu Wolontariusza wraz z opiekunem pani\u0105 Ew\u0105 Pyzio wspar\u0142y swoj\u0105 prac\u0105 organizacj\u0119 gali fina\u0142owej IX Edycji Pomorskiego Festiwalu Piosenki Marinistycznej ,,Marina 2023&quot;, kt\u00f3ra odby\u0142a si\u0119 w Centrum Kultury w Kobylnicy.\" src=\"https:\/\/sp1slupsk.pl\/wp-content\/uploads\/2023\/11\/403399792_788587489642247_2224588968958844998_n-160x120.jpg\" rel=\"https:\/\/sp1slupsk.pl\/wp-content\/uploads\/2023\/11\/403399792_788587489642247_2224588968958844998_n.jpg\" \/>\n\t\t\t\t\t\t\t\t\t\t\t\t\t\t<\/a>\n\t\t\t\t\t\t\t\t\t\t\t\t\t\t\t\t\t\t\t\t\t\t\t\t\t<\/p>\n\t\t\t\t\t\t\t\t\t\t\t\t\t\t\t\t\t\t\t\t\t\t\t<\/div><!-- .gllr_image_block -->\n\t\t\t\t\t\t\t\t\t\t\t\t\t\t\t\t\t\t\t\t\t<\/div><!-- .gllr_image_row -->\n\t\t\t\t\t\t\t\t\t\t\t\t\t\t\t\t\t\t\t\t\t<div class=\"gllr_image_row\">\n\t\t\t\t\t\t\t\t\t\t\t\t\t\t\t\t\t\t\t\t\t<div class=\"gllr_image_block\">\n\t\t\t\t\t\t\t\t\t\t\t\t<p style=\"width:180px;height:140px;\">\n\t\t\t\t\t\t\t\t\t\t\t\t\t\t\t\t\t\t\t\t\t\t\t\t\t\t\t<a rel=\"gallery_fancybox_84340\" href=\"https:\/\/sp1slupsk.pl\/wp-content\/uploads\/2023\/11\/400378621_364523702902573_8044118654638202568_n-1024x768.jpg\" title=\"Nasze wolontariuszki nale\u017c\u0105ce do Szkolnego Klubu Wolontariusza wraz z opiekunem pani\u0105 Ew\u0105 Pyzio wspar\u0142y swoj\u0105 prac\u0105 organizacj\u0119 gali fina\u0142owej IX Edycji Pomorskiego Festiwalu Piosenki Marinistycznej ,,Marina 2023&quot;, kt\u00f3ra odby\u0142a si\u0119 w Centrum Kultury w Kobylnicy.\">\n\t\t\t\t\t\t\t\t\t\t\t\t\t\t\t<img style=\"width:160px;height:120px; border-width: 10px; border-color:#F1F1F1;border: 10px solid #F1F1F1\" alt=\"\" title=\"Nasze wolontariuszki nale\u017c\u0105ce do Szkolnego Klubu Wolontariusza wraz z opiekunem pani\u0105 Ew\u0105 Pyzio wspar\u0142y swoj\u0105 prac\u0105 organizacj\u0119 gali fina\u0142owej IX Edycji Pomorskiego Festiwalu Piosenki Marinistycznej ,,Marina 2023&quot;, kt\u00f3ra odby\u0142a si\u0119 w Centrum Kultury w Kobylnicy.\" src=\"https:\/\/sp1slupsk.pl\/wp-content\/uploads\/2023\/11\/400378621_364523702902573_8044118654638202568_n-160x120.jpg\" rel=\"https:\/\/sp1slupsk.pl\/wp-content\/uploads\/2023\/11\/400378621_364523702902573_8044118654638202568_n.jpg\" \/>\n\t\t\t\t\t\t\t\t\t\t\t\t\t\t<\/a>\n\t\t\t\t\t\t\t\t\t\t\t\t\t\t\t\t\t\t\t\t\t\t\t\t\t<\/p>\n\t\t\t\t\t\t\t\t\t\t\t\t\t\t\t\t\t\t\t\t\t\t\t<\/div><!-- .gllr_image_block -->\n\t\t\t\t\t\t\t\t\t\t\t\t\t\t\t\t\t\t\t\t\t<div class=\"gllr_image_block\">\n\t\t\t\t\t\t\t\t\t\t\t\t<p style=\"width:180px;height:140px;\">\n\t\t\t\t\t\t\t\t\t\t\t\t\t\t\t\t\t\t\t\t\t\t\t\t\t\t\t<a rel=\"gallery_fancybox_84340\" href=\"https:\/\/sp1slupsk.pl\/wp-content\/uploads\/2023\/11\/400769448_689732506472233_2270020320718756965_n-768x1024.jpg\" title=\"Nasze wolontariuszki nale\u017c\u0105ce do Szkolnego Klubu Wolontariusza wraz z opiekunem pani\u0105 Ew\u0105 Pyzio wspar\u0142y swoj\u0105 prac\u0105 organizacj\u0119 gali fina\u0142owej IX Edycji Pomorskiego Festiwalu Piosenki Marinistycznej ,,Marina 2023&quot;, kt\u00f3ra odby\u0142a si\u0119 w Centrum Kultury w Kobylnicy.\">\n\t\t\t\t\t\t\t\t\t\t\t\t\t\t\t<img style=\"width:160px;height:120px; border-width: 10px; border-color:#F1F1F1;border: 10px solid #F1F1F1\" alt=\"\" title=\"Nasze wolontariuszki nale\u017c\u0105ce do Szkolnego Klubu Wolontariusza wraz z opiekunem pani\u0105 Ew\u0105 Pyzio wspar\u0142y swoj\u0105 prac\u0105 organizacj\u0119 gali fina\u0142owej IX Edycji Pomorskiego Festiwalu Piosenki Marinistycznej ,,Marina 2023&quot;, kt\u00f3ra odby\u0142a si\u0119 w Centrum Kultury w Kobylnicy.\" src=\"https:\/\/sp1slupsk.pl\/wp-content\/uploads\/2023\/11\/400769448_689732506472233_2270020320718756965_n-160x120.jpg\" rel=\"https:\/\/sp1slupsk.pl\/wp-content\/uploads\/2023\/11\/400769448_689732506472233_2270020320718756965_n.jpg\" \/>\n\t\t\t\t\t\t\t\t\t\t\t\t\t\t<\/a>\n\t\t\t\t\t\t\t\t\t\t\t\t\t\t\t\t\t\t\t\t\t\t\t\t\t<\/p>\n\t\t\t\t\t\t\t\t\t\t\t\t\t\t\t\t\t\t\t\t\t\t\t<\/div><!-- .gllr_image_block -->\n\t\t\t\t\t\t\t\t\t\t\t\t\t\t\t\t\t\t\t\t\t<div class=\"gllr_image_block\">\n\t\t\t\t\t\t\t\t\t\t\t\t<p style=\"width:180px;height:140px;\">\n\t\t\t\t\t\t\t\t\t\t\t\t\t\t\t\t\t\t\t\t\t\t\t\t\t\t\t<a rel=\"gallery_fancybox_84340\" href=\"https:\/\/sp1slupsk.pl\/wp-content\/uploads\/2023\/11\/401267865_3825561477721761_5705597273797392229_n-768x1024.jpg\" title=\"Nasze wolontariuszki nale\u017c\u0105ce do Szkolnego Klubu Wolontariusza wraz z opiekunem pani\u0105 Ew\u0105 Pyzio wspar\u0142y swoj\u0105 prac\u0105 organizacj\u0119 gali fina\u0142owej IX Edycji Pomorskiego Festiwalu Piosenki Marinistycznej ,,Marina 2023&quot;, kt\u00f3ra odby\u0142a si\u0119 w Centrum Kultury w Kobylnicy.\">\n\t\t\t\t\t\t\t\t\t\t\t\t\t\t\t<img style=\"width:160px;height:120px; border-width: 10px; border-color:#F1F1F1;border: 10px solid #F1F1F1\" alt=\"\" title=\"Nasze wolontariuszki nale\u017c\u0105ce do Szkolnego Klubu Wolontariusza wraz z opiekunem pani\u0105 Ew\u0105 Pyzio wspar\u0142y swoj\u0105 prac\u0105 organizacj\u0119 gali fina\u0142owej IX Edycji Pomorskiego Festiwalu Piosenki Marinistycznej ,,Marina 2023&quot;, kt\u00f3ra odby\u0142a si\u0119 w Centrum Kultury w Kobylnicy.\" src=\"https:\/\/sp1slupsk.pl\/wp-content\/uploads\/2023\/11\/401267865_3825561477721761_5705597273797392229_n-160x120.jpg\" rel=\"https:\/\/sp1slupsk.pl\/wp-content\/uploads\/2023\/11\/401267865_3825561477721761_5705597273797392229_n.jpg\" \/>\n\t\t\t\t\t\t\t\t\t\t\t\t\t\t<\/a>\n\t\t\t\t\t\t\t\t\t\t\t\t\t\t\t\t\t\t\t\t\t\t\t\t\t<\/p>\n\t\t\t\t\t\t\t\t\t\t\t\t\t\t\t\t\t\t\t\t\t\t\t<\/div><!-- .gllr_image_block -->\n\t\t\t\t\t\t\t\t\t\t\t\t\t\t\t\t\t\t\t\t\t<\/div><!-- .gllr_image_row -->\n\t\t\t\t\t\t\t\t\t\t\t\t\t\t\t\t\t\t\t\t\t<div class=\"gllr_image_row\">\n\t\t\t\t\t\t\t\t\t\t\t\t\t\t\t\t\t\t\t\t\t<div class=\"gllr_image_block\">\n\t\t\t\t\t\t\t\t\t\t\t\t<p style=\"width:180px;height:140px;\">\n\t\t\t\t\t\t\t\t\t\t\t\t\t\t\t\t\t\t\t\t\t\t\t\t\t\t\t<a rel=\"gallery_fancybox_84340\" href=\"https:\/\/sp1slupsk.pl\/wp-content\/uploads\/2023\/11\/399932034_630389015744318_3771656421738163354_n-768x1024.jpg\" title=\"Nasze wolontariuszki nale\u017c\u0105ce do Szkolnego Klubu Wolontariusza wraz z opiekunem pani\u0105 Ew\u0105 Pyzio wspar\u0142y swoj\u0105 prac\u0105 organizacj\u0119 gali fina\u0142owej IX Edycji Pomorskiego Festiwalu Piosenki Marinistycznej ,,Marina 2023&quot;, kt\u00f3ra odby\u0142a si\u0119 w Centrum Kultury w Kobylnicy.\">\n\t\t\t\t\t\t\t\t\t\t\t\t\t\t\t<img style=\"width:160px;height:120px; border-width: 10px; border-color:#F1F1F1;border: 10px solid #F1F1F1\" alt=\"\" title=\"Nasze wolontariuszki nale\u017c\u0105ce do Szkolnego Klubu Wolontariusza wraz z opiekunem pani\u0105 Ew\u0105 Pyzio wspar\u0142y swoj\u0105 prac\u0105 organizacj\u0119 gali fina\u0142owej IX Edycji Pomorskiego Festiwalu Piosenki Marinistycznej ,,Marina 2023&quot;, kt\u00f3ra odby\u0142a si\u0119 w Centrum Kultury w Kobylnicy.\" src=\"https:\/\/sp1slupsk.pl\/wp-content\/uploads\/2023\/11\/399932034_630389015744318_3771656421738163354_n-160x120.jpg\" rel=\"https:\/\/sp1slupsk.pl\/wp-content\/uploads\/2023\/11\/399932034_630389015744318_3771656421738163354_n.jpg\" \/>\n\t\t\t\t\t\t\t\t\t\t\t\t\t\t<\/a>\n\t\t\t\t\t\t\t\t\t\t\t\t\t\t\t\t\t\t\t\t\t\t\t\t\t<\/p>\n\t\t\t\t\t\t\t\t\t\t\t\t\t\t\t\t\t\t\t\t\t\t\t<\/div><!-- .gllr_image_block -->\n\t\t\t\t\t\t\t\t\t\t\t\t\t\t\t\t\t\t\t\t\t<div class=\"gllr_image_block\">\n\t\t\t\t\t\t\t\t\t\t\t\t<p style=\"width:180px;height:140px;\">\n\t\t\t\t\t\t\t\t\t\t\t\t\t\t\t\t\t\t\t\t\t\t\t\t\t\t\t<a rel=\"gallery_fancybox_84340\" href=\"https:\/\/sp1slupsk.pl\/wp-content\/uploads\/2023\/11\/403407055_6922956634486644_4691948804403584546_n-768x1024.jpg\" title=\"Nasze wolontariuszki nale\u017c\u0105ce do Szkolnego Klubu Wolontariusza wraz z opiekunem pani\u0105 Ew\u0105 Pyzio wspar\u0142y swoj\u0105 prac\u0105 organizacj\u0119 gali fina\u0142owej IX Edycji Pomorskiego Festiwalu Piosenki Marinistycznej ,,Marina 2023&quot;, kt\u00f3ra odby\u0142a si\u0119 w Centrum Kultury w Kobylnicy.\">\n\t\t\t\t\t\t\t\t\t\t\t\t\t\t\t<img style=\"width:160px;height:120px; border-width: 10px; border-color:#F1F1F1;border: 10px solid #F1F1F1\" alt=\"\" title=\"Nasze wolontariuszki nale\u017c\u0105ce do Szkolnego Klubu Wolontariusza wraz z opiekunem pani\u0105 Ew\u0105 Pyzio wspar\u0142y swoj\u0105 prac\u0105 organizacj\u0119 gali fina\u0142owej IX Edycji Pomorskiego Festiwalu Piosenki Marinistycznej ,,Marina 2023&quot;, kt\u00f3ra odby\u0142a si\u0119 w Centrum Kultury w Kobylnicy.\" src=\"https:\/\/sp1slupsk.pl\/wp-content\/uploads\/2023\/11\/403407055_6922956634486644_4691948804403584546_n-160x120.jpg\" rel=\"https:\/\/sp1slupsk.pl\/wp-content\/uploads\/2023\/11\/403407055_6922956634486644_4691948804403584546_n.jpg\" \/>\n\t\t\t\t\t\t\t\t\t\t\t\t\t\t<\/a>\n\t\t\t\t\t\t\t\t\t\t\t\t\t\t\t\t\t\t\t\t\t\t\t\t\t<\/p>\n\t\t\t\t\t\t\t\t\t\t\t\t\t\t\t\t\t\t\t\t\t\t\t<\/div><!-- .gllr_image_block -->\n\t\t\t\t\t\t\t\t\t\t\t\t\t\t\t\t\t\t\t\t\t<div class=\"gllr_image_block\">\n\t\t\t\t\t\t\t\t\t\t\t\t<p style=\"width:180px;height:140px;\">\n\t\t\t\t\t\t\t\t\t\t\t\t\t\t\t\t\t\t\t\t\t\t\t\t\t\t\t<a rel=\"gallery_fancybox_84340\" href=\"https:\/\/sp1slupsk.pl\/wp-content\/uploads\/2023\/11\/400098717_1455627458331956_5699400398992727960_n-768x1024.jpg\" title=\"Nasze wolontariuszki nale\u017c\u0105ce do Szkolnego Klubu Wolontariusza wraz z opiekunem pani\u0105 Ew\u0105 Pyzio wspar\u0142y swoj\u0105 prac\u0105 organizacj\u0119 gali fina\u0142owej IX Edycji Pomorskiego Festiwalu Piosenki Marinistycznej ,,Marina 2023&quot;, kt\u00f3ra odby\u0142a si\u0119 w Centrum Kultury w Kobylnicy.\">\n\t\t\t\t\t\t\t\t\t\t\t\t\t\t\t<img style=\"width:160px;height:120px; border-width: 10px; border-color:#F1F1F1;border: 10px solid #F1F1F1\" alt=\"\" title=\"Nasze wolontariuszki nale\u017c\u0105ce do Szkolnego Klubu Wolontariusza wraz z opiekunem pani\u0105 Ew\u0105 Pyzio wspar\u0142y swoj\u0105 prac\u0105 organizacj\u0119 gali fina\u0142owej IX Edycji Pomorskiego Festiwalu Piosenki Marinistycznej ,,Marina 2023&quot;, kt\u00f3ra odby\u0142a si\u0119 w Centrum Kultury w Kobylnicy.\" src=\"https:\/\/sp1slupsk.pl\/wp-content\/uploads\/2023\/11\/400098717_1455627458331956_5699400398992727960_n-160x120.jpg\" rel=\"https:\/\/sp1slupsk.pl\/wp-content\/uploads\/2023\/11\/400098717_1455627458331956_5699400398992727960_n.jpg\" \/>\n\t\t\t\t\t\t\t\t\t\t\t\t\t\t<\/a>\n\t\t\t\t\t\t\t\t\t\t\t\t\t\t\t\t\t\t\t\t\t\t\t\t\t<\/p>\n\t\t\t\t\t\t\t\t\t\t\t\t\t\t\t\t\t\t\t\t\t\t\t<\/div><!-- .gllr_image_block -->\n\t\t\t\t\t\t\t\t\t\t\t\t\t\t\t\t\t\t\t\t\t<\/div><!-- .gllr_image_row -->\n\t\t\t\t\t\t\t\t\t\t\t\t\t\t\t\t\t\t<\/div><!-- .gallery.clearfix -->\n\t\t\t\t\t\t\t\t\t\t\t\t\t<\/div><!-- .gallery_box_single -->\n\t\t\t\t\t\t<div class=\"gllr_clear\"><\/div>\n\t\t\t\t\t\t\t\t\t<script type=\"text\/javascript\">\n\t\t\t\t\t(function($) {\n\t\t\t\t\t\t$(document).ready( function() {\n\t\t\t\t\t\t\t$( \"a[rel=gallery_fancybox_84340]\" ).fancybox( {\n\t\t\t\t\t\t\t\t'transitionIn'\t\t:\t'elastic',\n\t\t\t\t\t\t\t\t'transitionOut'\t\t:\t'elastic',\n\t\t\t\t\t\t\t\t'titlePosition' \t:\t'inside',\n\t\t\t\t\t\t\t\t'speedIn'\t\t\t:\t500, \n\t\t\t\t\t\t\t\t'speedOut'\t\t\t:\t300,\n\t\t\t\t\t\t\t\t'titleFormat'\t\t:\tfunction( title, currentArray, currentIndex, currentOpts ) {\n\t\t\t\t\t\t\t\t\treturn '<div id=\"fancybox-title-inside\">' + ( title.length ? '<span id=\"bws_gallery_image_title\">' + title + '<\/span><br \/>' : '' ) + '<span id=\"bws_gallery_image_counter\">Image ' + ( currentIndex + 1 ) + ' \/ ' + currentArray.length + '<\/span><\/div>';\n\t\t\t\t\t\t\t\t}\t\t\t\t\t\t\t});\n\t\t\t\t\t\t});\n\t\t\t\t\t})(jQuery);\n\t\t\t\t<\/script>\n\t\t\t\n","protected":false},"excerpt":{"rendered":"<p>25 listopada cztery nasze wolontariuszki nale\u017c\u0105ce do Szkolnego Klubu Wolontariusza wraz z opiekunem pani\u0105 Ew\u0105 Pyzio wspar\u0142y swoj\u0105 prac\u0105 organizacj\u0119 gali fina\u0142owej IX Edycji Pomorskiego Festiwalu Piosenki Marynistycznej ,,Marina 2023\u2033, kt\u00f3ra odby\u0142a si\u0119 w Centrum Kultury w Kobylnicy. Dzi\u0119kujemy Pani sekretarz konkursu &#8211; wicedyrektor Annie Bieleckiej &#8211; za zaproszenie.<\/p>\n","protected":false},"author":1,"featured_media":84348,"comment_status":"closed","ping_status":"closed","sticky":false,"template":"","format":"standard","meta":[],"categories":[22,23],"tags":[],"_links":{"self":[{"href":"https:\/\/sp1slupsk.pl\/index.php?rest_route=\/wp\/v2\/posts\/84339"}],"collection":[{"href":"https:\/\/sp1slupsk.pl\/index.php?rest_route=\/wp\/v2\/posts"}],"about":[{"href":"https:\/\/sp1slupsk.pl\/index.php?rest_route=\/wp\/v2\/types\/post"}],"author":[{"embeddable":true,"href":"https:\/\/sp1slupsk.pl\/index.php?rest_route=\/wp\/v2\/users\/1"}],"replies":[{"embeddable":true,"href":"https:\/\/sp1slupsk.pl\/index.php?rest_route=%2Fwp%2Fv2%2Fcomments&post=84339"}],"version-history":[{"count":6,"href":"https:\/\/sp1slupsk.pl\/index.php?rest_route=\/wp\/v2\/posts\/84339\/revisions"}],"predecessor-version":[{"id":84383,"href":"https:\/\/sp1slupsk.pl\/index.php?rest_route=\/wp\/v2\/posts\/84339\/revisions\/84383"}],"wp:featuredmedia":[{"embeddable":true,"href":"https:\/\/sp1slupsk.pl\/index.php?rest_route=\/wp\/v2\/media\/84348"}],"wp:attachment":[{"href":"https:\/\/sp1slupsk.pl\/index.php?rest_route=%2Fwp%2Fv2%2Fmedia&parent=84339"}],"wp:term":[{"taxonomy":"category","embeddable":true,"href":"https:\/\/sp1slupsk.pl\/index.php?rest_route=%2Fwp%2Fv2%2Fcategories&post=84339"},{"taxonomy":"post_tag","embeddable":true,"href":"https:\/\/sp1slupsk.pl\/index.php?rest_route=%2Fwp%2Fv2%2Ftags&post=84339"}],"curies":[{"name":"wp","href":"https:\/\/api.w.org\/{rel}","templated":true}]}}