{"id":84486,"date":"2023-11-27T15:35:00","date_gmt":"2023-11-27T14:35:00","guid":{"rendered":"http:\/\/sp1slupsk.pl\/?p=84486"},"modified":"2023-11-30T15:40:36","modified_gmt":"2023-11-30T14:40:36","slug":"kompetencje-cyfrowe-to-nasza-specjalnosc","status":"publish","type":"post","link":"https:\/\/sp1slupsk.pl\/?p=84486","title":{"rendered":"KOMPETENCJE CYFROWE TO NASZA SPECJALNO\u015a\u0106"},"content":{"rendered":"\n<p>Mi\u0142o nam poinformowa\u0107, \u017ce uczniowie naszej szko\u0142y, bior\u0105cy udzia\u0142 w og\u00f3lnopolskim te\u015bcie IT \u2013 fitness, sprawdzaj\u0105cym wiedz\u0119 uczni\u00f3w z zakresu cyfryzacji i nowych technologii, uzyskali rewelacyjny wynik &#8211; wypracowali najwy\u017csz\u0105 \u015bredni\u0105 punkt\u00f3w ze szk\u00f3\u0142 podstawowych w ca\u0142ym kraju! Jest to ogromny sukces s\u0142upskiej Jedynki.<\/p>\n\n\n\n<p>22 szcz\u0119\u015bliwc\u00f3w, wylosowanych spo\u015br\u00f3d uczni\u00f3w naszej szko\u0142y, w poniedzia\u0142ek 27 listopada uda\u0142o si\u0119 wraz z opiekunami do Warszawy, gdzie w siedzibie Google odby\u0142 si\u0119 uroczysty fina\u0142 testu oraz wr\u0119czenie nagr\u00f3d dla szk\u00f3\u0142. Opr\u00f3cz udzia\u0142u w presti\u017cowej gali, reprezentanci naszej Jedynki mieli okazj\u0119 do przechadzki otulon\u0105 bia\u0142ym puchem Warszawsk\u0105 Star\u00f3wk\u0105. Plac Zamkowy i Kolumna Zygmunta w \u015bwi\u0105tecznej scenerii prezentowa\u0142y si\u0119 wprost wspaniale!<\/p>\n\n\n\n\t\t\t\t\t\t<div class=\"gallery_box_single\">\n\t\t\t\t\t\t\t\t\t\t\t\t\t\t\t<div class=\"gallery clearfix\">\n\t\t\t\t\t\t\t\t\t\t\t\t\t\t\t\t\t\t\t\t<div class=\"gllr_image_row\">\n\t\t\t\t\t\t\t\t\t\t\t\t\t\t\t\t\t\t\t\t\t<div class=\"gllr_image_block\">\n\t\t\t\t\t\t\t\t\t\t\t\t<p style=\"width:180px;height:140px;\">\n\t\t\t\t\t\t\t\t\t\t\t\t\t\t\t\t\t\t\t\t\t\t\t\t\t\t\t<a rel=\"gallery_fancybox_84487\" href=\"https:\/\/sp1slupsk.pl\/wp-content\/uploads\/2023\/11\/406672048_825818539345557_7957863674677323949_n-1024x577.jpg\" title=\"22 szcz\u0119\u015bliwc\u00f3w, wylosowanych spo\u015br\u00f3d uczni\u00f3w naszej szko\u0142y, w poniedzia\u0142ek 27 listopada uda\u0142o si\u0119 wraz z opiekunami do Warszawy, gdzie w siedzibie Google odby\u0142 si\u0119 uroczysty fina\u0142 testu oraz wr\u0119czenie nagr\u00f3d dla szk\u00f3\u0142.\">\n\t\t\t\t\t\t\t\t\t\t\t\t\t\t\t<img style=\"width:160px;height:120px; border-width: 10px; border-color:#F1F1F1;border: 10px solid #F1F1F1\" alt=\"\" title=\"22 szcz\u0119\u015bliwc\u00f3w, wylosowanych spo\u015br\u00f3d uczni\u00f3w naszej szko\u0142y, w poniedzia\u0142ek 27 listopada uda\u0142o si\u0119 wraz z opiekunami do Warszawy, gdzie w siedzibie Google odby\u0142 si\u0119 uroczysty fina\u0142 testu oraz wr\u0119czenie nagr\u00f3d dla szk\u00f3\u0142.\" src=\"https:\/\/sp1slupsk.pl\/wp-content\/uploads\/2023\/11\/406672048_825818539345557_7957863674677323949_n-160x120.jpg\" rel=\"https:\/\/sp1slupsk.pl\/wp-content\/uploads\/2023\/11\/406672048_825818539345557_7957863674677323949_n.jpg\" \/>\n\t\t\t\t\t\t\t\t\t\t\t\t\t\t<\/a>\n\t\t\t\t\t\t\t\t\t\t\t\t\t\t\t\t\t\t\t\t\t\t\t\t\t<\/p>\n\t\t\t\t\t\t\t\t\t\t\t\t\t\t\t\t\t\t\t\t\t\t\t<\/div><!-- .gllr_image_block -->\n\t\t\t\t\t\t\t\t\t\t\t\t\t\t\t\t\t\t\t\t\t<div class=\"gllr_image_block\">\n\t\t\t\t\t\t\t\t\t\t\t\t<p style=\"width:180px;height:140px;\">\n\t\t\t\t\t\t\t\t\t\t\t\t\t\t\t\t\t\t\t\t\t\t\t\t\t\t\t<a rel=\"gallery_fancybox_84487\" href=\"https:\/\/sp1slupsk.pl\/wp-content\/uploads\/2023\/11\/406712696_825818519345559_8289426592977143951_n-1024x768.jpg\" title=\"22 szcz\u0119\u015bliwc\u00f3w, wylosowanych spo\u015br\u00f3d uczni\u00f3w naszej szko\u0142y, w poniedzia\u0142ek 27 listopada uda\u0142o si\u0119 wraz z opiekunami do Warszawy, gdzie w siedzibie Google odby\u0142 si\u0119 uroczysty fina\u0142 testu oraz wr\u0119czenie nagr\u00f3d dla szk\u00f3\u0142.\">\n\t\t\t\t\t\t\t\t\t\t\t\t\t\t\t<img style=\"width:160px;height:120px; border-width: 10px; border-color:#F1F1F1;border: 10px solid #F1F1F1\" alt=\"\" title=\"22 szcz\u0119\u015bliwc\u00f3w, wylosowanych spo\u015br\u00f3d uczni\u00f3w naszej szko\u0142y, w poniedzia\u0142ek 27 listopada uda\u0142o si\u0119 wraz z opiekunami do Warszawy, gdzie w siedzibie Google odby\u0142 si\u0119 uroczysty fina\u0142 testu oraz wr\u0119czenie nagr\u00f3d dla szk\u00f3\u0142.\" src=\"https:\/\/sp1slupsk.pl\/wp-content\/uploads\/2023\/11\/406712696_825818519345559_8289426592977143951_n-160x120.jpg\" rel=\"https:\/\/sp1slupsk.pl\/wp-content\/uploads\/2023\/11\/406712696_825818519345559_8289426592977143951_n.jpg\" \/>\n\t\t\t\t\t\t\t\t\t\t\t\t\t\t<\/a>\n\t\t\t\t\t\t\t\t\t\t\t\t\t\t\t\t\t\t\t\t\t\t\t\t\t<\/p>\n\t\t\t\t\t\t\t\t\t\t\t\t\t\t\t\t\t\t\t\t\t\t\t<\/div><!-- .gllr_image_block -->\n\t\t\t\t\t\t\t\t\t\t\t\t\t\t\t\t\t\t\t\t\t<div class=\"gllr_image_block\">\n\t\t\t\t\t\t\t\t\t\t\t\t<p style=\"width:180px;height:140px;\">\n\t\t\t\t\t\t\t\t\t\t\t\t\t\t\t\t\t\t\t\t\t\t\t\t\t\t\t<a rel=\"gallery_fancybox_84487\" href=\"https:\/\/sp1slupsk.pl\/wp-content\/uploads\/2023\/11\/406688701_825817839345627_6637591361969580127_n-1024x577.jpg\" title=\"22 szcz\u0119\u015bliwc\u00f3w, wylosowanych spo\u015br\u00f3d uczni\u00f3w naszej szko\u0142y, w poniedzia\u0142ek 27 listopada uda\u0142o si\u0119 wraz z opiekunami do Warszawy, gdzie w siedzibie Google odby\u0142 si\u0119 uroczysty fina\u0142 testu oraz wr\u0119czenie nagr\u00f3d dla szk\u00f3\u0142.\">\n\t\t\t\t\t\t\t\t\t\t\t\t\t\t\t<img style=\"width:160px;height:120px; border-width: 10px; border-color:#F1F1F1;border: 10px solid #F1F1F1\" alt=\"\" title=\"22 szcz\u0119\u015bliwc\u00f3w, wylosowanych spo\u015br\u00f3d uczni\u00f3w naszej szko\u0142y, w poniedzia\u0142ek 27 listopada uda\u0142o si\u0119 wraz z opiekunami do Warszawy, gdzie w siedzibie Google odby\u0142 si\u0119 uroczysty fina\u0142 testu oraz wr\u0119czenie nagr\u00f3d dla szk\u00f3\u0142.\" src=\"https:\/\/sp1slupsk.pl\/wp-content\/uploads\/2023\/11\/406688701_825817839345627_6637591361969580127_n-160x120.jpg\" rel=\"https:\/\/sp1slupsk.pl\/wp-content\/uploads\/2023\/11\/406688701_825817839345627_6637591361969580127_n.jpg\" \/>\n\t\t\t\t\t\t\t\t\t\t\t\t\t\t<\/a>\n\t\t\t\t\t\t\t\t\t\t\t\t\t\t\t\t\t\t\t\t\t\t\t\t\t<\/p>\n\t\t\t\t\t\t\t\t\t\t\t\t\t\t\t\t\t\t\t\t\t\t\t<\/div><!-- .gllr_image_block -->\n\t\t\t\t\t\t\t\t\t\t\t\t\t\t\t\t\t\t\t\t\t<\/div><!-- .gllr_image_row -->\n\t\t\t\t\t\t\t\t\t\t\t\t\t\t\t\t\t\t\t\t\t<div class=\"gllr_image_row\">\n\t\t\t\t\t\t\t\t\t\t\t\t\t\t\t\t\t\t\t\t\t<div class=\"gllr_image_block\">\n\t\t\t\t\t\t\t\t\t\t\t\t<p style=\"width:180px;height:140px;\">\n\t\t\t\t\t\t\t\t\t\t\t\t\t\t\t\t\t\t\t\t\t\t\t\t\t\t\t<a rel=\"gallery_fancybox_84487\" href=\"https:\/\/sp1slupsk.pl\/wp-content\/uploads\/2023\/11\/406709072_825818752678869_2466662500118656419_n-1024x769.jpg\" title=\"22 szcz\u0119\u015bliwc\u00f3w, wylosowanych spo\u015br\u00f3d uczni\u00f3w naszej szko\u0142y, w poniedzia\u0142ek 27 listopada uda\u0142o si\u0119 wraz z opiekunami do Warszawy, gdzie w siedzibie Google odby\u0142 si\u0119 uroczysty fina\u0142 testu oraz wr\u0119czenie nagr\u00f3d dla szk\u00f3\u0142.\">\n\t\t\t\t\t\t\t\t\t\t\t\t\t\t\t<img style=\"width:160px;height:120px; border-width: 10px; border-color:#F1F1F1;border: 10px solid #F1F1F1\" alt=\"\" title=\"22 szcz\u0119\u015bliwc\u00f3w, wylosowanych spo\u015br\u00f3d uczni\u00f3w naszej szko\u0142y, w poniedzia\u0142ek 27 listopada uda\u0142o si\u0119 wraz z opiekunami do Warszawy, gdzie w siedzibie Google odby\u0142 si\u0119 uroczysty fina\u0142 testu oraz wr\u0119czenie nagr\u00f3d dla szk\u00f3\u0142.\" src=\"https:\/\/sp1slupsk.pl\/wp-content\/uploads\/2023\/11\/406709072_825818752678869_2466662500118656419_n-160x120.jpg\" rel=\"https:\/\/sp1slupsk.pl\/wp-content\/uploads\/2023\/11\/406709072_825818752678869_2466662500118656419_n.jpg\" \/>\n\t\t\t\t\t\t\t\t\t\t\t\t\t\t<\/a>\n\t\t\t\t\t\t\t\t\t\t\t\t\t\t\t\t\t\t\t\t\t\t\t\t\t<\/p>\n\t\t\t\t\t\t\t\t\t\t\t\t\t\t\t\t\t\t\t\t\t\t\t<\/div><!-- .gllr_image_block -->\n\t\t\t\t\t\t\t\t\t\t\t\t\t\t\t\t\t\t\t\t\t<div class=\"gllr_image_block\">\n\t\t\t\t\t\t\t\t\t\t\t\t<p style=\"width:180px;height:140px;\">\n\t\t\t\t\t\t\t\t\t\t\t\t\t\t\t\t\t\t\t\t\t\t\t\t\t\t\t<a rel=\"gallery_fancybox_84487\" href=\"https:\/\/sp1slupsk.pl\/wp-content\/uploads\/2023\/11\/406705761_825817816012296_367126611144537176_n-1024x577.jpg\" title=\"22 szcz\u0119\u015bliwc\u00f3w, wylosowanych spo\u015br\u00f3d uczni\u00f3w naszej szko\u0142y, w poniedzia\u0142ek 27 listopada uda\u0142o si\u0119 wraz z opiekunami do Warszawy, gdzie w siedzibie Google odby\u0142 si\u0119 uroczysty fina\u0142 testu oraz wr\u0119czenie nagr\u00f3d dla szk\u00f3\u0142.\">\n\t\t\t\t\t\t\t\t\t\t\t\t\t\t\t<img style=\"width:160px;height:120px; border-width: 10px; border-color:#F1F1F1;border: 10px solid #F1F1F1\" alt=\"\" title=\"22 szcz\u0119\u015bliwc\u00f3w, wylosowanych spo\u015br\u00f3d uczni\u00f3w naszej szko\u0142y, w poniedzia\u0142ek 27 listopada uda\u0142o si\u0119 wraz z opiekunami do Warszawy, gdzie w siedzibie Google odby\u0142 si\u0119 uroczysty fina\u0142 testu oraz wr\u0119czenie nagr\u00f3d dla szk\u00f3\u0142.\" src=\"https:\/\/sp1slupsk.pl\/wp-content\/uploads\/2023\/11\/406705761_825817816012296_367126611144537176_n-160x120.jpg\" rel=\"https:\/\/sp1slupsk.pl\/wp-content\/uploads\/2023\/11\/406705761_825817816012296_367126611144537176_n.jpg\" \/>\n\t\t\t\t\t\t\t\t\t\t\t\t\t\t<\/a>\n\t\t\t\t\t\t\t\t\t\t\t\t\t\t\t\t\t\t\t\t\t\t\t\t\t<\/p>\n\t\t\t\t\t\t\t\t\t\t\t\t\t\t\t\t\t\t\t\t\t\t\t<\/div><!-- .gllr_image_block -->\n\t\t\t\t\t\t\t\t\t\t\t\t\t\t\t\t\t\t\t\t\t<div class=\"gllr_image_block\">\n\t\t\t\t\t\t\t\t\t\t\t\t<p style=\"width:180px;height:140px;\">\n\t\t\t\t\t\t\t\t\t\t\t\t\t\t\t\t\t\t\t\t\t\t\t\t\t\t\t<a rel=\"gallery_fancybox_84487\" href=\"https:\/\/sp1slupsk.pl\/wp-content\/uploads\/2023\/11\/406653794_825817756012302_5990754952776598767_n-1024x768.jpg\" title=\"22 szcz\u0119\u015bliwc\u00f3w, wylosowanych spo\u015br\u00f3d uczni\u00f3w naszej szko\u0142y, w poniedzia\u0142ek 27 listopada uda\u0142o si\u0119 wraz z opiekunami do Warszawy, gdzie w siedzibie Google odby\u0142 si\u0119 uroczysty fina\u0142 testu oraz wr\u0119czenie nagr\u00f3d dla szk\u00f3\u0142.\">\n\t\t\t\t\t\t\t\t\t\t\t\t\t\t\t<img style=\"width:160px;height:120px; border-width: 10px; border-color:#F1F1F1;border: 10px solid #F1F1F1\" alt=\"\" title=\"22 szcz\u0119\u015bliwc\u00f3w, wylosowanych spo\u015br\u00f3d uczni\u00f3w naszej szko\u0142y, w poniedzia\u0142ek 27 listopada uda\u0142o si\u0119 wraz z opiekunami do Warszawy, gdzie w siedzibie Google odby\u0142 si\u0119 uroczysty fina\u0142 testu oraz wr\u0119czenie nagr\u00f3d dla szk\u00f3\u0142.\" src=\"https:\/\/sp1slupsk.pl\/wp-content\/uploads\/2023\/11\/406653794_825817756012302_5990754952776598767_n-160x120.jpg\" rel=\"https:\/\/sp1slupsk.pl\/wp-content\/uploads\/2023\/11\/406653794_825817756012302_5990754952776598767_n.jpg\" \/>\n\t\t\t\t\t\t\t\t\t\t\t\t\t\t<\/a>\n\t\t\t\t\t\t\t\t\t\t\t\t\t\t\t\t\t\t\t\t\t\t\t\t\t<\/p>\n\t\t\t\t\t\t\t\t\t\t\t\t\t\t\t\t\t\t\t\t\t\t\t<\/div><!-- .gllr_image_block -->\n\t\t\t\t\t\t\t\t\t\t\t\t\t\t\t\t\t\t\t\t\t<\/div><!-- .gllr_image_row -->\n\t\t\t\t\t\t\t\t\t\t\t\t\t\t\t\t\t\t\t\t\t<div class=\"gllr_image_row\">\n\t\t\t\t\t\t\t\t\t\t\t\t\t\t\t\t\t\t\t\t\t<div class=\"gllr_image_block\">\n\t\t\t\t\t\t\t\t\t\t\t\t<p style=\"width:180px;height:140px;\">\n\t\t\t\t\t\t\t\t\t\t\t\t\t\t\t\t\t\t\t\t\t\t\t\t\t\t\t<a rel=\"gallery_fancybox_84487\" href=\"https:\/\/sp1slupsk.pl\/wp-content\/uploads\/2023\/11\/406651065_825818716012206_8909211434796897227_n-768x1024.jpg\" title=\"22 szcz\u0119\u015bliwc\u00f3w, wylosowanych spo\u015br\u00f3d uczni\u00f3w naszej szko\u0142y, w poniedzia\u0142ek 27 listopada uda\u0142o si\u0119 wraz z opiekunami do Warszawy, gdzie w siedzibie Google odby\u0142 si\u0119 uroczysty fina\u0142 testu oraz wr\u0119czenie nagr\u00f3d dla szk\u00f3\u0142.\">\n\t\t\t\t\t\t\t\t\t\t\t\t\t\t\t<img style=\"width:160px;height:120px; border-width: 10px; border-color:#F1F1F1;border: 10px solid #F1F1F1\" alt=\"\" title=\"22 szcz\u0119\u015bliwc\u00f3w, wylosowanych spo\u015br\u00f3d uczni\u00f3w naszej szko\u0142y, w poniedzia\u0142ek 27 listopada uda\u0142o si\u0119 wraz z opiekunami do Warszawy, gdzie w siedzibie Google odby\u0142 si\u0119 uroczysty fina\u0142 testu oraz wr\u0119czenie nagr\u00f3d dla szk\u00f3\u0142.\" src=\"https:\/\/sp1slupsk.pl\/wp-content\/uploads\/2023\/11\/406651065_825818716012206_8909211434796897227_n-160x120.jpg\" rel=\"https:\/\/sp1slupsk.pl\/wp-content\/uploads\/2023\/11\/406651065_825818716012206_8909211434796897227_n.jpg\" \/>\n\t\t\t\t\t\t\t\t\t\t\t\t\t\t<\/a>\n\t\t\t\t\t\t\t\t\t\t\t\t\t\t\t\t\t\t\t\t\t\t\t\t\t<\/p>\n\t\t\t\t\t\t\t\t\t\t\t\t\t\t\t\t\t\t\t\t\t\t\t<\/div><!-- .gllr_image_block -->\n\t\t\t\t\t\t\t\t\t\t\t\t\t\t\t\t\t\t\t\t\t<div class=\"gllr_image_block\">\n\t\t\t\t\t\t\t\t\t\t\t\t<p style=\"width:180px;height:140px;\">\n\t\t\t\t\t\t\t\t\t\t\t\t\t\t\t\t\t\t\t\t\t\t\t\t\t\t\t<a rel=\"gallery_fancybox_84487\" href=\"https:\/\/sp1slupsk.pl\/wp-content\/uploads\/2023\/11\/406625472_825818472678897_4119599080439854034_n-1024x577.jpg\" title=\"22 szcz\u0119\u015bliwc\u00f3w, wylosowanych spo\u015br\u00f3d uczni\u00f3w naszej szko\u0142y, w poniedzia\u0142ek 27 listopada uda\u0142o si\u0119 wraz z opiekunami do Warszawy, gdzie w siedzibie Google odby\u0142 si\u0119 uroczysty fina\u0142 testu oraz wr\u0119czenie nagr\u00f3d dla szk\u00f3\u0142.\">\n\t\t\t\t\t\t\t\t\t\t\t\t\t\t\t<img style=\"width:160px;height:120px; border-width: 10px; border-color:#F1F1F1;border: 10px solid #F1F1F1\" alt=\"\" title=\"22 szcz\u0119\u015bliwc\u00f3w, wylosowanych spo\u015br\u00f3d uczni\u00f3w naszej szko\u0142y, w poniedzia\u0142ek 27 listopada uda\u0142o si\u0119 wraz z opiekunami do Warszawy, gdzie w siedzibie Google odby\u0142 si\u0119 uroczysty fina\u0142 testu oraz wr\u0119czenie nagr\u00f3d dla szk\u00f3\u0142.\" src=\"https:\/\/sp1slupsk.pl\/wp-content\/uploads\/2023\/11\/406625472_825818472678897_4119599080439854034_n-160x120.jpg\" rel=\"https:\/\/sp1slupsk.pl\/wp-content\/uploads\/2023\/11\/406625472_825818472678897_4119599080439854034_n.jpg\" \/>\n\t\t\t\t\t\t\t\t\t\t\t\t\t\t<\/a>\n\t\t\t\t\t\t\t\t\t\t\t\t\t\t\t\t\t\t\t\t\t\t\t\t\t<\/p>\n\t\t\t\t\t\t\t\t\t\t\t\t\t\t\t\t\t\t\t\t\t\t\t<\/div><!-- .gllr_image_block -->\n\t\t\t\t\t\t\t\t\t\t\t\t\t\t\t\t\t\t\t\t\t<div class=\"gllr_image_block\">\n\t\t\t\t\t\t\t\t\t\t\t\t<p style=\"width:180px;height:140px;\">\n\t\t\t\t\t\t\t\t\t\t\t\t\t\t\t\t\t\t\t\t\t\t\t\t\t\t\t<a rel=\"gallery_fancybox_84487\" href=\"https:\/\/sp1slupsk.pl\/wp-content\/uploads\/2023\/11\/406622640_825818652678879_6835303106113636857_n-1024x577.jpg\" title=\"22 szcz\u0119\u015bliwc\u00f3w, wylosowanych spo\u015br\u00f3d uczni\u00f3w naszej szko\u0142y, w poniedzia\u0142ek 27 listopada uda\u0142o si\u0119 wraz z opiekunami do Warszawy, gdzie w siedzibie Google odby\u0142 si\u0119 uroczysty fina\u0142 testu oraz wr\u0119czenie nagr\u00f3d dla szk\u00f3\u0142.\">\n\t\t\t\t\t\t\t\t\t\t\t\t\t\t\t<img style=\"width:160px;height:120px; border-width: 10px; border-color:#F1F1F1;border: 10px solid #F1F1F1\" alt=\"\" title=\"22 szcz\u0119\u015bliwc\u00f3w, wylosowanych spo\u015br\u00f3d uczni\u00f3w naszej szko\u0142y, w poniedzia\u0142ek 27 listopada uda\u0142o si\u0119 wraz z opiekunami do Warszawy, gdzie w siedzibie Google odby\u0142 si\u0119 uroczysty fina\u0142 testu oraz wr\u0119czenie nagr\u00f3d dla szk\u00f3\u0142.\" src=\"https:\/\/sp1slupsk.pl\/wp-content\/uploads\/2023\/11\/406622640_825818652678879_6835303106113636857_n-160x120.jpg\" rel=\"https:\/\/sp1slupsk.pl\/wp-content\/uploads\/2023\/11\/406622640_825818652678879_6835303106113636857_n.jpg\" \/>\n\t\t\t\t\t\t\t\t\t\t\t\t\t\t<\/a>\n\t\t\t\t\t\t\t\t\t\t\t\t\t\t\t\t\t\t\t\t\t\t\t\t\t<\/p>\n\t\t\t\t\t\t\t\t\t\t\t\t\t\t\t\t\t\t\t\t\t\t\t<\/div><!-- .gllr_image_block -->\n\t\t\t\t\t\t\t\t\t\t\t\t\t\t\t\t\t\t\t\t\t<\/div><!-- .gllr_image_row -->\n\t\t\t\t\t\t\t\t\t\t\t\t\t\t\t\t\t\t\t\t\t<div class=\"gllr_image_row\">\n\t\t\t\t\t\t\t\t\t\t\t\t\t\t\t\t\t\t\t\t\t<div class=\"gllr_image_block\">\n\t\t\t\t\t\t\t\t\t\t\t\t<p style=\"width:180px;height:140px;\">\n\t\t\t\t\t\t\t\t\t\t\t\t\t\t\t\t\t\t\t\t\t\t\t\t\t\t\t<a rel=\"gallery_fancybox_84487\" href=\"https:\/\/sp1slupsk.pl\/wp-content\/uploads\/2023\/11\/406717322_825818602678884_6791880827319427767_n-1024x768.jpg\" title=\"22 szcz\u0119\u015bliwc\u00f3w, wylosowanych spo\u015br\u00f3d uczni\u00f3w naszej szko\u0142y, w poniedzia\u0142ek 27 listopada uda\u0142o si\u0119 wraz z opiekunami do Warszawy, gdzie w siedzibie Google odby\u0142 si\u0119 uroczysty fina\u0142 testu oraz wr\u0119czenie nagr\u00f3d dla szk\u00f3\u0142.\">\n\t\t\t\t\t\t\t\t\t\t\t\t\t\t\t<img style=\"width:160px;height:120px; border-width: 10px; border-color:#F1F1F1;border: 10px solid #F1F1F1\" alt=\"\" title=\"22 szcz\u0119\u015bliwc\u00f3w, wylosowanych spo\u015br\u00f3d uczni\u00f3w naszej szko\u0142y, w poniedzia\u0142ek 27 listopada uda\u0142o si\u0119 wraz z opiekunami do Warszawy, gdzie w siedzibie Google odby\u0142 si\u0119 uroczysty fina\u0142 testu oraz wr\u0119czenie nagr\u00f3d dla szk\u00f3\u0142.\" src=\"https:\/\/sp1slupsk.pl\/wp-content\/uploads\/2023\/11\/406717322_825818602678884_6791880827319427767_n-160x120.jpg\" rel=\"https:\/\/sp1slupsk.pl\/wp-content\/uploads\/2023\/11\/406717322_825818602678884_6791880827319427767_n.jpg\" \/>\n\t\t\t\t\t\t\t\t\t\t\t\t\t\t<\/a>\n\t\t\t\t\t\t\t\t\t\t\t\t\t\t\t\t\t\t\t\t\t\t\t\t\t<\/p>\n\t\t\t\t\t\t\t\t\t\t\t\t\t\t\t\t\t\t\t\t\t\t\t<\/div><!-- .gllr_image_block -->\n\t\t\t\t\t\t\t\t\t\t\t\t\t\t\t\t\t\t\t\t\t<div class=\"gllr_image_block\">\n\t\t\t\t\t\t\t\t\t\t\t\t<p style=\"width:180px;height:140px;\">\n\t\t\t\t\t\t\t\t\t\t\t\t\t\t\t\t\t\t\t\t\t\t\t\t\t\t\t<a rel=\"gallery_fancybox_84487\" href=\"https:\/\/sp1slupsk.pl\/wp-content\/uploads\/2023\/11\/406800757_825818726012205_1362357180449116110_n-1024x768.jpg\" title=\"22 szcz\u0119\u015bliwc\u00f3w, wylosowanych spo\u015br\u00f3d uczni\u00f3w naszej szko\u0142y, w poniedzia\u0142ek 27 listopada uda\u0142o si\u0119 wraz z opiekunami do Warszawy, gdzie w siedzibie Google odby\u0142 si\u0119 uroczysty fina\u0142 testu oraz wr\u0119czenie nagr\u00f3d dla szk\u00f3\u0142.\">\n\t\t\t\t\t\t\t\t\t\t\t\t\t\t\t<img style=\"width:160px;height:120px; border-width: 10px; border-color:#F1F1F1;border: 10px solid #F1F1F1\" alt=\"\" title=\"22 szcz\u0119\u015bliwc\u00f3w, wylosowanych spo\u015br\u00f3d uczni\u00f3w naszej szko\u0142y, w poniedzia\u0142ek 27 listopada uda\u0142o si\u0119 wraz z opiekunami do Warszawy, gdzie w siedzibie Google odby\u0142 si\u0119 uroczysty fina\u0142 testu oraz wr\u0119czenie nagr\u00f3d dla szk\u00f3\u0142.\" src=\"https:\/\/sp1slupsk.pl\/wp-content\/uploads\/2023\/11\/406800757_825818726012205_1362357180449116110_n-160x120.jpg\" rel=\"https:\/\/sp1slupsk.pl\/wp-content\/uploads\/2023\/11\/406800757_825818726012205_1362357180449116110_n.jpg\" \/>\n\t\t\t\t\t\t\t\t\t\t\t\t\t\t<\/a>\n\t\t\t\t\t\t\t\t\t\t\t\t\t\t\t\t\t\t\t\t\t\t\t\t\t<\/p>\n\t\t\t\t\t\t\t\t\t\t\t\t\t\t\t\t\t\t\t\t\t\t\t<\/div><!-- .gllr_image_block -->\n\t\t\t\t\t\t\t\t\t\t\t\t\t\t\t\t\t\t\t\t\t<div class=\"gllr_image_block\">\n\t\t\t\t\t\t\t\t\t\t\t\t<p style=\"width:180px;height:140px;\">\n\t\t\t\t\t\t\t\t\t\t\t\t\t\t\t\t\t\t\t\t\t\t\t\t\t\t\t<a rel=\"gallery_fancybox_84487\" href=\"https:\/\/sp1slupsk.pl\/wp-content\/uploads\/2023\/11\/406810048_825818559345555_5193564537065133658_n-1024x768.jpg\" title=\"22 szcz\u0119\u015bliwc\u00f3w, wylosowanych spo\u015br\u00f3d uczni\u00f3w naszej szko\u0142y, w poniedzia\u0142ek 27 listopada uda\u0142o si\u0119 wraz z opiekunami do Warszawy, gdzie w siedzibie Google odby\u0142 si\u0119 uroczysty fina\u0142 testu oraz wr\u0119czenie nagr\u00f3d dla szk\u00f3\u0142.\">\n\t\t\t\t\t\t\t\t\t\t\t\t\t\t\t<img style=\"width:160px;height:120px; border-width: 10px; border-color:#F1F1F1;border: 10px solid #F1F1F1\" alt=\"\" title=\"22 szcz\u0119\u015bliwc\u00f3w, wylosowanych spo\u015br\u00f3d uczni\u00f3w naszej szko\u0142y, w poniedzia\u0142ek 27 listopada uda\u0142o si\u0119 wraz z opiekunami do Warszawy, gdzie w siedzibie Google odby\u0142 si\u0119 uroczysty fina\u0142 testu oraz wr\u0119czenie nagr\u00f3d dla szk\u00f3\u0142.\" src=\"https:\/\/sp1slupsk.pl\/wp-content\/uploads\/2023\/11\/406810048_825818559345555_5193564537065133658_n-160x120.jpg\" rel=\"https:\/\/sp1slupsk.pl\/wp-content\/uploads\/2023\/11\/406810048_825818559345555_5193564537065133658_n.jpg\" \/>\n\t\t\t\t\t\t\t\t\t\t\t\t\t\t<\/a>\n\t\t\t\t\t\t\t\t\t\t\t\t\t\t\t\t\t\t\t\t\t\t\t\t\t<\/p>\n\t\t\t\t\t\t\t\t\t\t\t\t\t\t\t\t\t\t\t\t\t\t\t<\/div><!-- .gllr_image_block -->\n\t\t\t\t\t\t\t\t\t\t\t\t\t\t\t\t\t\t\t\t\t<\/div><!-- .gllr_image_row -->\n\t\t\t\t\t\t\t\t\t\t\t\t\t\t\t\t\t\t\t\t\t<div class=\"gllr_image_row\">\n\t\t\t\t\t\t\t\t\t\t\t\t\t\t\t\t\t\t\t\t\t<div class=\"gllr_image_block\">\n\t\t\t\t\t\t\t\t\t\t\t\t<p style=\"width:180px;height:140px;\">\n\t\t\t\t\t\t\t\t\t\t\t\t\t\t\t\t\t\t\t\t\t\t\t\t\t\t\t<a rel=\"gallery_fancybox_84487\" href=\"https:\/\/sp1slupsk.pl\/wp-content\/uploads\/2023\/11\/406625539_825818582678886_482768736817216197_n-768x1024.jpg\" title=\"22 szcz\u0119\u015bliwc\u00f3w, wylosowanych spo\u015br\u00f3d uczni\u00f3w naszej szko\u0142y, w poniedzia\u0142ek 27 listopada uda\u0142o si\u0119 wraz z opiekunami do Warszawy, gdzie w siedzibie Google odby\u0142 si\u0119 uroczysty fina\u0142 testu oraz wr\u0119czenie nagr\u00f3d dla szk\u00f3\u0142.\">\n\t\t\t\t\t\t\t\t\t\t\t\t\t\t\t<img style=\"width:160px;height:120px; border-width: 10px; border-color:#F1F1F1;border: 10px solid #F1F1F1\" alt=\"\" title=\"22 szcz\u0119\u015bliwc\u00f3w, wylosowanych spo\u015br\u00f3d uczni\u00f3w naszej szko\u0142y, w poniedzia\u0142ek 27 listopada uda\u0142o si\u0119 wraz z opiekunami do Warszawy, gdzie w siedzibie Google odby\u0142 si\u0119 uroczysty fina\u0142 testu oraz wr\u0119czenie nagr\u00f3d dla szk\u00f3\u0142.\" src=\"https:\/\/sp1slupsk.pl\/wp-content\/uploads\/2023\/11\/406625539_825818582678886_482768736817216197_n-160x120.jpg\" rel=\"https:\/\/sp1slupsk.pl\/wp-content\/uploads\/2023\/11\/406625539_825818582678886_482768736817216197_n.jpg\" \/>\n\t\t\t\t\t\t\t\t\t\t\t\t\t\t<\/a>\n\t\t\t\t\t\t\t\t\t\t\t\t\t\t\t\t\t\t\t\t\t\t\t\t\t<\/p>\n\t\t\t\t\t\t\t\t\t\t\t\t\t\t\t\t\t\t\t\t\t\t\t<\/div><!-- .gllr_image_block -->\n\t\t\t\t\t\t\t\t\t\t\t\t\t\t\t\t\t\t\t\t\t<div class=\"gllr_image_block\">\n\t\t\t\t\t\t\t\t\t\t\t\t<p style=\"width:180px;height:140px;\">\n\t\t\t\t\t\t\t\t\t\t\t\t\t\t\t\t\t\t\t\t\t\t\t\t\t\t\t<a rel=\"gallery_fancybox_84487\" href=\"https:\/\/sp1slupsk.pl\/wp-content\/uploads\/2023\/11\/406360979_825818689345542_2899296191118003061_n-577x1024.jpg\" title=\"22 szcz\u0119\u015bliwc\u00f3w, wylosowanych spo\u015br\u00f3d uczni\u00f3w naszej szko\u0142y, w poniedzia\u0142ek 27 listopada uda\u0142o si\u0119 wraz z opiekunami do Warszawy, gdzie w siedzibie Google odby\u0142 si\u0119 uroczysty fina\u0142 testu oraz wr\u0119czenie nagr\u00f3d dla szk\u00f3\u0142.\">\n\t\t\t\t\t\t\t\t\t\t\t\t\t\t\t<img style=\"width:160px;height:120px; border-width: 10px; border-color:#F1F1F1;border: 10px solid #F1F1F1\" alt=\"\" title=\"22 szcz\u0119\u015bliwc\u00f3w, wylosowanych spo\u015br\u00f3d uczni\u00f3w naszej szko\u0142y, w poniedzia\u0142ek 27 listopada uda\u0142o si\u0119 wraz z opiekunami do Warszawy, gdzie w siedzibie Google odby\u0142 si\u0119 uroczysty fina\u0142 testu oraz wr\u0119czenie nagr\u00f3d dla szk\u00f3\u0142.\" src=\"https:\/\/sp1slupsk.pl\/wp-content\/uploads\/2023\/11\/406360979_825818689345542_2899296191118003061_n-160x120.jpg\" rel=\"https:\/\/sp1slupsk.pl\/wp-content\/uploads\/2023\/11\/406360979_825818689345542_2899296191118003061_n.jpg\" \/>\n\t\t\t\t\t\t\t\t\t\t\t\t\t\t<\/a>\n\t\t\t\t\t\t\t\t\t\t\t\t\t\t\t\t\t\t\t\t\t\t\t\t\t<\/p>\n\t\t\t\t\t\t\t\t\t\t\t\t\t\t\t\t\t\t\t\t\t\t\t<\/div><!-- .gllr_image_block -->\n\t\t\t\t\t\t\t\t\t\t\t\t\t\t\t\t\t\t\t\t\t<div class=\"gllr_image_block\">\n\t\t\t\t\t\t\t\t\t\t\t\t<p style=\"width:180px;height:140px;\">\n\t\t\t\t\t\t\t\t\t\t\t\t\t\t\t\t\t\t\t\t\t\t\t\t\t\t\t<a rel=\"gallery_fancybox_84487\" href=\"https:\/\/sp1slupsk.pl\/wp-content\/uploads\/2023\/11\/406654767_825818819345529_4059352778288144470_n-1024x768.jpg\" title=\"Opr\u00f3cz udzia\u0142u w presti\u017cowej gali, reprezentanci naszej Jedynki mieli okazj\u0119 do przechadzki otulon\u0105 bia\u0142ym puchem Warszawsk\u0105 Star\u00f3wk\u0105. Plac Zamkowy i Kolumna Zygmunta w \u015bwi\u0105tecznej scenerii prezentowa\u0142y si\u0119 wprost wspaniale!\">\n\t\t\t\t\t\t\t\t\t\t\t\t\t\t\t<img style=\"width:160px;height:120px; border-width: 10px; border-color:#F1F1F1;border: 10px solid #F1F1F1\" alt=\"\" title=\"Opr\u00f3cz udzia\u0142u w presti\u017cowej gali, reprezentanci naszej Jedynki mieli okazj\u0119 do przechadzki otulon\u0105 bia\u0142ym puchem Warszawsk\u0105 Star\u00f3wk\u0105. Plac Zamkowy i Kolumna Zygmunta w \u015bwi\u0105tecznej scenerii prezentowa\u0142y si\u0119 wprost wspaniale!\" src=\"https:\/\/sp1slupsk.pl\/wp-content\/uploads\/2023\/11\/406654767_825818819345529_4059352778288144470_n-160x120.jpg\" rel=\"https:\/\/sp1slupsk.pl\/wp-content\/uploads\/2023\/11\/406654767_825818819345529_4059352778288144470_n.jpg\" \/>\n\t\t\t\t\t\t\t\t\t\t\t\t\t\t<\/a>\n\t\t\t\t\t\t\t\t\t\t\t\t\t\t\t\t\t\t\t\t\t\t\t\t\t<\/p>\n\t\t\t\t\t\t\t\t\t\t\t\t\t\t\t\t\t\t\t\t\t\t\t<\/div><!-- .gllr_image_block -->\n\t\t\t\t\t\t\t\t\t\t\t\t\t\t\t\t\t\t\t\t\t<\/div><!-- .gllr_image_row -->\n\t\t\t\t\t\t\t\t\t\t\t\t\t\t\t\t\t\t\t\t\t<div class=\"gllr_image_row\">\n\t\t\t\t\t\t\t\t\t\t\t\t\t\t\t\t\t\t\t\t\t<div class=\"gllr_image_block\">\n\t\t\t\t\t\t\t\t\t\t\t\t<p style=\"width:180px;height:140px;\">\n\t\t\t\t\t\t\t\t\t\t\t\t\t\t\t\t\t\t\t\t\t\t\t\t\t\t\t<a rel=\"gallery_fancybox_84487\" href=\"https:\/\/sp1slupsk.pl\/wp-content\/uploads\/2023\/11\/406640516_825818786012199_8152934471649493534_n-768x1024.jpg\" title=\"Opr\u00f3cz udzia\u0142u w presti\u017cowej gali, reprezentanci naszej Jedynki mieli okazj\u0119 do przechadzki otulon\u0105 bia\u0142ym puchem Warszawsk\u0105 Star\u00f3wk\u0105. Plac Zamkowy i Kolumna Zygmunta w \u015bwi\u0105tecznej scenerii prezentowa\u0142y si\u0119 wprost wspaniale!\">\n\t\t\t\t\t\t\t\t\t\t\t\t\t\t\t<img style=\"width:160px;height:120px; border-width: 10px; border-color:#F1F1F1;border: 10px solid #F1F1F1\" alt=\"\" title=\"Opr\u00f3cz udzia\u0142u w presti\u017cowej gali, reprezentanci naszej Jedynki mieli okazj\u0119 do przechadzki otulon\u0105 bia\u0142ym puchem Warszawsk\u0105 Star\u00f3wk\u0105. Plac Zamkowy i Kolumna Zygmunta w \u015bwi\u0105tecznej scenerii prezentowa\u0142y si\u0119 wprost wspaniale!\" src=\"https:\/\/sp1slupsk.pl\/wp-content\/uploads\/2023\/11\/406640516_825818786012199_8152934471649493534_n-160x120.jpg\" rel=\"https:\/\/sp1slupsk.pl\/wp-content\/uploads\/2023\/11\/406640516_825818786012199_8152934471649493534_n.jpg\" \/>\n\t\t\t\t\t\t\t\t\t\t\t\t\t\t<\/a>\n\t\t\t\t\t\t\t\t\t\t\t\t\t\t\t\t\t\t\t\t\t\t\t\t\t<\/p>\n\t\t\t\t\t\t\t\t\t\t\t\t\t\t\t\t\t\t\t\t\t\t\t<\/div><!-- .gllr_image_block -->\n\t\t\t\t\t\t\t\t\t\t\t\t\t\t\t\t\t\t\t\t\t<div class=\"gllr_image_block\">\n\t\t\t\t\t\t\t\t\t\t\t\t<p style=\"width:180px;height:140px;\">\n\t\t\t\t\t\t\t\t\t\t\t\t\t\t\t\t\t\t\t\t\t\t\t\t\t\t\t<a rel=\"gallery_fancybox_84487\" href=\"https:\/\/sp1slupsk.pl\/wp-content\/uploads\/2023\/11\/406704972_825819199345491_8653712392490395317_n-768x1024.jpg\" title=\"Opr\u00f3cz udzia\u0142u w presti\u017cowej gali, reprezentanci naszej Jedynki mieli okazj\u0119 do przechadzki otulon\u0105 bia\u0142ym puchem Warszawsk\u0105 Star\u00f3wk\u0105. Plac Zamkowy i Kolumna Zygmunta w \u015bwi\u0105tecznej scenerii prezentowa\u0142y si\u0119 wprost wspaniale!\">\n\t\t\t\t\t\t\t\t\t\t\t\t\t\t\t<img style=\"width:160px;height:120px; border-width: 10px; border-color:#F1F1F1;border: 10px solid #F1F1F1\" alt=\"\" title=\"Opr\u00f3cz udzia\u0142u w presti\u017cowej gali, reprezentanci naszej Jedynki mieli okazj\u0119 do przechadzki otulon\u0105 bia\u0142ym puchem Warszawsk\u0105 Star\u00f3wk\u0105. Plac Zamkowy i Kolumna Zygmunta w \u015bwi\u0105tecznej scenerii prezentowa\u0142y si\u0119 wprost wspaniale!\" src=\"https:\/\/sp1slupsk.pl\/wp-content\/uploads\/2023\/11\/406704972_825819199345491_8653712392490395317_n-160x120.jpg\" rel=\"https:\/\/sp1slupsk.pl\/wp-content\/uploads\/2023\/11\/406704972_825819199345491_8653712392490395317_n.jpg\" \/>\n\t\t\t\t\t\t\t\t\t\t\t\t\t\t<\/a>\n\t\t\t\t\t\t\t\t\t\t\t\t\t\t\t\t\t\t\t\t\t\t\t\t\t<\/p>\n\t\t\t\t\t\t\t\t\t\t\t\t\t\t\t\t\t\t\t\t\t\t\t<\/div><!-- .gllr_image_block -->\n\t\t\t\t\t\t\t\t\t\t\t\t\t\t\t\t\t\t\t\t\t<div class=\"gllr_image_block\">\n\t\t\t\t\t\t\t\t\t\t\t\t<p style=\"width:180px;height:140px;\">\n\t\t\t\t\t\t\t\t\t\t\t\t\t\t\t\t\t\t\t\t\t\t\t\t\t\t\t<a rel=\"gallery_fancybox_84487\" href=\"https:\/\/sp1slupsk.pl\/wp-content\/uploads\/2023\/11\/406710361_825818872678857_2595307319210400999_n-1024x768.jpg\" title=\"Opr\u00f3cz udzia\u0142u w presti\u017cowej gali, reprezentanci naszej Jedynki mieli okazj\u0119 do przechadzki otulon\u0105 bia\u0142ym puchem Warszawsk\u0105 Star\u00f3wk\u0105. Plac Zamkowy i Kolumna Zygmunta w \u015bwi\u0105tecznej scenerii prezentowa\u0142y si\u0119 wprost wspaniale!\">\n\t\t\t\t\t\t\t\t\t\t\t\t\t\t\t<img style=\"width:160px;height:120px; border-width: 10px; border-color:#F1F1F1;border: 10px solid #F1F1F1\" alt=\"\" title=\"Opr\u00f3cz udzia\u0142u w presti\u017cowej gali, reprezentanci naszej Jedynki mieli okazj\u0119 do przechadzki otulon\u0105 bia\u0142ym puchem Warszawsk\u0105 Star\u00f3wk\u0105. Plac Zamkowy i Kolumna Zygmunta w \u015bwi\u0105tecznej scenerii prezentowa\u0142y si\u0119 wprost wspaniale!\" src=\"https:\/\/sp1slupsk.pl\/wp-content\/uploads\/2023\/11\/406710361_825818872678857_2595307319210400999_n-160x120.jpg\" rel=\"https:\/\/sp1slupsk.pl\/wp-content\/uploads\/2023\/11\/406710361_825818872678857_2595307319210400999_n.jpg\" \/>\n\t\t\t\t\t\t\t\t\t\t\t\t\t\t<\/a>\n\t\t\t\t\t\t\t\t\t\t\t\t\t\t\t\t\t\t\t\t\t\t\t\t\t<\/p>\n\t\t\t\t\t\t\t\t\t\t\t\t\t\t\t\t\t\t\t\t\t\t\t<\/div><!-- .gllr_image_block -->\n\t\t\t\t\t\t\t\t\t\t\t\t\t\t\t\t\t\t\t\t\t<\/div><!-- .gllr_image_row -->\n\t\t\t\t\t\t\t\t\t\t\t\t\t\t\t\t\t\t\t\t\t<div class=\"gllr_image_row\">\n\t\t\t\t\t\t\t\t\t\t\t\t\t\t\t\t\t\t\t\t\t<div class=\"gllr_image_block\">\n\t\t\t\t\t\t\t\t\t\t\t\t<p style=\"width:180px;height:140px;\">\n\t\t\t\t\t\t\t\t\t\t\t\t\t\t\t\t\t\t\t\t\t\t\t\t\t\t\t<a rel=\"gallery_fancybox_84487\" href=\"https:\/\/sp1slupsk.pl\/wp-content\/uploads\/2023\/11\/406712694_825819226012155_6655748033458398448_n-1024x768.jpg\" title=\"Opr\u00f3cz udzia\u0142u w presti\u017cowej gali, reprezentanci naszej Jedynki mieli okazj\u0119 do przechadzki otulon\u0105 bia\u0142ym puchem Warszawsk\u0105 Star\u00f3wk\u0105. Plac Zamkowy i Kolumna Zygmunta w \u015bwi\u0105tecznej scenerii prezentowa\u0142y si\u0119 wprost wspaniale!\">\n\t\t\t\t\t\t\t\t\t\t\t\t\t\t\t<img style=\"width:160px;height:120px; border-width: 10px; border-color:#F1F1F1;border: 10px solid #F1F1F1\" alt=\"\" title=\"Opr\u00f3cz udzia\u0142u w presti\u017cowej gali, reprezentanci naszej Jedynki mieli okazj\u0119 do przechadzki otulon\u0105 bia\u0142ym puchem Warszawsk\u0105 Star\u00f3wk\u0105. Plac Zamkowy i Kolumna Zygmunta w \u015bwi\u0105tecznej scenerii prezentowa\u0142y si\u0119 wprost wspaniale!\" src=\"https:\/\/sp1slupsk.pl\/wp-content\/uploads\/2023\/11\/406712694_825819226012155_6655748033458398448_n-160x120.jpg\" rel=\"https:\/\/sp1slupsk.pl\/wp-content\/uploads\/2023\/11\/406712694_825819226012155_6655748033458398448_n.jpg\" \/>\n\t\t\t\t\t\t\t\t\t\t\t\t\t\t<\/a>\n\t\t\t\t\t\t\t\t\t\t\t\t\t\t\t\t\t\t\t\t\t\t\t\t\t<\/p>\n\t\t\t\t\t\t\t\t\t\t\t\t\t\t\t\t\t\t\t\t\t\t\t<\/div><!-- .gllr_image_block -->\n\t\t\t\t\t\t\t\t\t\t\t\t\t\t\t\t\t\t\t\t\t<div class=\"gllr_image_block\">\n\t\t\t\t\t\t\t\t\t\t\t\t<p style=\"width:180px;height:140px;\">\n\t\t\t\t\t\t\t\t\t\t\t\t\t\t\t\t\t\t\t\t\t\t\t\t\t\t\t<a rel=\"gallery_fancybox_84487\" href=\"https:\/\/sp1slupsk.pl\/wp-content\/uploads\/2023\/11\/406623980_825819142678830_7107624696994026092_n-1024x768.jpg\" title=\"Opr\u00f3cz udzia\u0142u w presti\u017cowej gali, reprezentanci naszej Jedynki mieli okazj\u0119 do przechadzki otulon\u0105 bia\u0142ym puchem Warszawsk\u0105 Star\u00f3wk\u0105. Plac Zamkowy i Kolumna Zygmunta w \u015bwi\u0105tecznej scenerii prezentowa\u0142y si\u0119 wprost wspaniale!\">\n\t\t\t\t\t\t\t\t\t\t\t\t\t\t\t<img style=\"width:160px;height:120px; border-width: 10px; border-color:#F1F1F1;border: 10px solid #F1F1F1\" alt=\"\" title=\"Opr\u00f3cz udzia\u0142u w presti\u017cowej gali, reprezentanci naszej Jedynki mieli okazj\u0119 do przechadzki otulon\u0105 bia\u0142ym puchem Warszawsk\u0105 Star\u00f3wk\u0105. Plac Zamkowy i Kolumna Zygmunta w \u015bwi\u0105tecznej scenerii prezentowa\u0142y si\u0119 wprost wspaniale!\" src=\"https:\/\/sp1slupsk.pl\/wp-content\/uploads\/2023\/11\/406623980_825819142678830_7107624696994026092_n-160x120.jpg\" rel=\"https:\/\/sp1slupsk.pl\/wp-content\/uploads\/2023\/11\/406623980_825819142678830_7107624696994026092_n.jpg\" \/>\n\t\t\t\t\t\t\t\t\t\t\t\t\t\t<\/a>\n\t\t\t\t\t\t\t\t\t\t\t\t\t\t\t\t\t\t\t\t\t\t\t\t\t<\/p>\n\t\t\t\t\t\t\t\t\t\t\t\t\t\t\t\t\t\t\t\t\t\t\t<\/div><!-- .gllr_image_block -->\n\t\t\t\t\t\t\t\t\t\t\t\t\t\t\t\t\t\t\t\t\t<div class=\"gllr_image_block\">\n\t\t\t\t\t\t\t\t\t\t\t\t<p style=\"width:180px;height:140px;\">\n\t\t\t\t\t\t\t\t\t\t\t\t\t\t\t\t\t\t\t\t\t\t\t\t\t\t\t<a rel=\"gallery_fancybox_84487\" href=\"https:\/\/sp1slupsk.pl\/wp-content\/uploads\/2023\/11\/406738401_825819242678820_6102832926741048755_n-1024x768.jpg\" title=\"Opr\u00f3cz udzia\u0142u w presti\u017cowej gali, reprezentanci naszej Jedynki mieli okazj\u0119 do przechadzki otulon\u0105 bia\u0142ym puchem Warszawsk\u0105 Star\u00f3wk\u0105. Plac Zamkowy i Kolumna Zygmunta w \u015bwi\u0105tecznej scenerii prezentowa\u0142y si\u0119 wprost wspaniale!\">\n\t\t\t\t\t\t\t\t\t\t\t\t\t\t\t<img style=\"width:160px;height:120px; border-width: 10px; border-color:#F1F1F1;border: 10px solid #F1F1F1\" alt=\"\" title=\"Opr\u00f3cz udzia\u0142u w presti\u017cowej gali, reprezentanci naszej Jedynki mieli okazj\u0119 do przechadzki otulon\u0105 bia\u0142ym puchem Warszawsk\u0105 Star\u00f3wk\u0105. Plac Zamkowy i Kolumna Zygmunta w \u015bwi\u0105tecznej scenerii prezentowa\u0142y si\u0119 wprost wspaniale!\" src=\"https:\/\/sp1slupsk.pl\/wp-content\/uploads\/2023\/11\/406738401_825819242678820_6102832926741048755_n-160x120.jpg\" rel=\"https:\/\/sp1slupsk.pl\/wp-content\/uploads\/2023\/11\/406738401_825819242678820_6102832926741048755_n.jpg\" \/>\n\t\t\t\t\t\t\t\t\t\t\t\t\t\t<\/a>\n\t\t\t\t\t\t\t\t\t\t\t\t\t\t\t\t\t\t\t\t\t\t\t\t\t<\/p>\n\t\t\t\t\t\t\t\t\t\t\t\t\t\t\t\t\t\t\t\t\t\t\t<\/div><!-- .gllr_image_block -->\n\t\t\t\t\t\t\t\t\t\t\t\t\t\t\t\t\t\t\t\t\t<\/div><!-- .gllr_image_row -->\n\t\t\t\t\t\t\t\t\t\t\t\t\t\t\t\t\t\t\t\t\t<div class=\"gllr_image_row\">\n\t\t\t\t\t\t\t\t\t\t\t\t\t\t\t\t\t\t\t\t\t<div class=\"gllr_image_block\">\n\t\t\t\t\t\t\t\t\t\t\t\t<p style=\"width:180px;height:140px;\">\n\t\t\t\t\t\t\t\t\t\t\t\t\t\t\t\t\t\t\t\t\t\t\t\t\t\t\t<a rel=\"gallery_fancybox_84487\" href=\"https:\/\/sp1slupsk.pl\/wp-content\/uploads\/2023\/11\/406665433_825818832678861_6100947920734557317_n-1024x768.jpg\" title=\"Opr\u00f3cz udzia\u0142u w presti\u017cowej gali, reprezentanci naszej Jedynki mieli okazj\u0119 do przechadzki otulon\u0105 bia\u0142ym puchem Warszawsk\u0105 Star\u00f3wk\u0105. Plac Zamkowy i Kolumna Zygmunta w \u015bwi\u0105tecznej scenerii prezentowa\u0142y si\u0119 wprost wspaniale!\">\n\t\t\t\t\t\t\t\t\t\t\t\t\t\t\t<img style=\"width:160px;height:120px; border-width: 10px; border-color:#F1F1F1;border: 10px solid #F1F1F1\" alt=\"\" title=\"Opr\u00f3cz udzia\u0142u w presti\u017cowej gali, reprezentanci naszej Jedynki mieli okazj\u0119 do przechadzki otulon\u0105 bia\u0142ym puchem Warszawsk\u0105 Star\u00f3wk\u0105. Plac Zamkowy i Kolumna Zygmunta w \u015bwi\u0105tecznej scenerii prezentowa\u0142y si\u0119 wprost wspaniale!\" src=\"https:\/\/sp1slupsk.pl\/wp-content\/uploads\/2023\/11\/406665433_825818832678861_6100947920734557317_n-160x120.jpg\" rel=\"https:\/\/sp1slupsk.pl\/wp-content\/uploads\/2023\/11\/406665433_825818832678861_6100947920734557317_n.jpg\" \/>\n\t\t\t\t\t\t\t\t\t\t\t\t\t\t<\/a>\n\t\t\t\t\t\t\t\t\t\t\t\t\t\t\t\t\t\t\t\t\t\t\t\t\t<\/p>\n\t\t\t\t\t\t\t\t\t\t\t\t\t\t\t\t\t\t\t\t\t\t\t<\/div><!-- .gllr_image_block -->\n\t\t\t\t\t\t\t\t\t\t\t\t\t\t\t\t\t\t\t\t\t<div class=\"gllr_image_block\">\n\t\t\t\t\t\t\t\t\t\t\t\t<p style=\"width:180px;height:140px;\">\n\t\t\t\t\t\t\t\t\t\t\t\t\t\t\t\t\t\t\t\t\t\t\t\t\t\t\t<a rel=\"gallery_fancybox_84487\" href=\"https:\/\/sp1slupsk.pl\/wp-content\/uploads\/2023\/11\/406646099_825819939345417_4056120336892095867_n-768x1024.jpg\" title=\"Opr\u00f3cz udzia\u0142u w presti\u017cowej gali, reprezentanci naszej Jedynki mieli okazj\u0119 do przechadzki otulon\u0105 bia\u0142ym puchem Warszawsk\u0105 Star\u00f3wk\u0105. Plac Zamkowy i Kolumna Zygmunta w \u015bwi\u0105tecznej scenerii prezentowa\u0142y si\u0119 wprost wspaniale!\">\n\t\t\t\t\t\t\t\t\t\t\t\t\t\t\t<img style=\"width:160px;height:120px; border-width: 10px; border-color:#F1F1F1;border: 10px solid #F1F1F1\" alt=\"\" title=\"Opr\u00f3cz udzia\u0142u w presti\u017cowej gali, reprezentanci naszej Jedynki mieli okazj\u0119 do przechadzki otulon\u0105 bia\u0142ym puchem Warszawsk\u0105 Star\u00f3wk\u0105. Plac Zamkowy i Kolumna Zygmunta w \u015bwi\u0105tecznej scenerii prezentowa\u0142y si\u0119 wprost wspaniale!\" src=\"https:\/\/sp1slupsk.pl\/wp-content\/uploads\/2023\/11\/406646099_825819939345417_4056120336892095867_n-160x120.jpg\" rel=\"https:\/\/sp1slupsk.pl\/wp-content\/uploads\/2023\/11\/406646099_825819939345417_4056120336892095867_n.jpg\" \/>\n\t\t\t\t\t\t\t\t\t\t\t\t\t\t<\/a>\n\t\t\t\t\t\t\t\t\t\t\t\t\t\t\t\t\t\t\t\t\t\t\t\t\t<\/p>\n\t\t\t\t\t\t\t\t\t\t\t\t\t\t\t\t\t\t\t\t\t\t\t<\/div><!-- .gllr_image_block -->\n\t\t\t\t\t\t\t\t\t\t\t\t\t\t\t\t\t\t\t\t\t<div class=\"gllr_image_block\">\n\t\t\t\t\t\t\t\t\t\t\t\t<p style=\"width:180px;height:140px;\">\n\t\t\t\t\t\t\t\t\t\t\t\t\t\t\t\t\t\t\t\t\t\t\t\t\t\t\t<a rel=\"gallery_fancybox_84487\" href=\"https:\/\/sp1slupsk.pl\/wp-content\/uploads\/2023\/11\/406653747_825819119345499_22803822782702714_n-768x1024.jpg\" title=\"Opr\u00f3cz udzia\u0142u w presti\u017cowej gali, reprezentanci naszej Jedynki mieli okazj\u0119 do przechadzki otulon\u0105 bia\u0142ym puchem Warszawsk\u0105 Star\u00f3wk\u0105. Plac Zamkowy i Kolumna Zygmunta w \u015bwi\u0105tecznej scenerii prezentowa\u0142y si\u0119 wprost wspaniale!\">\n\t\t\t\t\t\t\t\t\t\t\t\t\t\t\t<img style=\"width:160px;height:120px; border-width: 10px; border-color:#F1F1F1;border: 10px solid #F1F1F1\" alt=\"\" title=\"Opr\u00f3cz udzia\u0142u w presti\u017cowej gali, reprezentanci naszej Jedynki mieli okazj\u0119 do przechadzki otulon\u0105 bia\u0142ym puchem Warszawsk\u0105 Star\u00f3wk\u0105. Plac Zamkowy i Kolumna Zygmunta w \u015bwi\u0105tecznej scenerii prezentowa\u0142y si\u0119 wprost wspaniale!\" src=\"https:\/\/sp1slupsk.pl\/wp-content\/uploads\/2023\/11\/406653747_825819119345499_22803822782702714_n-160x120.jpg\" rel=\"https:\/\/sp1slupsk.pl\/wp-content\/uploads\/2023\/11\/406653747_825819119345499_22803822782702714_n.jpg\" \/>\n\t\t\t\t\t\t\t\t\t\t\t\t\t\t<\/a>\n\t\t\t\t\t\t\t\t\t\t\t\t\t\t\t\t\t\t\t\t\t\t\t\t\t<\/p>\n\t\t\t\t\t\t\t\t\t\t\t\t\t\t\t\t\t\t\t\t\t\t\t<\/div><!-- .gllr_image_block -->\n\t\t\t\t\t\t\t\t\t\t\t\t\t\t\t\t\t\t\t\t\t<\/div><!-- .gllr_image_row -->\n\t\t\t\t\t\t\t\t\t\t\t\t\t\t\t\t\t\t\t\t\t<div class=\"gllr_image_row\">\n\t\t\t\t\t\t\t\t\t\t\t\t\t\t\t\t\t\t\t\t\t<div class=\"gllr_image_block\">\n\t\t\t\t\t\t\t\t\t\t\t\t<p style=\"width:180px;height:140px;\">\n\t\t\t\t\t\t\t\t\t\t\t\t\t\t\t\t\t\t\t\t\t\t\t\t\t\t\t<a rel=\"gallery_fancybox_84487\" href=\"https:\/\/sp1slupsk.pl\/wp-content\/uploads\/2023\/11\/406631125_825819159345495_4495244464055861242_n-768x1024.jpg\" title=\"Opr\u00f3cz udzia\u0142u w presti\u017cowej gali, reprezentanci naszej Jedynki mieli okazj\u0119 do przechadzki otulon\u0105 bia\u0142ym puchem Warszawsk\u0105 Star\u00f3wk\u0105. Plac Zamkowy i Kolumna Zygmunta w \u015bwi\u0105tecznej scenerii prezentowa\u0142y si\u0119 wprost wspaniale!\">\n\t\t\t\t\t\t\t\t\t\t\t\t\t\t\t<img style=\"width:160px;height:120px; border-width: 10px; border-color:#F1F1F1;border: 10px solid #F1F1F1\" alt=\"\" title=\"Opr\u00f3cz udzia\u0142u w presti\u017cowej gali, reprezentanci naszej Jedynki mieli okazj\u0119 do przechadzki otulon\u0105 bia\u0142ym puchem Warszawsk\u0105 Star\u00f3wk\u0105. Plac Zamkowy i Kolumna Zygmunta w \u015bwi\u0105tecznej scenerii prezentowa\u0142y si\u0119 wprost wspaniale!\" src=\"https:\/\/sp1slupsk.pl\/wp-content\/uploads\/2023\/11\/406631125_825819159345495_4495244464055861242_n-160x120.jpg\" rel=\"https:\/\/sp1slupsk.pl\/wp-content\/uploads\/2023\/11\/406631125_825819159345495_4495244464055861242_n.jpg\" \/>\n\t\t\t\t\t\t\t\t\t\t\t\t\t\t<\/a>\n\t\t\t\t\t\t\t\t\t\t\t\t\t\t\t\t\t\t\t\t\t\t\t\t\t<\/p>\n\t\t\t\t\t\t\t\t\t\t\t\t\t\t\t\t\t\t\t\t\t\t\t<\/div><!-- .gllr_image_block -->\n\t\t\t\t\t\t\t\t\t\t\t\t\t\t\t\t\t\t\t\t\t<div class=\"gllr_image_block\">\n\t\t\t\t\t\t\t\t\t\t\t\t<p style=\"width:180px;height:140px;\">\n\t\t\t\t\t\t\t\t\t\t\t\t\t\t\t\t\t\t\t\t\t\t\t\t\t\t\t<a rel=\"gallery_fancybox_84487\" href=\"https:\/\/sp1slupsk.pl\/wp-content\/uploads\/2023\/11\/406657555_825819062678838_2077128797025943827_n-1024x768.jpg\" title=\"Opr\u00f3cz udzia\u0142u w presti\u017cowej gali, reprezentanci naszej Jedynki mieli okazj\u0119 do przechadzki otulon\u0105 bia\u0142ym puchem Warszawsk\u0105 Star\u00f3wk\u0105. Plac Zamkowy i Kolumna Zygmunta w \u015bwi\u0105tecznej scenerii prezentowa\u0142y si\u0119 wprost wspaniale!\">\n\t\t\t\t\t\t\t\t\t\t\t\t\t\t\t<img style=\"width:160px;height:120px; border-width: 10px; border-color:#F1F1F1;border: 10px solid #F1F1F1\" alt=\"\" title=\"Opr\u00f3cz udzia\u0142u w presti\u017cowej gali, reprezentanci naszej Jedynki mieli okazj\u0119 do przechadzki otulon\u0105 bia\u0142ym puchem Warszawsk\u0105 Star\u00f3wk\u0105. Plac Zamkowy i Kolumna Zygmunta w \u015bwi\u0105tecznej scenerii prezentowa\u0142y si\u0119 wprost wspaniale!\" src=\"https:\/\/sp1slupsk.pl\/wp-content\/uploads\/2023\/11\/406657555_825819062678838_2077128797025943827_n-160x120.jpg\" rel=\"https:\/\/sp1slupsk.pl\/wp-content\/uploads\/2023\/11\/406657555_825819062678838_2077128797025943827_n.jpg\" \/>\n\t\t\t\t\t\t\t\t\t\t\t\t\t\t<\/a>\n\t\t\t\t\t\t\t\t\t\t\t\t\t\t\t\t\t\t\t\t\t\t\t\t\t<\/p>\n\t\t\t\t\t\t\t\t\t\t\t\t\t\t\t\t\t\t\t\t\t\t\t<\/div><!-- .gllr_image_block -->\n\t\t\t\t\t\t\t\t\t\t\t\t\t\t\t\t\t\t\t\t\t<div class=\"gllr_image_block\">\n\t\t\t\t\t\t\t\t\t\t\t\t<p style=\"width:180px;height:140px;\">\n\t\t\t\t\t\t\t\t\t\t\t\t\t\t\t\t\t\t\t\t\t\t\t\t\t\t\t<a rel=\"gallery_fancybox_84487\" href=\"https:\/\/sp1slupsk.pl\/wp-content\/uploads\/2023\/11\/406651914_825818989345512_2571154100601902442_n-768x1024.jpg\" title=\"Opr\u00f3cz udzia\u0142u w presti\u017cowej gali, reprezentanci naszej Jedynki mieli okazj\u0119 do przechadzki otulon\u0105 bia\u0142ym puchem Warszawsk\u0105 Star\u00f3wk\u0105. Plac Zamkowy i Kolumna Zygmunta w \u015bwi\u0105tecznej scenerii prezentowa\u0142y si\u0119 wprost wspaniale!\">\n\t\t\t\t\t\t\t\t\t\t\t\t\t\t\t<img style=\"width:160px;height:120px; border-width: 10px; border-color:#F1F1F1;border: 10px solid #F1F1F1\" alt=\"\" title=\"Opr\u00f3cz udzia\u0142u w presti\u017cowej gali, reprezentanci naszej Jedynki mieli okazj\u0119 do przechadzki otulon\u0105 bia\u0142ym puchem Warszawsk\u0105 Star\u00f3wk\u0105. Plac Zamkowy i Kolumna Zygmunta w \u015bwi\u0105tecznej scenerii prezentowa\u0142y si\u0119 wprost wspaniale!\" src=\"https:\/\/sp1slupsk.pl\/wp-content\/uploads\/2023\/11\/406651914_825818989345512_2571154100601902442_n-160x120.jpg\" rel=\"https:\/\/sp1slupsk.pl\/wp-content\/uploads\/2023\/11\/406651914_825818989345512_2571154100601902442_n.jpg\" \/>\n\t\t\t\t\t\t\t\t\t\t\t\t\t\t<\/a>\n\t\t\t\t\t\t\t\t\t\t\t\t\t\t\t\t\t\t\t\t\t\t\t\t\t<\/p>\n\t\t\t\t\t\t\t\t\t\t\t\t\t\t\t\t\t\t\t\t\t\t\t<\/div><!-- .gllr_image_block -->\n\t\t\t\t\t\t\t\t\t\t\t\t\t\t\t\t\t\t\t\t\t<\/div><!-- .gllr_image_row -->\n\t\t\t\t\t\t\t\t\t\t\t\t\t\t\t\t\t\t\t\t\t<div class=\"gllr_image_row\">\n\t\t\t\t\t\t\t\t\t\t\t\t\t\t\t\t\t\t\t\t\t<div class=\"gllr_image_block\">\n\t\t\t\t\t\t\t\t\t\t\t\t<p style=\"width:180px;height:140px;\">\n\t\t\t\t\t\t\t\t\t\t\t\t\t\t\t\t\t\t\t\t\t\t\t\t\t\t\t<a rel=\"gallery_fancybox_84487\" href=\"https:\/\/sp1slupsk.pl\/wp-content\/uploads\/2023\/11\/399541073_825818909345520_153968549434535755_n-1024x768.jpg\" title=\"Opr\u00f3cz udzia\u0142u w presti\u017cowej gali, reprezentanci naszej Jedynki mieli okazj\u0119 do przechadzki otulon\u0105 bia\u0142ym puchem Warszawsk\u0105 Star\u00f3wk\u0105. Plac Zamkowy i Kolumna Zygmunta w \u015bwi\u0105tecznej scenerii prezentowa\u0142y si\u0119 wprost wspaniale!\">\n\t\t\t\t\t\t\t\t\t\t\t\t\t\t\t<img style=\"width:160px;height:120px; border-width: 10px; border-color:#F1F1F1;border: 10px solid #F1F1F1\" alt=\"\" title=\"Opr\u00f3cz udzia\u0142u w presti\u017cowej gali, reprezentanci naszej Jedynki mieli okazj\u0119 do przechadzki otulon\u0105 bia\u0142ym puchem Warszawsk\u0105 Star\u00f3wk\u0105. Plac Zamkowy i Kolumna Zygmunta w \u015bwi\u0105tecznej scenerii prezentowa\u0142y si\u0119 wprost wspaniale!\" src=\"https:\/\/sp1slupsk.pl\/wp-content\/uploads\/2023\/11\/399541073_825818909345520_153968549434535755_n-160x120.jpg\" rel=\"https:\/\/sp1slupsk.pl\/wp-content\/uploads\/2023\/11\/399541073_825818909345520_153968549434535755_n.jpg\" \/>\n\t\t\t\t\t\t\t\t\t\t\t\t\t\t<\/a>\n\t\t\t\t\t\t\t\t\t\t\t\t\t\t\t\t\t\t\t\t\t\t\t\t\t<\/p>\n\t\t\t\t\t\t\t\t\t\t\t\t\t\t\t\t\t\t\t\t\t\t\t<\/div><!-- .gllr_image_block -->\n\t\t\t\t\t\t\t\t\t\t\t\t\t\t\t\t\t\t\t\t\t<div class=\"gllr_image_block\">\n\t\t\t\t\t\t\t\t\t\t\t\t<p style=\"width:180px;height:140px;\">\n\t\t\t\t\t\t\t\t\t\t\t\t\t\t\t\t\t\t\t\t\t\t\t\t\t\t\t<a rel=\"gallery_fancybox_84487\" href=\"https:\/\/sp1slupsk.pl\/wp-content\/uploads\/2023\/11\/406637257_825819186012159_1169202208568212085_n-677x1024.jpg\" title=\"Opr\u00f3cz udzia\u0142u w presti\u017cowej gali, reprezentanci naszej Jedynki mieli okazj\u0119 do przechadzki otulon\u0105 bia\u0142ym puchem Warszawsk\u0105 Star\u00f3wk\u0105. Plac Zamkowy i Kolumna Zygmunta w \u015bwi\u0105tecznej scenerii prezentowa\u0142y si\u0119 wprost wspaniale!\">\n\t\t\t\t\t\t\t\t\t\t\t\t\t\t\t<img style=\"width:160px;height:120px; border-width: 10px; border-color:#F1F1F1;border: 10px solid #F1F1F1\" alt=\"\" title=\"Opr\u00f3cz udzia\u0142u w presti\u017cowej gali, reprezentanci naszej Jedynki mieli okazj\u0119 do przechadzki otulon\u0105 bia\u0142ym puchem Warszawsk\u0105 Star\u00f3wk\u0105. Plac Zamkowy i Kolumna Zygmunta w \u015bwi\u0105tecznej scenerii prezentowa\u0142y si\u0119 wprost wspaniale!\" src=\"https:\/\/sp1slupsk.pl\/wp-content\/uploads\/2023\/11\/406637257_825819186012159_1169202208568212085_n-160x120.jpg\" rel=\"https:\/\/sp1slupsk.pl\/wp-content\/uploads\/2023\/11\/406637257_825819186012159_1169202208568212085_n.jpg\" \/>\n\t\t\t\t\t\t\t\t\t\t\t\t\t\t<\/a>\n\t\t\t\t\t\t\t\t\t\t\t\t\t\t\t\t\t\t\t\t\t\t\t\t\t<\/p>\n\t\t\t\t\t\t\t\t\t\t\t\t\t\t\t\t\t\t\t\t\t\t\t<\/div><!-- .gllr_image_block -->\n\t\t\t\t\t\t\t\t\t\t\t\t\t\t\t\t\t\t\t\t\t<div class=\"gllr_image_block\">\n\t\t\t\t\t\t\t\t\t\t\t\t<p style=\"width:180px;height:140px;\">\n\t\t\t\t\t\t\t\t\t\t\t\t\t\t\t\t\t\t\t\t\t\t\t\t\t\t\t<a rel=\"gallery_fancybox_84487\" href=\"https:\/\/sp1slupsk.pl\/wp-content\/uploads\/2023\/11\/399330388_825818959345515_5678470751557133191_n-768x1024.jpg\" title=\"Opr\u00f3cz udzia\u0142u w presti\u017cowej gali, reprezentanci naszej Jedynki mieli okazj\u0119 do przechadzki otulon\u0105 bia\u0142ym puchem Warszawsk\u0105 Star\u00f3wk\u0105. Plac Zamkowy i Kolumna Zygmunta w \u015bwi\u0105tecznej scenerii prezentowa\u0142y si\u0119 wprost wspaniale!\">\n\t\t\t\t\t\t\t\t\t\t\t\t\t\t\t<img style=\"width:160px;height:120px; border-width: 10px; border-color:#F1F1F1;border: 10px solid #F1F1F1\" alt=\"\" title=\"Opr\u00f3cz udzia\u0142u w presti\u017cowej gali, reprezentanci naszej Jedynki mieli okazj\u0119 do przechadzki otulon\u0105 bia\u0142ym puchem Warszawsk\u0105 Star\u00f3wk\u0105. Plac Zamkowy i Kolumna Zygmunta w \u015bwi\u0105tecznej scenerii prezentowa\u0142y si\u0119 wprost wspaniale!\" src=\"https:\/\/sp1slupsk.pl\/wp-content\/uploads\/2023\/11\/399330388_825818959345515_5678470751557133191_n-160x120.jpg\" rel=\"https:\/\/sp1slupsk.pl\/wp-content\/uploads\/2023\/11\/399330388_825818959345515_5678470751557133191_n.jpg\" \/>\n\t\t\t\t\t\t\t\t\t\t\t\t\t\t<\/a>\n\t\t\t\t\t\t\t\t\t\t\t\t\t\t\t\t\t\t\t\t\t\t\t\t\t<\/p>\n\t\t\t\t\t\t\t\t\t\t\t\t\t\t\t\t\t\t\t\t\t\t\t<\/div><!-- .gllr_image_block -->\n\t\t\t\t\t\t\t\t\t\t\t\t\t\t\t\t\t\t\t\t\t<\/div><!-- .gllr_image_row -->\n\t\t\t\t\t\t\t\t\t\t\t\t\t\t\t\t\t\t<\/div><!-- .gallery.clearfix -->\n\t\t\t\t\t\t\t\t\t\t\t\t\t<\/div><!-- .gallery_box_single -->\n\t\t\t\t\t\t<div class=\"gllr_clear\"><\/div>\n\t\t\t\t\t\t\t\t\t<script type=\"text\/javascript\">\n\t\t\t\t\t(function($) {\n\t\t\t\t\t\t$(document).ready( function() {\n\t\t\t\t\t\t\t$( \"a[rel=gallery_fancybox_84487]\" ).fancybox( {\n\t\t\t\t\t\t\t\t'transitionIn'\t\t:\t'elastic',\n\t\t\t\t\t\t\t\t'transitionOut'\t\t:\t'elastic',\n\t\t\t\t\t\t\t\t'titlePosition' \t:\t'inside',\n\t\t\t\t\t\t\t\t'speedIn'\t\t\t:\t500, \n\t\t\t\t\t\t\t\t'speedOut'\t\t\t:\t300,\n\t\t\t\t\t\t\t\t'titleFormat'\t\t:\tfunction( title, currentArray, currentIndex, currentOpts ) {\n\t\t\t\t\t\t\t\t\treturn '<div id=\"fancybox-title-inside\">' + ( title.length ? '<span id=\"bws_gallery_image_title\">' + title + '<\/span><br \/>' : '' ) + '<span id=\"bws_gallery_image_counter\">Image ' + ( currentIndex + 1 ) + ' \/ ' + currentArray.length + '<\/span><\/div>';\n\t\t\t\t\t\t\t\t}\t\t\t\t\t\t\t});\n\t\t\t\t\t\t});\n\t\t\t\t\t})(jQuery);\n\t\t\t\t<\/script>\n\t\t\t\n","protected":false},"excerpt":{"rendered":"<p>Mi\u0142o nam poinformowa\u0107, \u017ce uczniowie naszej szko\u0142y, bior\u0105cy udzia\u0142 w og\u00f3lnopolskim te\u015bcie IT \u2013 fitness, sprawdzaj\u0105cym wiedz\u0119 uczni\u00f3w z zakresu cyfryzacji i nowych technologii, uzyskali rewelacyjny wynik &#8211; wypracowali najwy\u017csz\u0105 \u015bredni\u0105 punkt\u00f3w ze szk\u00f3\u0142 podstawowych w ca\u0142ym kraju! Jest to ogromny sukces s\u0142upskiej Jedynki. 22 szcz\u0119\u015bliwc\u00f3w, wylosowanych spo\u015br\u00f3d uczni\u00f3w naszej szko\u0142y, w poniedzia\u0142ek 27 listopada <a href=\"https:\/\/sp1slupsk.pl\/?gallery=kompetencje-cyfrowe-to-nasza-specjalnosc\"><b>&#8230;wi\u0119cej<\/b><\/a><\/p>\n","protected":false},"author":1,"featured_media":84513,"comment_status":"closed","ping_status":"closed","sticky":false,"template":"","format":"standard","meta":[],"categories":[1],"tags":[],"_links":{"self":[{"href":"https:\/\/sp1slupsk.pl\/index.php?rest_route=\/wp\/v2\/posts\/84486"}],"collection":[{"href":"https:\/\/sp1slupsk.pl\/index.php?rest_route=\/wp\/v2\/posts"}],"about":[{"href":"https:\/\/sp1slupsk.pl\/index.php?rest_route=\/wp\/v2\/types\/post"}],"author":[{"embeddable":true,"href":"https:\/\/sp1slupsk.pl\/index.php?rest_route=\/wp\/v2\/users\/1"}],"replies":[{"embeddable":true,"href":"https:\/\/sp1slupsk.pl\/index.php?rest_route=%2Fwp%2Fv2%2Fcomments&post=84486"}],"version-history":[{"count":4,"href":"https:\/\/sp1slupsk.pl\/index.php?rest_route=\/wp\/v2\/posts\/84486\/revisions"}],"predecessor-version":[{"id":84521,"href":"https:\/\/sp1slupsk.pl\/index.php?rest_route=\/wp\/v2\/posts\/84486\/revisions\/84521"}],"wp:featuredmedia":[{"embeddable":true,"href":"https:\/\/sp1slupsk.pl\/index.php?rest_route=\/wp\/v2\/media\/84513"}],"wp:attachment":[{"href":"https:\/\/sp1slupsk.pl\/index.php?rest_route=%2Fwp%2Fv2%2Fmedia&parent=84486"}],"wp:term":[{"taxonomy":"category","embeddable":true,"href":"https:\/\/sp1slupsk.pl\/index.php?rest_route=%2Fwp%2Fv2%2Fcategories&post=84486"},{"taxonomy":"post_tag","embeddable":true,"href":"https:\/\/sp1slupsk.pl\/index.php?rest_route=%2Fwp%2Fv2%2Ftags&post=84486"}],"curies":[{"name":"wp","href":"https:\/\/api.w.org\/{rel}","templated":true}]}}