{"id":84878,"date":"2023-12-21T15:34:51","date_gmt":"2023-12-21T14:34:51","guid":{"rendered":"http:\/\/sp1slupsk.pl\/?p=84878"},"modified":"2023-12-21T15:35:54","modified_gmt":"2023-12-21T14:35:54","slug":"co-dodaje-mi-skrzydel-moja-pasja","status":"publish","type":"post","link":"https:\/\/sp1slupsk.pl\/?p=84878","title":{"rendered":"\u201eCo dodaje mi skrzyde\u0142 \u2013 Moja pasja\u201d"},"content":{"rendered":"\n<p>Uczniowie naszej szko\u0142y wzi\u0119li udzia\u0142 w 3 edycji konkursu \u201eCo dodaje mi skrzyde\u0142 \u2013 Moja pasja\u201d. Organizatorem konkursu jest Fundacja Mi\u0119dzynarodowy Ruch Lataj\u0105cych Plecaczk\u00f3w\/Flying Bag, a sponsorem BIC Polska. Konkurs mia\u0142 na celu pokazanie r\u00f3\u017cnorodnych dzieci\u0119cych pasji, jak si\u0119 wszyscy r\u00f3\u017cnimy, co lubimy, jak r\u00f3wnie\u017c propagowanie idei Mi\u0119dzynarodowego Dnia Plecaka.<\/p>\n\n\n\n<p><strong>Czym jest to \u015bwi\u0119to?<\/strong><\/p>\n\n\n\n<p>Celem \u015awi\u0119ta jest, aby 15 pa\u017adziernika wszystkie szko\u0142y ze&nbsp;194 pa\u0144stw obchodzi\u0142y Mi\u0119dzynarodowy Dzie\u0144 Plecaka, a&nbsp;pomys\u0142y uczni\u00f3w zosta\u0142y wys\u0142uchane. Dzieci tego dnia mieliby mo\u017cliwo\u015b\u0107 i przestrze\u0144 do tego, by dzieli\u0107 si\u0119 swoimi pasjami, historiami i marzeniami, a jednocze\u015bnie okazj\u0119 do dobrej, a przede wszystkim wsp\u00f3lnej zabawy! Niewa\u017cne, czy przyj\u0119\u0142oby to form\u0119 tylko jednej godziny lekcyjnej, czy ca\u0142ego dnia dedykowanych \u015bwi\u0119tu zaj\u0119\u0107 \u2013 wa\u017cne, \u017ce uczniowie uzyskaliby realny czas na wymian\u0119 my\u015bli oraz wsp\u00f3\u0142prac\u0119. Pomys\u0142 powsta\u0142 w 2018 roku i od razu spotka\u0142 si\u0119 z bardzo pozytywnym odzewem ze strony dzieci, student\u00f3w, rodzic\u00f3w i nauczycieli z wielu r\u00f3\u017cnych pa\u0144stw.<\/p>\n\n\n\n<p>Poni\u017cej prace konkursowe laureat\u00f3w naszej szko\u0142y.<\/p>\n\n\n\n\t\t\t\t\t\t<div class=\"gallery_box_single\">\n\t\t\t\t\t\t\t\t\t\t\t\t\t\t\t<div class=\"gallery clearfix\">\n\t\t\t\t\t\t\t\t\t\t\t\t\t\t\t\t\t\t\t\t<div class=\"gllr_image_row\">\n\t\t\t\t\t\t\t\t\t\t\t\t\t\t\t\t\t\t\t\t\t<div class=\"gllr_image_block\">\n\t\t\t\t\t\t\t\t\t\t\t\t<p style=\"width:180px;height:140px;\">\n\t\t\t\t\t\t\t\t\t\t\t\t\t\t\t\t\t\t\t\t\t\t\t\t\t\t\t<a rel=\"gallery_fancybox_84879\" href=\"https:\/\/sp1slupsk.pl\/wp-content\/uploads\/2023\/12\/IMG_20231220_171723664-1024x768.jpg\" title=\"Uczniowie naszej szko\u0142y wzi\u0119li udzia\u0142 w 3 edycji konkursu \u201eCo dodaje mi skrzyde\u0142 \u2013 Moja pasja\u201d. Organizatorem konkursu jest Fundacja Mi\u0119dzynarodowy Ruch Lataj\u0105cych Plecaczk\u00f3w\/Flying Bag, a sponsorem BIC Polska. Konkurs mia\u0142 na celu pokazanie r\u00f3\u017cnorodnych dzieci\u0119cych pasji, jak si\u0119 wszyscy r\u00f3\u017cnimy, co lubimy, jak r\u00f3wnie\u017c propagowanie idei Mi\u0119dzynarodowego Dnia Plecaka.\">\n\t\t\t\t\t\t\t\t\t\t\t\t\t\t\t<img style=\"width:160px;height:120px; border-width: 10px; border-color:#F1F1F1;border: 10px solid #F1F1F1\" alt=\"\" title=\"Uczniowie naszej szko\u0142y wzi\u0119li udzia\u0142 w 3 edycji konkursu \u201eCo dodaje mi skrzyde\u0142 \u2013 Moja pasja\u201d. Organizatorem konkursu jest Fundacja Mi\u0119dzynarodowy Ruch Lataj\u0105cych Plecaczk\u00f3w\/Flying Bag, a sponsorem BIC Polska. Konkurs mia\u0142 na celu pokazanie r\u00f3\u017cnorodnych dzieci\u0119cych pasji, jak si\u0119 wszyscy r\u00f3\u017cnimy, co lubimy, jak r\u00f3wnie\u017c propagowanie idei Mi\u0119dzynarodowego Dnia Plecaka.\" src=\"https:\/\/sp1slupsk.pl\/wp-content\/uploads\/2023\/12\/IMG_20231220_171723664-160x120.jpg\" rel=\"https:\/\/sp1slupsk.pl\/wp-content\/uploads\/2023\/12\/IMG_20231220_171723664-scaled.jpg\" \/>\n\t\t\t\t\t\t\t\t\t\t\t\t\t\t<\/a>\n\t\t\t\t\t\t\t\t\t\t\t\t\t\t\t\t\t\t\t\t\t\t\t\t\t<\/p>\n\t\t\t\t\t\t\t\t\t\t\t\t\t\t\t\t\t\t\t\t\t\t\t<\/div><!-- .gllr_image_block -->\n\t\t\t\t\t\t\t\t\t\t\t\t\t\t\t\t\t\t\t\t\t<div class=\"gllr_image_block\">\n\t\t\t\t\t\t\t\t\t\t\t\t<p style=\"width:180px;height:140px;\">\n\t\t\t\t\t\t\t\t\t\t\t\t\t\t\t\t\t\t\t\t\t\t\t\t\t\t\t<a rel=\"gallery_fancybox_84879\" href=\"https:\/\/sp1slupsk.pl\/wp-content\/uploads\/2023\/12\/IMG_20231221_113744518_HDR-768x1024.jpg\" title=\"Uczniowie naszej szko\u0142y wzi\u0119li udzia\u0142 w 3 edycji konkursu \u201eCo dodaje mi skrzyde\u0142 \u2013 Moja pasja\u201d. Organizatorem konkursu jest Fundacja Mi\u0119dzynarodowy Ruch Lataj\u0105cych Plecaczk\u00f3w\/Flying Bag, a sponsorem BIC Polska. Konkurs mia\u0142 na celu pokazanie r\u00f3\u017cnorodnych dzieci\u0119cych pasji, jak si\u0119 wszyscy r\u00f3\u017cnimy, co lubimy, jak r\u00f3wnie\u017c propagowanie idei Mi\u0119dzynarodowego Dnia Plecaka.\">\n\t\t\t\t\t\t\t\t\t\t\t\t\t\t\t<img style=\"width:160px;height:120px; border-width: 10px; border-color:#F1F1F1;border: 10px solid #F1F1F1\" alt=\"\" title=\"Uczniowie naszej szko\u0142y wzi\u0119li udzia\u0142 w 3 edycji konkursu \u201eCo dodaje mi skrzyde\u0142 \u2013 Moja pasja\u201d. Organizatorem konkursu jest Fundacja Mi\u0119dzynarodowy Ruch Lataj\u0105cych Plecaczk\u00f3w\/Flying Bag, a sponsorem BIC Polska. Konkurs mia\u0142 na celu pokazanie r\u00f3\u017cnorodnych dzieci\u0119cych pasji, jak si\u0119 wszyscy r\u00f3\u017cnimy, co lubimy, jak r\u00f3wnie\u017c propagowanie idei Mi\u0119dzynarodowego Dnia Plecaka.\" src=\"https:\/\/sp1slupsk.pl\/wp-content\/uploads\/2023\/12\/IMG_20231221_113744518_HDR-160x120.jpg\" rel=\"https:\/\/sp1slupsk.pl\/wp-content\/uploads\/2023\/12\/IMG_20231221_113744518_HDR-scaled.jpg\" \/>\n\t\t\t\t\t\t\t\t\t\t\t\t\t\t<\/a>\n\t\t\t\t\t\t\t\t\t\t\t\t\t\t\t\t\t\t\t\t\t\t\t\t\t<\/p>\n\t\t\t\t\t\t\t\t\t\t\t\t\t\t\t\t\t\t\t\t\t\t\t<\/div><!-- .gllr_image_block -->\n\t\t\t\t\t\t\t\t\t\t\t\t\t\t\t\t\t\t\t\t\t<div class=\"gllr_image_block\">\n\t\t\t\t\t\t\t\t\t\t\t\t<p style=\"width:180px;height:140px;\">\n\t\t\t\t\t\t\t\t\t\t\t\t\t\t\t\t\t\t\t\t\t\t\t\t\t\t\t<a rel=\"gallery_fancybox_84879\" href=\"https:\/\/sp1slupsk.pl\/wp-content\/uploads\/2023\/12\/IMG_20231220_171638096-768x1024.jpg\" title=\"Uczniowie naszej szko\u0142y wzi\u0119li udzia\u0142 w 3 edycji konkursu \u201eCo dodaje mi skrzyde\u0142 \u2013 Moja pasja\u201d. Organizatorem konkursu jest Fundacja Mi\u0119dzynarodowy Ruch Lataj\u0105cych Plecaczk\u00f3w\/Flying Bag, a sponsorem BIC Polska. Konkurs mia\u0142 na celu pokazanie r\u00f3\u017cnorodnych dzieci\u0119cych pasji, jak si\u0119 wszyscy r\u00f3\u017cnimy, co lubimy, jak r\u00f3wnie\u017c propagowanie idei Mi\u0119dzynarodowego Dnia Plecaka.\">\n\t\t\t\t\t\t\t\t\t\t\t\t\t\t\t<img style=\"width:160px;height:120px; border-width: 10px; border-color:#F1F1F1;border: 10px solid #F1F1F1\" alt=\"\" title=\"Uczniowie naszej szko\u0142y wzi\u0119li udzia\u0142 w 3 edycji konkursu \u201eCo dodaje mi skrzyde\u0142 \u2013 Moja pasja\u201d. Organizatorem konkursu jest Fundacja Mi\u0119dzynarodowy Ruch Lataj\u0105cych Plecaczk\u00f3w\/Flying Bag, a sponsorem BIC Polska. Konkurs mia\u0142 na celu pokazanie r\u00f3\u017cnorodnych dzieci\u0119cych pasji, jak si\u0119 wszyscy r\u00f3\u017cnimy, co lubimy, jak r\u00f3wnie\u017c propagowanie idei Mi\u0119dzynarodowego Dnia Plecaka.\" src=\"https:\/\/sp1slupsk.pl\/wp-content\/uploads\/2023\/12\/IMG_20231220_171638096-160x120.jpg\" rel=\"https:\/\/sp1slupsk.pl\/wp-content\/uploads\/2023\/12\/IMG_20231220_171638096-scaled.jpg\" \/>\n\t\t\t\t\t\t\t\t\t\t\t\t\t\t<\/a>\n\t\t\t\t\t\t\t\t\t\t\t\t\t\t\t\t\t\t\t\t\t\t\t\t\t<\/p>\n\t\t\t\t\t\t\t\t\t\t\t\t\t\t\t\t\t\t\t\t\t\t\t<\/div><!-- .gllr_image_block -->\n\t\t\t\t\t\t\t\t\t\t\t\t\t\t\t\t\t\t\t\t\t<\/div><!-- .gllr_image_row -->\n\t\t\t\t\t\t\t\t\t\t\t\t\t\t\t\t\t\t\t\t\t<div class=\"gllr_image_row\">\n\t\t\t\t\t\t\t\t\t\t\t\t\t\t\t\t\t\t\t\t\t<div class=\"gllr_image_block\">\n\t\t\t\t\t\t\t\t\t\t\t\t<p style=\"width:180px;height:140px;\">\n\t\t\t\t\t\t\t\t\t\t\t\t\t\t\t\t\t\t\t\t\t\t\t\t\t\t\t<a rel=\"gallery_fancybox_84879\" href=\"https:\/\/sp1slupsk.pl\/wp-content\/uploads\/2023\/12\/IMG_20231220_171515259-1024x768.jpg\" title=\"Uczniowie naszej szko\u0142y wzi\u0119li udzia\u0142 w 3 edycji konkursu \u201eCo dodaje mi skrzyde\u0142 \u2013 Moja pasja\u201d. Organizatorem konkursu jest Fundacja Mi\u0119dzynarodowy Ruch Lataj\u0105cych Plecaczk\u00f3w\/Flying Bag, a sponsorem BIC Polska. Konkurs mia\u0142 na celu pokazanie r\u00f3\u017cnorodnych dzieci\u0119cych pasji, jak si\u0119 wszyscy r\u00f3\u017cnimy, co lubimy, jak r\u00f3wnie\u017c propagowanie idei Mi\u0119dzynarodowego Dnia Plecaka.\">\n\t\t\t\t\t\t\t\t\t\t\t\t\t\t\t<img style=\"width:160px;height:120px; border-width: 10px; border-color:#F1F1F1;border: 10px solid #F1F1F1\" alt=\"\" title=\"Uczniowie naszej szko\u0142y wzi\u0119li udzia\u0142 w 3 edycji konkursu \u201eCo dodaje mi skrzyde\u0142 \u2013 Moja pasja\u201d. Organizatorem konkursu jest Fundacja Mi\u0119dzynarodowy Ruch Lataj\u0105cych Plecaczk\u00f3w\/Flying Bag, a sponsorem BIC Polska. Konkurs mia\u0142 na celu pokazanie r\u00f3\u017cnorodnych dzieci\u0119cych pasji, jak si\u0119 wszyscy r\u00f3\u017cnimy, co lubimy, jak r\u00f3wnie\u017c propagowanie idei Mi\u0119dzynarodowego Dnia Plecaka.\" src=\"https:\/\/sp1slupsk.pl\/wp-content\/uploads\/2023\/12\/IMG_20231220_171515259-160x120.jpg\" rel=\"https:\/\/sp1slupsk.pl\/wp-content\/uploads\/2023\/12\/IMG_20231220_171515259-scaled.jpg\" \/>\n\t\t\t\t\t\t\t\t\t\t\t\t\t\t<\/a>\n\t\t\t\t\t\t\t\t\t\t\t\t\t\t\t\t\t\t\t\t\t\t\t\t\t<\/p>\n\t\t\t\t\t\t\t\t\t\t\t\t\t\t\t\t\t\t\t\t\t\t\t<\/div><!-- .gllr_image_block -->\n\t\t\t\t\t\t\t\t\t\t\t\t\t\t\t\t\t\t\t\t\t<div class=\"gllr_image_block\">\n\t\t\t\t\t\t\t\t\t\t\t\t<p style=\"width:180px;height:140px;\">\n\t\t\t\t\t\t\t\t\t\t\t\t\t\t\t\t\t\t\t\t\t\t\t\t\t\t\t<a rel=\"gallery_fancybox_84879\" href=\"https:\/\/sp1slupsk.pl\/wp-content\/uploads\/2023\/12\/IMG_20231220_171426503-1024x768.jpg\" title=\"Uczniowie naszej szko\u0142y wzi\u0119li udzia\u0142 w 3 edycji konkursu \u201eCo dodaje mi skrzyde\u0142 \u2013 Moja pasja\u201d. Organizatorem konkursu jest Fundacja Mi\u0119dzynarodowy Ruch Lataj\u0105cych Plecaczk\u00f3w\/Flying Bag, a sponsorem BIC Polska. Konkurs mia\u0142 na celu pokazanie r\u00f3\u017cnorodnych dzieci\u0119cych pasji, jak si\u0119 wszyscy r\u00f3\u017cnimy, co lubimy, jak r\u00f3wnie\u017c propagowanie idei Mi\u0119dzynarodowego Dnia Plecaka.\">\n\t\t\t\t\t\t\t\t\t\t\t\t\t\t\t<img style=\"width:160px;height:120px; border-width: 10px; border-color:#F1F1F1;border: 10px solid #F1F1F1\" alt=\"\" title=\"Uczniowie naszej szko\u0142y wzi\u0119li udzia\u0142 w 3 edycji konkursu \u201eCo dodaje mi skrzyde\u0142 \u2013 Moja pasja\u201d. Organizatorem konkursu jest Fundacja Mi\u0119dzynarodowy Ruch Lataj\u0105cych Plecaczk\u00f3w\/Flying Bag, a sponsorem BIC Polska. Konkurs mia\u0142 na celu pokazanie r\u00f3\u017cnorodnych dzieci\u0119cych pasji, jak si\u0119 wszyscy r\u00f3\u017cnimy, co lubimy, jak r\u00f3wnie\u017c propagowanie idei Mi\u0119dzynarodowego Dnia Plecaka.\" src=\"https:\/\/sp1slupsk.pl\/wp-content\/uploads\/2023\/12\/IMG_20231220_171426503-160x120.jpg\" rel=\"https:\/\/sp1slupsk.pl\/wp-content\/uploads\/2023\/12\/IMG_20231220_171426503-scaled.jpg\" \/>\n\t\t\t\t\t\t\t\t\t\t\t\t\t\t<\/a>\n\t\t\t\t\t\t\t\t\t\t\t\t\t\t\t\t\t\t\t\t\t\t\t\t\t<\/p>\n\t\t\t\t\t\t\t\t\t\t\t\t\t\t\t\t\t\t\t\t\t\t\t<\/div><!-- .gllr_image_block -->\n\t\t\t\t\t\t\t\t\t\t\t\t\t\t\t\t\t\t\t\t<\/div><!-- .gllr_image_row -->\n\t\t\t\t\t\t\t\t\t\t\t\t\t\t\t\t\t<\/div><!-- .gallery.clearfix -->\n\t\t\t\t\t\t\t\t\t\t\t\t\t<\/div><!-- .gallery_box_single -->\n\t\t\t\t\t\t<div class=\"gllr_clear\"><\/div>\n\t\t\t\t\t\t\t\t\t<script type=\"text\/javascript\">\n\t\t\t\t\t(function($) {\n\t\t\t\t\t\t$(document).ready( function() {\n\t\t\t\t\t\t\t$( \"a[rel=gallery_fancybox_84879]\" ).fancybox( {\n\t\t\t\t\t\t\t\t'transitionIn'\t\t:\t'elastic',\n\t\t\t\t\t\t\t\t'transitionOut'\t\t:\t'elastic',\n\t\t\t\t\t\t\t\t'titlePosition' \t:\t'inside',\n\t\t\t\t\t\t\t\t'speedIn'\t\t\t:\t500, \n\t\t\t\t\t\t\t\t'speedOut'\t\t\t:\t300,\n\t\t\t\t\t\t\t\t'titleFormat'\t\t:\tfunction( title, currentArray, currentIndex, currentOpts ) {\n\t\t\t\t\t\t\t\t\treturn '<div id=\"fancybox-title-inside\">' + ( title.length ? '<span id=\"bws_gallery_image_title\">' + title + '<\/span><br \/>' : '' ) + '<span id=\"bws_gallery_image_counter\">Image ' + ( currentIndex + 1 ) + ' \/ ' + currentArray.length + '<\/span><\/div>';\n\t\t\t\t\t\t\t\t}\t\t\t\t\t\t\t});\n\t\t\t\t\t\t});\n\t\t\t\t\t})(jQuery);\n\t\t\t\t<\/script>\n\t\t\t\n","protected":false},"excerpt":{"rendered":"<p>Uczniowie naszej szko\u0142y wzi\u0119li udzia\u0142 w 3 edycji konkursu \u201eCo dodaje mi skrzyde\u0142 \u2013 Moja pasja\u201d. Organizatorem konkursu jest Fundacja Mi\u0119dzynarodowy Ruch Lataj\u0105cych Plecaczk\u00f3w\/Flying Bag, a sponsorem BIC Polska. Konkurs mia\u0142 na celu pokazanie r\u00f3\u017cnorodnych dzieci\u0119cych pasji, jak si\u0119 wszyscy r\u00f3\u017cnimy, co lubimy, jak r\u00f3wnie\u017c propagowanie idei Mi\u0119dzynarodowego Dnia Plecaka. Czym jest to \u015bwi\u0119to? Celem <a href=\"https:\/\/sp1slupsk.pl\/?gallery=co-dodaje-mi-skrzydel-moja-pasja\"><b>&#8230;wi\u0119cej<\/b><\/a><\/p>\n","protected":false},"author":1,"featured_media":84883,"comment_status":"closed","ping_status":"closed","sticky":false,"template":"","format":"standard","meta":[],"categories":[22,28,23],"tags":[],"_links":{"self":[{"href":"https:\/\/sp1slupsk.pl\/index.php?rest_route=\/wp\/v2\/posts\/84878"}],"collection":[{"href":"https:\/\/sp1slupsk.pl\/index.php?rest_route=\/wp\/v2\/posts"}],"about":[{"href":"https:\/\/sp1slupsk.pl\/index.php?rest_route=\/wp\/v2\/types\/post"}],"author":[{"embeddable":true,"href":"https:\/\/sp1slupsk.pl\/index.php?rest_route=\/wp\/v2\/users\/1"}],"replies":[{"embeddable":true,"href":"https:\/\/sp1slupsk.pl\/index.php?rest_route=%2Fwp%2Fv2%2Fcomments&post=84878"}],"version-history":[{"count":2,"href":"https:\/\/sp1slupsk.pl\/index.php?rest_route=\/wp\/v2\/posts\/84878\/revisions"}],"predecessor-version":[{"id":84886,"href":"https:\/\/sp1slupsk.pl\/index.php?rest_route=\/wp\/v2\/posts\/84878\/revisions\/84886"}],"wp:featuredmedia":[{"embeddable":true,"href":"https:\/\/sp1slupsk.pl\/index.php?rest_route=\/wp\/v2\/media\/84883"}],"wp:attachment":[{"href":"https:\/\/sp1slupsk.pl\/index.php?rest_route=%2Fwp%2Fv2%2Fmedia&parent=84878"}],"wp:term":[{"taxonomy":"category","embeddable":true,"href":"https:\/\/sp1slupsk.pl\/index.php?rest_route=%2Fwp%2Fv2%2Fcategories&post=84878"},{"taxonomy":"post_tag","embeddable":true,"href":"https:\/\/sp1slupsk.pl\/index.php?rest_route=%2Fwp%2Fv2%2Ftags&post=84878"}],"curies":[{"name":"wp","href":"https:\/\/api.w.org\/{rel}","templated":true}]}}