{"id":84984,"date":"2024-01-10T21:01:53","date_gmt":"2024-01-10T20:01:53","guid":{"rendered":"http:\/\/sp1slupsk.pl\/?p=84984"},"modified":"2024-01-10T21:09:33","modified_gmt":"2024-01-10T20:09:33","slug":"wyniki-konkursu-plastycznego-prawa-czlowieka-prawami-dziecka","status":"publish","type":"post","link":"https:\/\/sp1slupsk.pl\/?p=84984","title":{"rendered":"Wyniki konkursu plastycznego Prawa cz\u0142owieka &#8211; prawami dziecka&#8221;"},"content":{"rendered":"\n<div class=\"wp-block-image\"><figure class=\"aligncenter size-large is-resized\"><img loading=\"lazy\" src=\"http:\/\/sp1slupsk.pl\/wp-content\/uploads\/2024\/01\/Stowarzyszenie-Sedziow-Polskich-\u201eIustitia-Oddzial-w-Slupsku-1024x660.jpg\" alt=\"\" class=\"wp-image-84987\" width=\"261\" height=\"167\" srcset=\"https:\/\/sp1slupsk.pl\/wp-content\/uploads\/2024\/01\/Stowarzyszenie-Sedziow-Polskich-\u201eIustitia-Oddzial-w-Slupsku-1024x660.jpg 1024w, https:\/\/sp1slupsk.pl\/wp-content\/uploads\/2024\/01\/Stowarzyszenie-Sedziow-Polskich-\u201eIustitia-Oddzial-w-Slupsku-300x193.jpg 300w, https:\/\/sp1slupsk.pl\/wp-content\/uploads\/2024\/01\/Stowarzyszenie-Sedziow-Polskich-\u201eIustitia-Oddzial-w-Slupsku-768x495.jpg 768w, https:\/\/sp1slupsk.pl\/wp-content\/uploads\/2024\/01\/Stowarzyszenie-Sedziow-Polskich-\u201eIustitia-Oddzial-w-Slupsku-1536x990.jpg 1536w, https:\/\/sp1slupsk.pl\/wp-content\/uploads\/2024\/01\/Stowarzyszenie-Sedziow-Polskich-\u201eIustitia-Oddzial-w-Slupsku.jpg 1587w\" sizes=\"(max-width: 261px) 100vw, 261px\" \/><\/figure><\/div>\n\n\n\n<p>Mi\u0142o nam poinformowa\u0107, \u017ce nasze uczennice: Daryna Momot, Julia Sikorska i Maja Pil\u015bniak z klasy VII b zdoby\u0142y wyr\u00f3\u017cnienia <strong>w Regionalnym Konkursie Plastycznym &#8222;Prawa cz\u0142owieka &#8211; Prawami Dziecka&#8221; <\/strong>organizowanego przez Stowarzyszenie S\u0119dzi\u00f3w Polskich &#8222;Iustitia&#8221; Oddzia\u0142 w S\u0142upsku oraz Europe Direct S\u0142upsk przy Centrum Inicjatyw Obywatelskich w S\u0142upsku.<br>Gratulujemy!<\/p>\n","protected":false},"excerpt":{"rendered":"<p>Mi\u0142o nam poinformowa\u0107, \u017ce nasze uczennice: Daryna Momot, Julia Sikorska i Maja Pil\u015bniak z klasy VII b zdoby\u0142y wyr\u00f3\u017cnienia w Regionalnym Konkursie Plastycznym &#8222;Prawa cz\u0142owieka &#8211; Prawami Dziecka&#8221; organizowanego przez Stowarzyszenie S\u0119dzi\u00f3w Polskich &#8222;Iustitia&#8221; Oddzia\u0142 w S\u0142upsku oraz Europe Direct S\u0142upsk przy Centrum Inicjatyw Obywatelskich w S\u0142upsku.Gratulujemy!<\/p>\n","protected":false},"author":1,"featured_media":84987,"comment_status":"closed","ping_status":"closed","sticky":false,"template":"","format":"standard","meta":[],"categories":[28,23],"tags":[],"_links":{"self":[{"href":"https:\/\/sp1slupsk.pl\/index.php?rest_route=\/wp\/v2\/posts\/84984"}],"collection":[{"href":"https:\/\/sp1slupsk.pl\/index.php?rest_route=\/wp\/v2\/posts"}],"about":[{"href":"https:\/\/sp1slupsk.pl\/index.php?rest_route=\/wp\/v2\/types\/post"}],"author":[{"embeddable":true,"href":"https:\/\/sp1slupsk.pl\/index.php?rest_route=\/wp\/v2\/users\/1"}],"replies":[{"embeddable":true,"href":"https:\/\/sp1slupsk.pl\/index.php?rest_route=%2Fwp%2Fv2%2Fcomments&post=84984"}],"version-history":[{"count":5,"href":"https:\/\/sp1slupsk.pl\/index.php?rest_route=\/wp\/v2\/posts\/84984\/revisions"}],"predecessor-version":[{"id":84992,"href":"https:\/\/sp1slupsk.pl\/index.php?rest_route=\/wp\/v2\/posts\/84984\/revisions\/84992"}],"wp:featuredmedia":[{"embeddable":true,"href":"https:\/\/sp1slupsk.pl\/index.php?rest_route=\/wp\/v2\/media\/84987"}],"wp:attachment":[{"href":"https:\/\/sp1slupsk.pl\/index.php?rest_route=%2Fwp%2Fv2%2Fmedia&parent=84984"}],"wp:term":[{"taxonomy":"category","embeddable":true,"href":"https:\/\/sp1slupsk.pl\/index.php?rest_route=%2Fwp%2Fv2%2Fcategories&post=84984"},{"taxonomy":"post_tag","embeddable":true,"href":"https:\/\/sp1slupsk.pl\/index.php?rest_route=%2Fwp%2Fv2%2Ftags&post=84984"}],"curies":[{"name":"wp","href":"https:\/\/api.w.org\/{rel}","templated":true}]}}