{"id":87759,"date":"2024-11-20T17:49:33","date_gmt":"2024-11-20T16:49:33","guid":{"rendered":"http:\/\/sp1slupsk.pl\/?p=87759"},"modified":"2024-11-20T17:49:33","modified_gmt":"2024-11-20T16:49:33","slug":"miedzynarodowy-dzien-dziecinstwa-bez-przemocy","status":"publish","type":"post","link":"https:\/\/sp1slupsk.pl\/?p=87759","title":{"rendered":"Mi\u0119dzynarodowy Dzie\u0144 Dzieci\u0144stwa Bez Przemocy"},"content":{"rendered":"\n<p>Dnia 19 listopada w Szkole Podstawowej nr 1 w S\u0142upsku obchodzili\u015bmy Mi\u0119dzynarodowy Dzie\u0144 Dzieci\u0144stwa Bez Przemocy i tym samym zako\u0144czyli\u015bmy kampani\u0119 &#8222;Dzieci\u0144stwo bez przemocy&#8221;. Dzi\u0119kujemy za zaanga\u017cowanie, podkre\u015blenie znaczenie kampanii poprzez ubranie si\u0119 na czerwono.<\/p>\n\n\n\n<p><a href=\"https:\/\/www.facebook.com\/hashtag\/19listopada?__eep__=6&amp;__cft__[0]=AZULKlzWdSXvgESuGukVrV98K1jKawenucKlMO0taZhXChd7D2-gdCaMldpCualWBJzl609mcQ2fA-9xvGvIjQT8PDyp9P9I1gDA0ZXG8sa7vKER2W9vGZSaijKYVa7E6hg6Z5p4kfSR5Y4NHzwmFdzv&amp;__tn__=*NK-R\">#19listopada<\/a><a href=\"https:\/\/www.facebook.com\/hashtag\/dziecinstwobezprzemocy?__eep__=6&amp;__cft__[0]=AZULKlzWdSXvgESuGukVrV98K1jKawenucKlMO0taZhXChd7D2-gdCaMldpCualWBJzl609mcQ2fA-9xvGvIjQT8PDyp9P9I1gDA0ZXG8sa7vKER2W9vGZSaijKYVa7E6hg6Z5p4kfSR5Y4NHzwmFdzv&amp;__tn__=*NK-R\"> #dziecinstwobezprzemocy<\/a><\/p>\n\n\n\n\t\t\t\t\t\t<div class=\"gallery_box_single\">\n\t\t\t\t\t\t\t\t\t\t\t\t\t\t\t<div class=\"gallery clearfix\">\n\t\t\t\t\t\t\t\t\t\t\t\t\t\t\t\t\t\t\t\t<div class=\"gllr_image_row\">\n\t\t\t\t\t\t\t\t\t\t\t\t\t\t\t\t\t\t\t\t\t<div class=\"gllr_image_block\">\n\t\t\t\t\t\t\t\t\t\t\t\t<p style=\"width:180px;height:140px;\">\n\t\t\t\t\t\t\t\t\t\t\t\t\t\t\t\t\t\t\t\t\t\t\t\t\t\t\t<a rel=\"gallery_fancybox_87758\" href=\"https:\/\/sp1slupsk.pl\/wp-content\/uploads\/2024\/11\/1000027173-1024x768.jpg\" title=\"Dnia 19 listopada w Szkole Podstawowej nr 1 w S\u0142upsku obchodzili\u015bmy Mi\u0119dzynarodowy Dzie\u0144 Dzieci\u0144stwa Bez Przemocy i tym samym zako\u0144czyli\u015bmy kampani\u0119 &quot;Dzieci\u0144stwo bez przemocy&quot;. Dzi\u0119kujemy za zaanga\u017cowanie, podkre\u015blenie znaczenie kampanii poprzez ubranie si\u0119 na czerwono.\">\n\t\t\t\t\t\t\t\t\t\t\t\t\t\t\t<img style=\"width:160px;height:120px; border-width: 10px; border-color:#F1F1F1;border: 10px solid #F1F1F1\" alt=\"\" title=\"Dnia 19 listopada w Szkole Podstawowej nr 1 w S\u0142upsku obchodzili\u015bmy Mi\u0119dzynarodowy Dzie\u0144 Dzieci\u0144stwa Bez Przemocy i tym samym zako\u0144czyli\u015bmy kampani\u0119 &quot;Dzieci\u0144stwo bez przemocy&quot;. Dzi\u0119kujemy za zaanga\u017cowanie, podkre\u015blenie znaczenie kampanii poprzez ubranie si\u0119 na czerwono.\" src=\"https:\/\/sp1slupsk.pl\/wp-content\/uploads\/2024\/11\/1000027173-160x120.jpg\" rel=\"https:\/\/sp1slupsk.pl\/wp-content\/uploads\/2024\/11\/1000027173.jpg\" \/>\n\t\t\t\t\t\t\t\t\t\t\t\t\t\t<\/a>\n\t\t\t\t\t\t\t\t\t\t\t\t\t\t\t\t\t\t\t\t\t\t\t\t\t<\/p>\n\t\t\t\t\t\t\t\t\t\t\t\t\t\t\t\t\t\t\t\t\t\t\t<\/div><!-- .gllr_image_block -->\n\t\t\t\t\t\t\t\t\t\t\t\t\t\t\t\t\t\t\t\t\t<div class=\"gllr_image_block\">\n\t\t\t\t\t\t\t\t\t\t\t\t<p style=\"width:180px;height:140px;\">\n\t\t\t\t\t\t\t\t\t\t\t\t\t\t\t\t\t\t\t\t\t\t\t\t\t\t\t<a rel=\"gallery_fancybox_87758\" href=\"https:\/\/sp1slupsk.pl\/wp-content\/uploads\/2024\/11\/1000027171-1024x889.jpg\" title=\"Dnia 19 listopada w Szkole Podstawowej nr 1 w S\u0142upsku obchodzili\u015bmy Mi\u0119dzynarodowy Dzie\u0144 Dzieci\u0144stwa Bez Przemocy i tym samym zako\u0144czyli\u015bmy kampani\u0119 &quot;Dzieci\u0144stwo bez przemocy&quot;. Dzi\u0119kujemy za zaanga\u017cowanie, podkre\u015blenie znaczenie kampanii poprzez ubranie si\u0119 na czerwono.\">\n\t\t\t\t\t\t\t\t\t\t\t\t\t\t\t<img style=\"width:160px;height:120px; border-width: 10px; border-color:#F1F1F1;border: 10px solid #F1F1F1\" alt=\"\" title=\"Dnia 19 listopada w Szkole Podstawowej nr 1 w S\u0142upsku obchodzili\u015bmy Mi\u0119dzynarodowy Dzie\u0144 Dzieci\u0144stwa Bez Przemocy i tym samym zako\u0144czyli\u015bmy kampani\u0119 &quot;Dzieci\u0144stwo bez przemocy&quot;. Dzi\u0119kujemy za zaanga\u017cowanie, podkre\u015blenie znaczenie kampanii poprzez ubranie si\u0119 na czerwono.\" src=\"https:\/\/sp1slupsk.pl\/wp-content\/uploads\/2024\/11\/1000027171-160x120.jpg\" rel=\"https:\/\/sp1slupsk.pl\/wp-content\/uploads\/2024\/11\/1000027171.jpg\" \/>\n\t\t\t\t\t\t\t\t\t\t\t\t\t\t<\/a>\n\t\t\t\t\t\t\t\t\t\t\t\t\t\t\t\t\t\t\t\t\t\t\t\t\t<\/p>\n\t\t\t\t\t\t\t\t\t\t\t\t\t\t\t\t\t\t\t\t\t\t\t<\/div><!-- .gllr_image_block -->\n\t\t\t\t\t\t\t\t\t\t\t\t\t\t\t\t\t\t\t\t\t<div class=\"gllr_image_block\">\n\t\t\t\t\t\t\t\t\t\t\t\t<p style=\"width:180px;height:140px;\">\n\t\t\t\t\t\t\t\t\t\t\t\t\t\t\t\t\t\t\t\t\t\t\t\t\t\t\t<a rel=\"gallery_fancybox_87758\" href=\"https:\/\/sp1slupsk.pl\/wp-content\/uploads\/2024\/11\/1000027172-768x1024.jpg\" title=\"Dnia 19 listopada w Szkole Podstawowej nr 1 w S\u0142upsku obchodzili\u015bmy Mi\u0119dzynarodowy Dzie\u0144 Dzieci\u0144stwa Bez Przemocy i tym samym zako\u0144czyli\u015bmy kampani\u0119 &quot;Dzieci\u0144stwo bez przemocy&quot;. Dzi\u0119kujemy za zaanga\u017cowanie, podkre\u015blenie znaczenie kampanii poprzez ubranie si\u0119 na czerwono.\">\n\t\t\t\t\t\t\t\t\t\t\t\t\t\t\t<img style=\"width:160px;height:120px; border-width: 10px; border-color:#F1F1F1;border: 10px solid #F1F1F1\" alt=\"\" title=\"Dnia 19 listopada w Szkole Podstawowej nr 1 w S\u0142upsku obchodzili\u015bmy Mi\u0119dzynarodowy Dzie\u0144 Dzieci\u0144stwa Bez Przemocy i tym samym zako\u0144czyli\u015bmy kampani\u0119 &quot;Dzieci\u0144stwo bez przemocy&quot;. Dzi\u0119kujemy za zaanga\u017cowanie, podkre\u015blenie znaczenie kampanii poprzez ubranie si\u0119 na czerwono.\" src=\"https:\/\/sp1slupsk.pl\/wp-content\/uploads\/2024\/11\/1000027172-160x120.jpg\" rel=\"https:\/\/sp1slupsk.pl\/wp-content\/uploads\/2024\/11\/1000027172.jpg\" \/>\n\t\t\t\t\t\t\t\t\t\t\t\t\t\t<\/a>\n\t\t\t\t\t\t\t\t\t\t\t\t\t\t\t\t\t\t\t\t\t\t\t\t\t<\/p>\n\t\t\t\t\t\t\t\t\t\t\t\t\t\t\t\t\t\t\t\t\t\t\t<\/div><!-- .gllr_image_block -->\n\t\t\t\t\t\t\t\t\t\t\t\t\t\t\t\t\t\t\t\t\t<\/div><!-- .gllr_image_row -->\n\t\t\t\t\t\t\t\t\t\t\t\t\t\t\t\t\t\t\t\t\t<div class=\"gllr_image_row\">\n\t\t\t\t\t\t\t\t\t\t\t\t\t\t\t\t\t\t\t\t\t<div class=\"gllr_image_block\">\n\t\t\t\t\t\t\t\t\t\t\t\t<p style=\"width:180px;height:140px;\">\n\t\t\t\t\t\t\t\t\t\t\t\t\t\t\t\t\t\t\t\t\t\t\t\t\t\t\t<a rel=\"gallery_fancybox_87758\" href=\"https:\/\/sp1slupsk.pl\/wp-content\/uploads\/2024\/11\/1000027169-1024x768.jpg\" title=\"Dnia 19 listopada w Szkole Podstawowej nr 1 w S\u0142upsku obchodzili\u015bmy Mi\u0119dzynarodowy Dzie\u0144 Dzieci\u0144stwa Bez Przemocy i tym samym zako\u0144czyli\u015bmy kampani\u0119 &quot;Dzieci\u0144stwo bez przemocy&quot;. Dzi\u0119kujemy za zaanga\u017cowanie, podkre\u015blenie znaczenie kampanii poprzez ubranie si\u0119 na czerwono.\">\n\t\t\t\t\t\t\t\t\t\t\t\t\t\t\t<img style=\"width:160px;height:120px; border-width: 10px; border-color:#F1F1F1;border: 10px solid #F1F1F1\" alt=\"\" title=\"Dnia 19 listopada w Szkole Podstawowej nr 1 w S\u0142upsku obchodzili\u015bmy Mi\u0119dzynarodowy Dzie\u0144 Dzieci\u0144stwa Bez Przemocy i tym samym zako\u0144czyli\u015bmy kampani\u0119 &quot;Dzieci\u0144stwo bez przemocy&quot;. Dzi\u0119kujemy za zaanga\u017cowanie, podkre\u015blenie znaczenie kampanii poprzez ubranie si\u0119 na czerwono.\" src=\"https:\/\/sp1slupsk.pl\/wp-content\/uploads\/2024\/11\/1000027169-160x120.jpg\" rel=\"https:\/\/sp1slupsk.pl\/wp-content\/uploads\/2024\/11\/1000027169.jpg\" \/>\n\t\t\t\t\t\t\t\t\t\t\t\t\t\t<\/a>\n\t\t\t\t\t\t\t\t\t\t\t\t\t\t\t\t\t\t\t\t\t\t\t\t\t<\/p>\n\t\t\t\t\t\t\t\t\t\t\t\t\t\t\t\t\t\t\t\t\t\t\t<\/div><!-- .gllr_image_block -->\n\t\t\t\t\t\t\t\t\t\t\t\t\t\t\t\t\t\t\t\t\t<div class=\"gllr_image_block\">\n\t\t\t\t\t\t\t\t\t\t\t\t<p style=\"width:180px;height:140px;\">\n\t\t\t\t\t\t\t\t\t\t\t\t\t\t\t\t\t\t\t\t\t\t\t\t\t\t\t<a rel=\"gallery_fancybox_87758\" href=\"https:\/\/sp1slupsk.pl\/wp-content\/uploads\/2024\/11\/1000027176-1024x741.jpg\" title=\"Dnia 19 listopada w Szkole Podstawowej nr 1 w S\u0142upsku obchodzili\u015bmy Mi\u0119dzynarodowy Dzie\u0144 Dzieci\u0144stwa Bez Przemocy i tym samym zako\u0144czyli\u015bmy kampani\u0119 &quot;Dzieci\u0144stwo bez przemocy&quot;. Dzi\u0119kujemy za zaanga\u017cowanie, podkre\u015blenie znaczenie kampanii poprzez ubranie si\u0119 na czerwono.\">\n\t\t\t\t\t\t\t\t\t\t\t\t\t\t\t<img style=\"width:160px;height:120px; border-width: 10px; border-color:#F1F1F1;border: 10px solid #F1F1F1\" alt=\"\" title=\"Dnia 19 listopada w Szkole Podstawowej nr 1 w S\u0142upsku obchodzili\u015bmy Mi\u0119dzynarodowy Dzie\u0144 Dzieci\u0144stwa Bez Przemocy i tym samym zako\u0144czyli\u015bmy kampani\u0119 &quot;Dzieci\u0144stwo bez przemocy&quot;. Dzi\u0119kujemy za zaanga\u017cowanie, podkre\u015blenie znaczenie kampanii poprzez ubranie si\u0119 na czerwono.\" src=\"https:\/\/sp1slupsk.pl\/wp-content\/uploads\/2024\/11\/1000027176-160x120.jpg\" rel=\"https:\/\/sp1slupsk.pl\/wp-content\/uploads\/2024\/11\/1000027176.jpg\" \/>\n\t\t\t\t\t\t\t\t\t\t\t\t\t\t<\/a>\n\t\t\t\t\t\t\t\t\t\t\t\t\t\t\t\t\t\t\t\t\t\t\t\t\t<\/p>\n\t\t\t\t\t\t\t\t\t\t\t\t\t\t\t\t\t\t\t\t\t\t\t<\/div><!-- .gllr_image_block -->\n\t\t\t\t\t\t\t\t\t\t\t\t\t\t\t\t\t\t\t\t\t<div class=\"gllr_image_block\">\n\t\t\t\t\t\t\t\t\t\t\t\t<p style=\"width:180px;height:140px;\">\n\t\t\t\t\t\t\t\t\t\t\t\t\t\t\t\t\t\t\t\t\t\t\t\t\t\t\t<a rel=\"gallery_fancybox_87758\" href=\"https:\/\/sp1slupsk.pl\/wp-content\/uploads\/2024\/11\/1000027170-1024x771.jpg\" title=\"Dnia 19 listopada w Szkole Podstawowej nr 1 w S\u0142upsku obchodzili\u015bmy Mi\u0119dzynarodowy Dzie\u0144 Dzieci\u0144stwa Bez Przemocy i tym samym zako\u0144czyli\u015bmy kampani\u0119 &quot;Dzieci\u0144stwo bez przemocy&quot;. Dzi\u0119kujemy za zaanga\u017cowanie, podkre\u015blenie znaczenie kampanii poprzez ubranie si\u0119 na czerwono.\">\n\t\t\t\t\t\t\t\t\t\t\t\t\t\t\t<img style=\"width:160px;height:120px; border-width: 10px; border-color:#F1F1F1;border: 10px solid #F1F1F1\" alt=\"\" title=\"Dnia 19 listopada w Szkole Podstawowej nr 1 w S\u0142upsku obchodzili\u015bmy Mi\u0119dzynarodowy Dzie\u0144 Dzieci\u0144stwa Bez Przemocy i tym samym zako\u0144czyli\u015bmy kampani\u0119 &quot;Dzieci\u0144stwo bez przemocy&quot;. Dzi\u0119kujemy za zaanga\u017cowanie, podkre\u015blenie znaczenie kampanii poprzez ubranie si\u0119 na czerwono.\" src=\"https:\/\/sp1slupsk.pl\/wp-content\/uploads\/2024\/11\/1000027170-160x120.jpg\" rel=\"https:\/\/sp1slupsk.pl\/wp-content\/uploads\/2024\/11\/1000027170.jpg\" \/>\n\t\t\t\t\t\t\t\t\t\t\t\t\t\t<\/a>\n\t\t\t\t\t\t\t\t\t\t\t\t\t\t\t\t\t\t\t\t\t\t\t\t\t<\/p>\n\t\t\t\t\t\t\t\t\t\t\t\t\t\t\t\t\t\t\t\t\t\t\t<\/div><!-- .gllr_image_block -->\n\t\t\t\t\t\t\t\t\t\t\t\t\t\t\t\t\t\t\t\t\t<\/div><!-- .gllr_image_row -->\n\t\t\t\t\t\t\t\t\t\t\t\t\t\t\t\t\t\t\t\t\t<div class=\"gllr_image_row\">\n\t\t\t\t\t\t\t\t\t\t\t\t\t\t\t\t\t\t\t\t\t<div class=\"gllr_image_block\">\n\t\t\t\t\t\t\t\t\t\t\t\t<p style=\"width:180px;height:140px;\">\n\t\t\t\t\t\t\t\t\t\t\t\t\t\t\t\t\t\t\t\t\t\t\t\t\t\t\t<a rel=\"gallery_fancybox_87758\" href=\"https:\/\/sp1slupsk.pl\/wp-content\/uploads\/2024\/11\/1000027175-1024x768.jpg\" title=\"Dnia 19 listopada w Szkole Podstawowej nr 1 w S\u0142upsku obchodzili\u015bmy Mi\u0119dzynarodowy Dzie\u0144 Dzieci\u0144stwa Bez Przemocy i tym samym zako\u0144czyli\u015bmy kampani\u0119 &quot;Dzieci\u0144stwo bez przemocy&quot;. Dzi\u0119kujemy za zaanga\u017cowanie, podkre\u015blenie znaczenie kampanii poprzez ubranie si\u0119 na czerwono.\">\n\t\t\t\t\t\t\t\t\t\t\t\t\t\t\t<img style=\"width:160px;height:120px; border-width: 10px; border-color:#F1F1F1;border: 10px solid #F1F1F1\" alt=\"\" title=\"Dnia 19 listopada w Szkole Podstawowej nr 1 w S\u0142upsku obchodzili\u015bmy Mi\u0119dzynarodowy Dzie\u0144 Dzieci\u0144stwa Bez Przemocy i tym samym zako\u0144czyli\u015bmy kampani\u0119 &quot;Dzieci\u0144stwo bez przemocy&quot;. Dzi\u0119kujemy za zaanga\u017cowanie, podkre\u015blenie znaczenie kampanii poprzez ubranie si\u0119 na czerwono.\" src=\"https:\/\/sp1slupsk.pl\/wp-content\/uploads\/2024\/11\/1000027175-160x120.jpg\" rel=\"https:\/\/sp1slupsk.pl\/wp-content\/uploads\/2024\/11\/1000027175.jpg\" \/>\n\t\t\t\t\t\t\t\t\t\t\t\t\t\t<\/a>\n\t\t\t\t\t\t\t\t\t\t\t\t\t\t\t\t\t\t\t\t\t\t\t\t\t<\/p>\n\t\t\t\t\t\t\t\t\t\t\t\t\t\t\t\t\t\t\t\t\t\t\t<\/div><!-- .gllr_image_block -->\n\t\t\t\t\t\t\t\t\t\t\t\t\t\t\t\t\t\t\t\t\t<div class=\"gllr_image_block\">\n\t\t\t\t\t\t\t\t\t\t\t\t<p style=\"width:180px;height:140px;\">\n\t\t\t\t\t\t\t\t\t\t\t\t\t\t\t\t\t\t\t\t\t\t\t\t\t\t\t<a rel=\"gallery_fancybox_87758\" href=\"https:\/\/sp1slupsk.pl\/wp-content\/uploads\/2024\/11\/1000027168-1024x771.jpg\" title=\"Dnia 19 listopada w Szkole Podstawowej nr 1 w S\u0142upsku obchodzili\u015bmy Mi\u0119dzynarodowy Dzie\u0144 Dzieci\u0144stwa Bez Przemocy i tym samym zako\u0144czyli\u015bmy kampani\u0119 &quot;Dzieci\u0144stwo bez przemocy&quot;. Dzi\u0119kujemy za zaanga\u017cowanie, podkre\u015blenie znaczenie kampanii poprzez ubranie si\u0119 na czerwono.\">\n\t\t\t\t\t\t\t\t\t\t\t\t\t\t\t<img style=\"width:160px;height:120px; border-width: 10px; border-color:#F1F1F1;border: 10px solid #F1F1F1\" alt=\"\" title=\"Dnia 19 listopada w Szkole Podstawowej nr 1 w S\u0142upsku obchodzili\u015bmy Mi\u0119dzynarodowy Dzie\u0144 Dzieci\u0144stwa Bez Przemocy i tym samym zako\u0144czyli\u015bmy kampani\u0119 &quot;Dzieci\u0144stwo bez przemocy&quot;. Dzi\u0119kujemy za zaanga\u017cowanie, podkre\u015blenie znaczenie kampanii poprzez ubranie si\u0119 na czerwono.\" src=\"https:\/\/sp1slupsk.pl\/wp-content\/uploads\/2024\/11\/1000027168-160x120.jpg\" rel=\"https:\/\/sp1slupsk.pl\/wp-content\/uploads\/2024\/11\/1000027168.jpg\" \/>\n\t\t\t\t\t\t\t\t\t\t\t\t\t\t<\/a>\n\t\t\t\t\t\t\t\t\t\t\t\t\t\t\t\t\t\t\t\t\t\t\t\t\t<\/p>\n\t\t\t\t\t\t\t\t\t\t\t\t\t\t\t\t\t\t\t\t\t\t\t<\/div><!-- .gllr_image_block -->\n\t\t\t\t\t\t\t\t\t\t\t\t\t\t\t\t\t\t\t\t\t<div class=\"gllr_image_block\">\n\t\t\t\t\t\t\t\t\t\t\t\t<p style=\"width:180px;height:140px;\">\n\t\t\t\t\t\t\t\t\t\t\t\t\t\t\t\t\t\t\t\t\t\t\t\t\t\t\t<a rel=\"gallery_fancybox_87758\" href=\"https:\/\/sp1slupsk.pl\/wp-content\/uploads\/2024\/11\/1000027167-1024x858.jpg\" title=\"Dnia 19 listopada w Szkole Podstawowej nr 1 w S\u0142upsku obchodzili\u015bmy Mi\u0119dzynarodowy Dzie\u0144 Dzieci\u0144stwa Bez Przemocy i tym samym zako\u0144czyli\u015bmy kampani\u0119 &quot;Dzieci\u0144stwo bez przemocy&quot;. Dzi\u0119kujemy za zaanga\u017cowanie, podkre\u015blenie znaczenie kampanii poprzez ubranie si\u0119 na czerwono.\">\n\t\t\t\t\t\t\t\t\t\t\t\t\t\t\t<img style=\"width:160px;height:120px; border-width: 10px; border-color:#F1F1F1;border: 10px solid #F1F1F1\" alt=\"\" title=\"Dnia 19 listopada w Szkole Podstawowej nr 1 w S\u0142upsku obchodzili\u015bmy Mi\u0119dzynarodowy Dzie\u0144 Dzieci\u0144stwa Bez Przemocy i tym samym zako\u0144czyli\u015bmy kampani\u0119 &quot;Dzieci\u0144stwo bez przemocy&quot;. Dzi\u0119kujemy za zaanga\u017cowanie, podkre\u015blenie znaczenie kampanii poprzez ubranie si\u0119 na czerwono.\" src=\"https:\/\/sp1slupsk.pl\/wp-content\/uploads\/2024\/11\/1000027167-160x120.jpg\" rel=\"https:\/\/sp1slupsk.pl\/wp-content\/uploads\/2024\/11\/1000027167.jpg\" \/>\n\t\t\t\t\t\t\t\t\t\t\t\t\t\t<\/a>\n\t\t\t\t\t\t\t\t\t\t\t\t\t\t\t\t\t\t\t\t\t\t\t\t\t<\/p>\n\t\t\t\t\t\t\t\t\t\t\t\t\t\t\t\t\t\t\t\t\t\t\t<\/div><!-- .gllr_image_block -->\n\t\t\t\t\t\t\t\t\t\t\t\t\t\t\t\t\t\t\t\t\t<\/div><!-- .gllr_image_row -->\n\t\t\t\t\t\t\t\t\t\t\t\t\t\t\t\t\t\t<\/div><!-- .gallery.clearfix -->\n\t\t\t\t\t\t\t\t\t\t\t\t\t<\/div><!-- .gallery_box_single -->\n\t\t\t\t\t\t<div class=\"gllr_clear\"><\/div>\n\t\t\t\t\t\t\t\t\t<script type=\"text\/javascript\">\n\t\t\t\t\t(function($) {\n\t\t\t\t\t\t$(document).ready( function() {\n\t\t\t\t\t\t\t$( \"a[rel=gallery_fancybox_87758]\" ).fancybox( {\n\t\t\t\t\t\t\t\t'transitionIn'\t\t:\t'elastic',\n\t\t\t\t\t\t\t\t'transitionOut'\t\t:\t'elastic',\n\t\t\t\t\t\t\t\t'titlePosition' \t:\t'inside',\n\t\t\t\t\t\t\t\t'speedIn'\t\t\t:\t500, \n\t\t\t\t\t\t\t\t'speedOut'\t\t\t:\t300,\n\t\t\t\t\t\t\t\t'titleFormat'\t\t:\tfunction( title, currentArray, currentIndex, currentOpts ) {\n\t\t\t\t\t\t\t\t\treturn '<div id=\"fancybox-title-inside\">' + ( title.length ? '<span id=\"bws_gallery_image_title\">' + title + '<\/span><br \/>' : '' ) + '<span id=\"bws_gallery_image_counter\">Image ' + ( currentIndex + 1 ) + ' \/ ' + currentArray.length + '<\/span><\/div>';\n\t\t\t\t\t\t\t\t}\t\t\t\t\t\t\t});\n\t\t\t\t\t\t});\n\t\t\t\t\t})(jQuery);\n\t\t\t\t<\/script>\n\t\t\t\n","protected":false},"excerpt":{"rendered":"<p>Dnia 19 listopada w Szkole Podstawowej nr 1 w S\u0142upsku obchodzili\u015bmy Mi\u0119dzynarodowy Dzie\u0144 Dzieci\u0144stwa Bez Przemocy i tym samym zako\u0144czyli\u015bmy kampani\u0119 &#8222;Dzieci\u0144stwo bez przemocy&#8221;. Dzi\u0119kujemy za zaanga\u017cowanie, podkre\u015blenie znaczenie kampanii poprzez ubranie si\u0119 na czerwono. #19listopada #dziecinstwobezprzemocy<\/p>\n","protected":false},"author":1,"featured_media":87763,"comment_status":"closed","ping_status":"closed","sticky":false,"template":"","format":"standard","meta":[],"categories":[22,23],"tags":[],"_links":{"self":[{"href":"https:\/\/sp1slupsk.pl\/index.php?rest_route=\/wp\/v2\/posts\/87759"}],"collection":[{"href":"https:\/\/sp1slupsk.pl\/index.php?rest_route=\/wp\/v2\/posts"}],"about":[{"href":"https:\/\/sp1slupsk.pl\/index.php?rest_route=\/wp\/v2\/types\/post"}],"author":[{"embeddable":true,"href":"https:\/\/sp1slupsk.pl\/index.php?rest_route=\/wp\/v2\/users\/1"}],"replies":[{"embeddable":true,"href":"https:\/\/sp1slupsk.pl\/index.php?rest_route=%2Fwp%2Fv2%2Fcomments&post=87759"}],"version-history":[{"count":2,"href":"https:\/\/sp1slupsk.pl\/index.php?rest_route=\/wp\/v2\/posts\/87759\/revisions"}],"predecessor-version":[{"id":87770,"href":"https:\/\/sp1slupsk.pl\/index.php?rest_route=\/wp\/v2\/posts\/87759\/revisions\/87770"}],"wp:featuredmedia":[{"embeddable":true,"href":"https:\/\/sp1slupsk.pl\/index.php?rest_route=\/wp\/v2\/media\/87763"}],"wp:attachment":[{"href":"https:\/\/sp1slupsk.pl\/index.php?rest_route=%2Fwp%2Fv2%2Fmedia&parent=87759"}],"wp:term":[{"taxonomy":"category","embeddable":true,"href":"https:\/\/sp1slupsk.pl\/index.php?rest_route=%2Fwp%2Fv2%2Fcategories&post=87759"},{"taxonomy":"post_tag","embeddable":true,"href":"https:\/\/sp1slupsk.pl\/index.php?rest_route=%2Fwp%2Fv2%2Ftags&post=87759"}],"curies":[{"name":"wp","href":"https:\/\/api.w.org\/{rel}","templated":true}]}}