{"id":88347,"date":"2025-02-16T16:30:30","date_gmt":"2025-02-16T15:30:30","guid":{"rendered":"http:\/\/sp1slupsk.pl\/?p=88347"},"modified":"2025-02-16T16:31:01","modified_gmt":"2025-02-16T15:31:01","slug":"i-miejsce-w-wojewodzkim-konkursie-obcojezycznej-poezji-milosnej","status":"publish","type":"post","link":"https:\/\/sp1slupsk.pl\/?p=88347","title":{"rendered":"I miejsce w Wojew\u00f3dzkim Konkursie Obcoj\u0119zycznej Poezji Mi\u0142osnej"},"content":{"rendered":"\n<p>Nasza uczennica Nell Gruss z kl. 5b zaj\u0119\u0142a I miejsce w Wojew\u00f3dzkim Konkursie Obcoj\u0119zycznej Poezji Mi\u0142osnej. Organizatorem konkursu jest SP Kobylnica. Gratulujemy rodzicom i opiekunom oraz dzi\u0119kujemy Nell za godne reprezentowanie naszej szko\u0142y.<\/p>\n\n\n\n\t\t\t\t\t\t<div class=\"gallery_box_single\">\n\t\t\t\t\t\t\t\t\t\t\t\t\t\t\t<div class=\"gallery clearfix\">\n\t\t\t\t\t\t\t\t\t\t\t\t\t\t\t\t\t\t\t\t<div class=\"gllr_image_row\">\n\t\t\t\t\t\t\t\t\t\t\t\t\t\t\t\t\t\t\t\t\t<div class=\"gllr_image_block\">\n\t\t\t\t\t\t\t\t\t\t\t\t<p style=\"width:180px;height:140px;\">\n\t\t\t\t\t\t\t\t\t\t\t\t\t\t\t\t\t\t\t\t\t\t\t\t\t\t\t<a rel=\"gallery_fancybox_88346\" href=\"https:\/\/sp1slupsk.pl\/wp-content\/uploads\/2025\/02\/8b0acab6-7895-4322-a1ae-74c6512110f9-1024x892.jpg\" title=\"Nasza uczennica Nell Gruss z kl. 5b zaj\u0119\u0142a I miejsce w Wojew\u00f3dzkim Konkursie Obcoj\u0119zycznej Poezji Mi\u0142osnej. Organizatorem konkursu jest SP Kobylnica. Gratulujemy rodzicom i opiekunom oraz dzi\u0119kujemy Nell za godne reprezentowanie naszej szko\u0142y.\">\n\t\t\t\t\t\t\t\t\t\t\t\t\t\t\t<img style=\"width:160px;height:120px; border-width: 10px; border-color:#F1F1F1;border: 10px solid #F1F1F1\" alt=\"\" title=\"Nasza uczennica Nell Gruss z kl. 5b zaj\u0119\u0142a I miejsce w Wojew\u00f3dzkim Konkursie Obcoj\u0119zycznej Poezji Mi\u0142osnej. Organizatorem konkursu jest SP Kobylnica. Gratulujemy rodzicom i opiekunom oraz dzi\u0119kujemy Nell za godne reprezentowanie naszej szko\u0142y.\" src=\"https:\/\/sp1slupsk.pl\/wp-content\/uploads\/2025\/02\/8b0acab6-7895-4322-a1ae-74c6512110f9-160x120.jpg\" rel=\"https:\/\/sp1slupsk.pl\/wp-content\/uploads\/2025\/02\/8b0acab6-7895-4322-a1ae-74c6512110f9.jpg\" \/>\n\t\t\t\t\t\t\t\t\t\t\t\t\t\t<\/a>\n\t\t\t\t\t\t\t\t\t\t\t\t\t\t\t\t\t\t\t\t\t\t\t\t\t<\/p>\n\t\t\t\t\t\t\t\t\t\t\t\t\t\t\t\t\t\t\t\t\t\t\t<\/div><!-- .gllr_image_block -->\n\t\t\t\t\t\t\t\t\t\t\t\t\t\t\t\t\t\t\t\t\t<div class=\"gllr_image_block\">\n\t\t\t\t\t\t\t\t\t\t\t\t<p style=\"width:180px;height:140px;\">\n\t\t\t\t\t\t\t\t\t\t\t\t\t\t\t\t\t\t\t\t\t\t\t\t\t\t\t<a rel=\"gallery_fancybox_88346\" href=\"https:\/\/sp1slupsk.pl\/wp-content\/uploads\/2025\/02\/255fa329-70c9-4665-b4e5-74c51590b41d-768x1024.jpg\" title=\"Nasza uczennica Nell Gruss z kl. 5b zaj\u0119\u0142a I miejsce w Wojew\u00f3dzkim Konkursie Obcoj\u0119zycznej Poezji Mi\u0142osnej. Organizatorem konkursu jest SP Kobylnica. Gratulujemy rodzicom i opiekunom oraz dzi\u0119kujemy Nell za godne reprezentowanie naszej szko\u0142y.\">\n\t\t\t\t\t\t\t\t\t\t\t\t\t\t\t<img style=\"width:160px;height:120px; border-width: 10px; border-color:#F1F1F1;border: 10px solid #F1F1F1\" alt=\"\" title=\"Nasza uczennica Nell Gruss z kl. 5b zaj\u0119\u0142a I miejsce w Wojew\u00f3dzkim Konkursie Obcoj\u0119zycznej Poezji Mi\u0142osnej. Organizatorem konkursu jest SP Kobylnica. Gratulujemy rodzicom i opiekunom oraz dzi\u0119kujemy Nell za godne reprezentowanie naszej szko\u0142y.\" src=\"https:\/\/sp1slupsk.pl\/wp-content\/uploads\/2025\/02\/255fa329-70c9-4665-b4e5-74c51590b41d-160x120.jpg\" rel=\"https:\/\/sp1slupsk.pl\/wp-content\/uploads\/2025\/02\/255fa329-70c9-4665-b4e5-74c51590b41d.jpg\" \/>\n\t\t\t\t\t\t\t\t\t\t\t\t\t\t<\/a>\n\t\t\t\t\t\t\t\t\t\t\t\t\t\t\t\t\t\t\t\t\t\t\t\t\t<\/p>\n\t\t\t\t\t\t\t\t\t\t\t\t\t\t\t\t\t\t\t\t\t\t\t<\/div><!-- .gllr_image_block -->\n\t\t\t\t\t\t\t\t\t\t\t\t\t\t\t\t\t\t\t\t\t<div class=\"gllr_image_block\">\n\t\t\t\t\t\t\t\t\t\t\t\t<p style=\"width:180px;height:140px;\">\n\t\t\t\t\t\t\t\t\t\t\t\t\t\t\t\t\t\t\t\t\t\t\t\t\t\t\t<a rel=\"gallery_fancybox_88346\" href=\"https:\/\/sp1slupsk.pl\/wp-content\/uploads\/2025\/02\/d0430716-03e2-4f82-b02b-136a49ab303a-1024x768.jpg\" title=\"Nasza uczennica Nell Gruss z kl. 5b zaj\u0119\u0142a I miejsce w Wojew\u00f3dzkim Konkursie Obcoj\u0119zycznej Poezji Mi\u0142osnej. Organizatorem konkursu jest SP Kobylnica. Gratulujemy rodzicom i opiekunom oraz dzi\u0119kujemy Nell za godne reprezentowanie naszej szko\u0142y.\">\n\t\t\t\t\t\t\t\t\t\t\t\t\t\t\t<img style=\"width:160px;height:120px; border-width: 10px; border-color:#F1F1F1;border: 10px solid #F1F1F1\" alt=\"\" title=\"Nasza uczennica Nell Gruss z kl. 5b zaj\u0119\u0142a I miejsce w Wojew\u00f3dzkim Konkursie Obcoj\u0119zycznej Poezji Mi\u0142osnej. Organizatorem konkursu jest SP Kobylnica. Gratulujemy rodzicom i opiekunom oraz dzi\u0119kujemy Nell za godne reprezentowanie naszej szko\u0142y.\" src=\"https:\/\/sp1slupsk.pl\/wp-content\/uploads\/2025\/02\/d0430716-03e2-4f82-b02b-136a49ab303a-160x120.jpg\" rel=\"https:\/\/sp1slupsk.pl\/wp-content\/uploads\/2025\/02\/d0430716-03e2-4f82-b02b-136a49ab303a.jpg\" \/>\n\t\t\t\t\t\t\t\t\t\t\t\t\t\t<\/a>\n\t\t\t\t\t\t\t\t\t\t\t\t\t\t\t\t\t\t\t\t\t\t\t\t\t<\/p>\n\t\t\t\t\t\t\t\t\t\t\t\t\t\t\t\t\t\t\t\t\t\t\t<\/div><!-- .gllr_image_block -->\n\t\t\t\t\t\t\t\t\t\t\t\t\t\t\t\t\t\t\t\t\t<\/div><!-- .gllr_image_row -->\n\t\t\t\t\t\t\t\t\t\t\t\t\t\t\t\t\t\t\t\t\t<div class=\"gllr_image_row\">\n\t\t\t\t\t\t\t\t\t\t\t\t\t\t\t\t\t\t\t\t\t<div class=\"gllr_image_block\">\n\t\t\t\t\t\t\t\t\t\t\t\t<p style=\"width:180px;height:140px;\">\n\t\t\t\t\t\t\t\t\t\t\t\t\t\t\t\t\t\t\t\t\t\t\t\t\t\t\t<a rel=\"gallery_fancybox_88346\" href=\"https:\/\/sp1slupsk.pl\/wp-content\/uploads\/2025\/02\/78732420-708d-4cd2-b0b6-f52aa17c02b1-768x1024.jpg\" title=\"Nasza uczennica Nell Gruss z kl. 5b zaj\u0119\u0142a I miejsce w Wojew\u00f3dzkim Konkursie Obcoj\u0119zycznej Poezji Mi\u0142osnej. Organizatorem konkursu jest SP Kobylnica. Gratulujemy rodzicom i opiekunom oraz dzi\u0119kujemy Nell za godne reprezentowanie naszej szko\u0142y.\">\n\t\t\t\t\t\t\t\t\t\t\t\t\t\t\t<img style=\"width:160px;height:120px; border-width: 10px; border-color:#F1F1F1;border: 10px solid #F1F1F1\" alt=\"\" title=\"Nasza uczennica Nell Gruss z kl. 5b zaj\u0119\u0142a I miejsce w Wojew\u00f3dzkim Konkursie Obcoj\u0119zycznej Poezji Mi\u0142osnej. Organizatorem konkursu jest SP Kobylnica. Gratulujemy rodzicom i opiekunom oraz dzi\u0119kujemy Nell za godne reprezentowanie naszej szko\u0142y.\" src=\"https:\/\/sp1slupsk.pl\/wp-content\/uploads\/2025\/02\/78732420-708d-4cd2-b0b6-f52aa17c02b1-160x120.jpg\" rel=\"https:\/\/sp1slupsk.pl\/wp-content\/uploads\/2025\/02\/78732420-708d-4cd2-b0b6-f52aa17c02b1.jpg\" \/>\n\t\t\t\t\t\t\t\t\t\t\t\t\t\t<\/a>\n\t\t\t\t\t\t\t\t\t\t\t\t\t\t\t\t\t\t\t\t\t\t\t\t\t<\/p>\n\t\t\t\t\t\t\t\t\t\t\t\t\t\t\t\t\t\t\t\t\t\t\t<\/div><!-- .gllr_image_block -->\n\t\t\t\t\t\t\t\t\t\t\t\t\t\t\t\t\t\t\t\t\t<div class=\"gllr_image_block\">\n\t\t\t\t\t\t\t\t\t\t\t\t<p style=\"width:180px;height:140px;\">\n\t\t\t\t\t\t\t\t\t\t\t\t\t\t\t\t\t\t\t\t\t\t\t\t\t\t\t<a rel=\"gallery_fancybox_88346\" href=\"https:\/\/sp1slupsk.pl\/wp-content\/uploads\/2025\/02\/e360e510-e4da-40d9-b05e-5ac3277df418-768x1024.jpg\" title=\"Nasza uczennica Nell Gruss z kl. 5b zaj\u0119\u0142a I miejsce w Wojew\u00f3dzkim Konkursie Obcoj\u0119zycznej Poezji Mi\u0142osnej. Organizatorem konkursu jest SP Kobylnica. Gratulujemy rodzicom i opiekunom oraz dzi\u0119kujemy Nell za godne reprezentowanie naszej szko\u0142y.\">\n\t\t\t\t\t\t\t\t\t\t\t\t\t\t\t<img style=\"width:160px;height:120px; border-width: 10px; border-color:#F1F1F1;border: 10px solid #F1F1F1\" alt=\"\" title=\"Nasza uczennica Nell Gruss z kl. 5b zaj\u0119\u0142a I miejsce w Wojew\u00f3dzkim Konkursie Obcoj\u0119zycznej Poezji Mi\u0142osnej. Organizatorem konkursu jest SP Kobylnica. Gratulujemy rodzicom i opiekunom oraz dzi\u0119kujemy Nell za godne reprezentowanie naszej szko\u0142y.\" src=\"https:\/\/sp1slupsk.pl\/wp-content\/uploads\/2025\/02\/e360e510-e4da-40d9-b05e-5ac3277df418-160x120.jpg\" rel=\"https:\/\/sp1slupsk.pl\/wp-content\/uploads\/2025\/02\/e360e510-e4da-40d9-b05e-5ac3277df418.jpg\" \/>\n\t\t\t\t\t\t\t\t\t\t\t\t\t\t<\/a>\n\t\t\t\t\t\t\t\t\t\t\t\t\t\t\t\t\t\t\t\t\t\t\t\t\t<\/p>\n\t\t\t\t\t\t\t\t\t\t\t\t\t\t\t\t\t\t\t\t\t\t\t<\/div><!-- .gllr_image_block -->\n\t\t\t\t\t\t\t\t\t\t\t\t\t\t\t\t\t\t\t\t\t<div class=\"gllr_image_block\">\n\t\t\t\t\t\t\t\t\t\t\t\t<p style=\"width:180px;height:140px;\">\n\t\t\t\t\t\t\t\t\t\t\t\t\t\t\t\t\t\t\t\t\t\t\t\t\t\t\t<a rel=\"gallery_fancybox_88346\" href=\"https:\/\/sp1slupsk.pl\/wp-content\/uploads\/2025\/02\/66a65e1c-291b-4732-a920-0e2e26cba664-768x1024.jpg\" title=\"Nasza uczennica Nell Gruss z kl. 5b zaj\u0119\u0142a I miejsce w Wojew\u00f3dzkim Konkursie Obcoj\u0119zycznej Poezji Mi\u0142osnej. Organizatorem konkursu jest SP Kobylnica. Gratulujemy rodzicom i opiekunom oraz dzi\u0119kujemy Nell za godne reprezentowanie naszej szko\u0142y.\">\n\t\t\t\t\t\t\t\t\t\t\t\t\t\t\t<img style=\"width:160px;height:120px; border-width: 10px; border-color:#F1F1F1;border: 10px solid #F1F1F1\" alt=\"\" title=\"Nasza uczennica Nell Gruss z kl. 5b zaj\u0119\u0142a I miejsce w Wojew\u00f3dzkim Konkursie Obcoj\u0119zycznej Poezji Mi\u0142osnej. Organizatorem konkursu jest SP Kobylnica. Gratulujemy rodzicom i opiekunom oraz dzi\u0119kujemy Nell za godne reprezentowanie naszej szko\u0142y.\" src=\"https:\/\/sp1slupsk.pl\/wp-content\/uploads\/2025\/02\/66a65e1c-291b-4732-a920-0e2e26cba664-160x120.jpg\" rel=\"https:\/\/sp1slupsk.pl\/wp-content\/uploads\/2025\/02\/66a65e1c-291b-4732-a920-0e2e26cba664.jpg\" \/>\n\t\t\t\t\t\t\t\t\t\t\t\t\t\t<\/a>\n\t\t\t\t\t\t\t\t\t\t\t\t\t\t\t\t\t\t\t\t\t\t\t\t\t<\/p>\n\t\t\t\t\t\t\t\t\t\t\t\t\t\t\t\t\t\t\t\t\t\t\t<\/div><!-- .gllr_image_block -->\n\t\t\t\t\t\t\t\t\t\t\t\t\t\t\t\t\t\t\t\t\t<\/div><!-- .gllr_image_row -->\n\t\t\t\t\t\t\t\t\t\t\t\t\t\t\t\t\t\t<\/div><!-- .gallery.clearfix -->\n\t\t\t\t\t\t\t\t\t\t\t\t\t<\/div><!-- .gallery_box_single -->\n\t\t\t\t\t\t<div class=\"gllr_clear\"><\/div>\n\t\t\t\t\t\t\t\t\t<script type=\"text\/javascript\">\n\t\t\t\t\t(function($) {\n\t\t\t\t\t\t$(document).ready( function() {\n\t\t\t\t\t\t\t$( \"a[rel=gallery_fancybox_88346]\" ).fancybox( {\n\t\t\t\t\t\t\t\t'transitionIn'\t\t:\t'elastic',\n\t\t\t\t\t\t\t\t'transitionOut'\t\t:\t'elastic',\n\t\t\t\t\t\t\t\t'titlePosition' \t:\t'inside',\n\t\t\t\t\t\t\t\t'speedIn'\t\t\t:\t500, \n\t\t\t\t\t\t\t\t'speedOut'\t\t\t:\t300,\n\t\t\t\t\t\t\t\t'titleFormat'\t\t:\tfunction( title, currentArray, currentIndex, currentOpts ) {\n\t\t\t\t\t\t\t\t\treturn '<div id=\"fancybox-title-inside\">' + ( title.length ? '<span id=\"bws_gallery_image_title\">' + title + '<\/span><br \/>' : '' ) + '<span id=\"bws_gallery_image_counter\">Image ' + ( currentIndex + 1 ) + ' \/ ' + currentArray.length + '<\/span><\/div>';\n\t\t\t\t\t\t\t\t}\t\t\t\t\t\t\t});\n\t\t\t\t\t\t});\n\t\t\t\t\t})(jQuery);\n\t\t\t\t<\/script>\n\t\t\t\n","protected":false},"excerpt":{"rendered":"<p>Nasza uczennica Nell Gruss z kl. 5b zaj\u0119\u0142a I miejsce w Wojew\u00f3dzkim Konkursie Obcoj\u0119zycznej Poezji Mi\u0142osnej. Organizatorem konkursu jest SP Kobylnica. Gratulujemy rodzicom i opiekunom oraz dzi\u0119kujemy Nell za godne reprezentowanie naszej szko\u0142y.<\/p>\n","protected":false},"author":1,"featured_media":88349,"comment_status":"closed","ping_status":"closed","sticky":false,"template":"","format":"standard","meta":[],"categories":[22,28,23],"tags":[],"_links":{"self":[{"href":"https:\/\/sp1slupsk.pl\/index.php?rest_route=\/wp\/v2\/posts\/88347"}],"collection":[{"href":"https:\/\/sp1slupsk.pl\/index.php?rest_route=\/wp\/v2\/posts"}],"about":[{"href":"https:\/\/sp1slupsk.pl\/index.php?rest_route=\/wp\/v2\/types\/post"}],"author":[{"embeddable":true,"href":"https:\/\/sp1slupsk.pl\/index.php?rest_route=\/wp\/v2\/users\/1"}],"replies":[{"embeddable":true,"href":"https:\/\/sp1slupsk.pl\/index.php?rest_route=%2Fwp%2Fv2%2Fcomments&post=88347"}],"version-history":[{"count":1,"href":"https:\/\/sp1slupsk.pl\/index.php?rest_route=\/wp\/v2\/posts\/88347\/revisions"}],"predecessor-version":[{"id":88355,"href":"https:\/\/sp1slupsk.pl\/index.php?rest_route=\/wp\/v2\/posts\/88347\/revisions\/88355"}],"wp:featuredmedia":[{"embeddable":true,"href":"https:\/\/sp1slupsk.pl\/index.php?rest_route=\/wp\/v2\/media\/88349"}],"wp:attachment":[{"href":"https:\/\/sp1slupsk.pl\/index.php?rest_route=%2Fwp%2Fv2%2Fmedia&parent=88347"}],"wp:term":[{"taxonomy":"category","embeddable":true,"href":"https:\/\/sp1slupsk.pl\/index.php?rest_route=%2Fwp%2Fv2%2Fcategories&post=88347"},{"taxonomy":"post_tag","embeddable":true,"href":"https:\/\/sp1slupsk.pl\/index.php?rest_route=%2Fwp%2Fv2%2Ftags&post=88347"}],"curies":[{"name":"wp","href":"https:\/\/api.w.org\/{rel}","templated":true}]}}