{"id":88788,"date":"2025-04-30T22:49:40","date_gmt":"2025-04-30T20:49:40","guid":{"rendered":"http:\/\/sp1slupsk.pl\/?p=88788"},"modified":"2025-05-05T12:55:45","modified_gmt":"2025-05-05T10:55:45","slug":"akademia-z-okazji-swieta-konstytucji-3-maja","status":"publish","type":"post","link":"https:\/\/sp1slupsk.pl\/?p=88788","title":{"rendered":"Akademia z okazji \u015awi\u0119ta Konstytucji 3 Maja"},"content":{"rendered":"\n<p>30 kwietnia 2025 r. w naszej szkole odby\u0142a si\u0119 uroczysta akademia upami\u0119tniaj\u0105ca 234. rocznic\u0119 uchwalenia Konstytucji 3 Maja \u2013 jednego z najwa\u017cniejszych wydarze\u0144 w dziejach Polski.<\/p>\n\n\n\n<p>Uczniowie klas 6a i 6b, pod opiek\u0105 Pani Ma\u0142gorzaty Dawidowskiej, przygotowali wyj\u0105tkowe przedstawienie, w kt\u00f3rym przenie\u015bli nas do roku 1791 \u2013 czasu odwa\u017cnych decyzji, spor\u00f3w o przy-sz\u0142o\u015b\u0107 Rzeczypospolitej i narodzin pierwszej w Europie konstytucji.<\/p>\n\n\n\n<p>Akademi\u0119 u\u015bwietni\u0142y pi\u0119kne, poruszaj\u0105ce wykonania utwor\u00f3w patriotycznych w wykonaniu: \u2013 Leny Grudzieckiej z klasy 7a \u2013 Zuzanny \u017bmudy z klasy 8a<\/p>\n\n\n\n<p>Jednym z przes\u0142a\u0144, kt\u00f3re wybrzmia\u0142y ze sceny, by\u0142y s\u0142owa: \u201eNie tylko mieczem broni si\u0119 Ojczyzny, ale tak\u017ce sercem i rozumem.\u201d<\/p>\n\n\n\n<p>Dzi\u0119kujemy wszystkim uczniom i nauczycielom za zaanga\u017cowanie oraz obecno\u015b\u0107 podczas tej wa\u017c-nej uroczysto\u015bci. To by\u0142a pi\u0119kna i warto\u015bciowa lekcja historii oraz patriotyzmu.<\/p>\n\n\n\n\t\t\t\t\t\t<div class=\"gallery_box_single\">\n\t\t\t\t\t\t\t\t\t\t\t\t\t\t\t<div class=\"gallery clearfix\">\n\t\t\t\t\t\t\t\t\t\t\t\t\t\t\t\t\t\t\t\t<div class=\"gllr_image_row\">\n\t\t\t\t\t\t\t\t\t\t\t\t\t\t\t\t\t\t\t\t\t<div class=\"gllr_image_block\">\n\t\t\t\t\t\t\t\t\t\t\t\t<p style=\"width:180px;height:140px;\">\n\t\t\t\t\t\t\t\t\t\t\t\t\t\t\t\t\t\t\t\t\t\t\t\t\t\t\t<a rel=\"gallery_fancybox_88790\" href=\"https:\/\/sp1slupsk.pl\/wp-content\/uploads\/2025\/05\/IMG-20250430-WA0041-1024x768.jpg\" title=\"30 kwietnia 2025 r. w naszej szkole odby\u0142a si\u0119 uroczysta akademia upami\u0119tniaj\u0105ca 234. rocznic\u0119 uchwalenia Konstytucji 3 Maja \u2013 jednego z najwa\u017cniejszych wydarze\u0144 w dziejach Polski. Uczniowie klas 6a i 6b, pod opiek\u0105 Pani Ma\u0142gorzaty Dawidowskiej, przygotowali wyj\u0105tkowe przedstawienie, w kt\u00f3rym przenie\u015bli nas do roku 1791 \u2013 czasu odwa\u017cnych decyzji, spor\u00f3w o przy-sz\u0142o\u015b\u0107 Rzeczypospolitej i narodzin pierwszej w Europie konstytucji. Akademi\u0119 u\u015bwietni\u0142y pi\u0119kne, poruszaj\u0105ce wykonania utwor\u00f3w patriotycznych w wykonaniu: \u2013 Leny Grudzieckiej z klasy 7a \u2013 Zuzanny \u017bmudy z klasy 8a Jednym z przes\u0142a\u0144, kt\u00f3re wybrzmia\u0142y ze sceny, by\u0142y s\u0142owa: \u201eNie tylko mieczem broni si\u0119 Ojczyzny, ale tak\u017ce sercem i rozumem.\u201d Dzi\u0119kujemy wszystkim uczniom i nauczycielom za zaanga\u017cowanie oraz obecno\u015b\u0107 podczas tej wa\u017c-nej uroczysto\u015bci. To by\u0142a pi\u0119kna i warto\u015bciowa lekcja historii oraz patriotyzmu.\">\n\t\t\t\t\t\t\t\t\t\t\t\t\t\t\t<img style=\"width:160px;height:120px; border-width: 10px; border-color:#F1F1F1;border: 10px solid #F1F1F1\" alt=\"\" title=\"30 kwietnia 2025 r. w naszej szkole odby\u0142a si\u0119 uroczysta akademia upami\u0119tniaj\u0105ca 234. rocznic\u0119 uchwalenia Konstytucji 3 Maja \u2013 jednego z najwa\u017cniejszych wydarze\u0144 w dziejach Polski. Uczniowie klas 6a i 6b, pod opiek\u0105 Pani Ma\u0142gorzaty Dawidowskiej, przygotowali wyj\u0105tkowe przedstawienie, w kt\u00f3rym przenie\u015bli nas do roku 1791 \u2013 czasu odwa\u017cnych decyzji, spor\u00f3w o przy-sz\u0142o\u015b\u0107 Rzeczypospolitej i narodzin pierwszej w Europie konstytucji. Akademi\u0119 u\u015bwietni\u0142y pi\u0119kne, poruszaj\u0105ce wykonania utwor\u00f3w patriotycznych w wykonaniu: \u2013 Leny Grudzieckiej z klasy 7a \u2013 Zuzanny \u017bmudy z klasy 8a Jednym z przes\u0142a\u0144, kt\u00f3re wybrzmia\u0142y ze sceny, by\u0142y s\u0142owa: \u201eNie tylko mieczem broni si\u0119 Ojczyzny, ale tak\u017ce sercem i rozumem.\u201d Dzi\u0119kujemy wszystkim uczniom i nauczycielom za zaanga\u017cowanie oraz obecno\u015b\u0107 podczas tej wa\u017c-nej uroczysto\u015bci. To by\u0142a pi\u0119kna i warto\u015bciowa lekcja historii oraz patriotyzmu.\" src=\"https:\/\/sp1slupsk.pl\/wp-content\/uploads\/2025\/05\/IMG-20250430-WA0041-160x120.jpg\" rel=\"https:\/\/sp1slupsk.pl\/wp-content\/uploads\/2025\/05\/IMG-20250430-WA0041.jpg\" \/>\n\t\t\t\t\t\t\t\t\t\t\t\t\t\t<\/a>\n\t\t\t\t\t\t\t\t\t\t\t\t\t\t\t\t\t\t\t\t\t\t\t\t\t<\/p>\n\t\t\t\t\t\t\t\t\t\t\t\t\t\t\t\t\t\t\t\t\t\t\t<\/div><!-- .gllr_image_block -->\n\t\t\t\t\t\t\t\t\t\t\t\t\t\t\t\t\t\t\t\t\t<div class=\"gllr_image_block\">\n\t\t\t\t\t\t\t\t\t\t\t\t<p style=\"width:180px;height:140px;\">\n\t\t\t\t\t\t\t\t\t\t\t\t\t\t\t\t\t\t\t\t\t\t\t\t\t\t\t<a rel=\"gallery_fancybox_88790\" href=\"https:\/\/sp1slupsk.pl\/wp-content\/uploads\/2025\/05\/IMG-20250430-WA0040-768x1024.jpg\" title=\"30 kwietnia 2025 r. w naszej szkole odby\u0142a si\u0119 uroczysta akademia upami\u0119tniaj\u0105ca 234. rocznic\u0119 uchwalenia Konstytucji 3 Maja \u2013 jednego z najwa\u017cniejszych wydarze\u0144 w dziejach Polski. Uczniowie klas 6a i 6b, pod opiek\u0105 Pani Ma\u0142gorzaty Dawidowskiej, przygotowali wyj\u0105tkowe przedstawienie, w kt\u00f3rym przenie\u015bli nas do roku 1791 \u2013 czasu odwa\u017cnych decyzji, spor\u00f3w o przy-sz\u0142o\u015b\u0107 Rzeczypospolitej i narodzin pierwszej w Europie konstytucji. Akademi\u0119 u\u015bwietni\u0142y pi\u0119kne, poruszaj\u0105ce wykonania utwor\u00f3w patriotycznych w wykonaniu: \u2013 Leny Grudzieckiej z klasy 7a \u2013 Zuzanny \u017bmudy z klasy 8a Jednym z przes\u0142a\u0144, kt\u00f3re wybrzmia\u0142y ze sceny, by\u0142y s\u0142owa: \u201eNie tylko mieczem broni si\u0119 Ojczyzny, ale tak\u017ce sercem i rozumem.\u201d Dzi\u0119kujemy wszystkim uczniom i nauczycielom za zaanga\u017cowanie oraz obecno\u015b\u0107 podczas tej wa\u017c-nej uroczysto\u015bci. To by\u0142a pi\u0119kna i warto\u015bciowa lekcja historii oraz patriotyzmu.\">\n\t\t\t\t\t\t\t\t\t\t\t\t\t\t\t<img style=\"width:160px;height:120px; border-width: 10px; border-color:#F1F1F1;border: 10px solid #F1F1F1\" alt=\"\" title=\"30 kwietnia 2025 r. w naszej szkole odby\u0142a si\u0119 uroczysta akademia upami\u0119tniaj\u0105ca 234. rocznic\u0119 uchwalenia Konstytucji 3 Maja \u2013 jednego z najwa\u017cniejszych wydarze\u0144 w dziejach Polski. Uczniowie klas 6a i 6b, pod opiek\u0105 Pani Ma\u0142gorzaty Dawidowskiej, przygotowali wyj\u0105tkowe przedstawienie, w kt\u00f3rym przenie\u015bli nas do roku 1791 \u2013 czasu odwa\u017cnych decyzji, spor\u00f3w o przy-sz\u0142o\u015b\u0107 Rzeczypospolitej i narodzin pierwszej w Europie konstytucji. Akademi\u0119 u\u015bwietni\u0142y pi\u0119kne, poruszaj\u0105ce wykonania utwor\u00f3w patriotycznych w wykonaniu: \u2013 Leny Grudzieckiej z klasy 7a \u2013 Zuzanny \u017bmudy z klasy 8a Jednym z przes\u0142a\u0144, kt\u00f3re wybrzmia\u0142y ze sceny, by\u0142y s\u0142owa: \u201eNie tylko mieczem broni si\u0119 Ojczyzny, ale tak\u017ce sercem i rozumem.\u201d Dzi\u0119kujemy wszystkim uczniom i nauczycielom za zaanga\u017cowanie oraz obecno\u015b\u0107 podczas tej wa\u017c-nej uroczysto\u015bci. To by\u0142a pi\u0119kna i warto\u015bciowa lekcja historii oraz patriotyzmu.\" src=\"https:\/\/sp1slupsk.pl\/wp-content\/uploads\/2025\/05\/IMG-20250430-WA0040-160x120.jpg\" rel=\"https:\/\/sp1slupsk.pl\/wp-content\/uploads\/2025\/05\/IMG-20250430-WA0040.jpg\" \/>\n\t\t\t\t\t\t\t\t\t\t\t\t\t\t<\/a>\n\t\t\t\t\t\t\t\t\t\t\t\t\t\t\t\t\t\t\t\t\t\t\t\t\t<\/p>\n\t\t\t\t\t\t\t\t\t\t\t\t\t\t\t\t\t\t\t\t\t\t\t<\/div><!-- .gllr_image_block -->\n\t\t\t\t\t\t\t\t\t\t\t\t\t\t\t\t\t\t\t\t\t<div class=\"gllr_image_block\">\n\t\t\t\t\t\t\t\t\t\t\t\t<p style=\"width:180px;height:140px;\">\n\t\t\t\t\t\t\t\t\t\t\t\t\t\t\t\t\t\t\t\t\t\t\t\t\t\t\t<a rel=\"gallery_fancybox_88790\" href=\"https:\/\/sp1slupsk.pl\/wp-content\/uploads\/2025\/05\/IMG-20250430-WA0050-1024x768.jpg\" title=\"30 kwietnia 2025 r. w naszej szkole odby\u0142a si\u0119 uroczysta akademia upami\u0119tniaj\u0105ca 234. rocznic\u0119 uchwalenia Konstytucji 3 Maja \u2013 jednego z najwa\u017cniejszych wydarze\u0144 w dziejach Polski. Uczniowie klas 6a i 6b, pod opiek\u0105 Pani Ma\u0142gorzaty Dawidowskiej, przygotowali wyj\u0105tkowe przedstawienie, w kt\u00f3rym przenie\u015bli nas do roku 1791 \u2013 czasu odwa\u017cnych decyzji, spor\u00f3w o przy-sz\u0142o\u015b\u0107 Rzeczypospolitej i narodzin pierwszej w Europie konstytucji. Akademi\u0119 u\u015bwietni\u0142y pi\u0119kne, poruszaj\u0105ce wykonania utwor\u00f3w patriotycznych w wykonaniu: \u2013 Leny Grudzieckiej z klasy 7a \u2013 Zuzanny \u017bmudy z klasy 8a Jednym z przes\u0142a\u0144, kt\u00f3re wybrzmia\u0142y ze sceny, by\u0142y s\u0142owa: \u201eNie tylko mieczem broni si\u0119 Ojczyzny, ale tak\u017ce sercem i rozumem.\u201d Dzi\u0119kujemy wszystkim uczniom i nauczycielom za zaanga\u017cowanie oraz obecno\u015b\u0107 podczas tej wa\u017c-nej uroczysto\u015bci. To by\u0142a pi\u0119kna i warto\u015bciowa lekcja historii oraz patriotyzmu.\">\n\t\t\t\t\t\t\t\t\t\t\t\t\t\t\t<img style=\"width:160px;height:120px; border-width: 10px; border-color:#F1F1F1;border: 10px solid #F1F1F1\" alt=\"\" title=\"30 kwietnia 2025 r. w naszej szkole odby\u0142a si\u0119 uroczysta akademia upami\u0119tniaj\u0105ca 234. rocznic\u0119 uchwalenia Konstytucji 3 Maja \u2013 jednego z najwa\u017cniejszych wydarze\u0144 w dziejach Polski. Uczniowie klas 6a i 6b, pod opiek\u0105 Pani Ma\u0142gorzaty Dawidowskiej, przygotowali wyj\u0105tkowe przedstawienie, w kt\u00f3rym przenie\u015bli nas do roku 1791 \u2013 czasu odwa\u017cnych decyzji, spor\u00f3w o przy-sz\u0142o\u015b\u0107 Rzeczypospolitej i narodzin pierwszej w Europie konstytucji. Akademi\u0119 u\u015bwietni\u0142y pi\u0119kne, poruszaj\u0105ce wykonania utwor\u00f3w patriotycznych w wykonaniu: \u2013 Leny Grudzieckiej z klasy 7a \u2013 Zuzanny \u017bmudy z klasy 8a Jednym z przes\u0142a\u0144, kt\u00f3re wybrzmia\u0142y ze sceny, by\u0142y s\u0142owa: \u201eNie tylko mieczem broni si\u0119 Ojczyzny, ale tak\u017ce sercem i rozumem.\u201d Dzi\u0119kujemy wszystkim uczniom i nauczycielom za zaanga\u017cowanie oraz obecno\u015b\u0107 podczas tej wa\u017c-nej uroczysto\u015bci. To by\u0142a pi\u0119kna i warto\u015bciowa lekcja historii oraz patriotyzmu.\" src=\"https:\/\/sp1slupsk.pl\/wp-content\/uploads\/2025\/05\/IMG-20250430-WA0050-160x120.jpg\" rel=\"https:\/\/sp1slupsk.pl\/wp-content\/uploads\/2025\/05\/IMG-20250430-WA0050.jpg\" \/>\n\t\t\t\t\t\t\t\t\t\t\t\t\t\t<\/a>\n\t\t\t\t\t\t\t\t\t\t\t\t\t\t\t\t\t\t\t\t\t\t\t\t\t<\/p>\n\t\t\t\t\t\t\t\t\t\t\t\t\t\t\t\t\t\t\t\t\t\t\t<\/div><!-- .gllr_image_block -->\n\t\t\t\t\t\t\t\t\t\t\t\t\t\t\t\t\t\t\t\t\t<\/div><!-- .gllr_image_row -->\n\t\t\t\t\t\t\t\t\t\t\t\t\t\t\t\t\t\t\t\t\t<div class=\"gllr_image_row\">\n\t\t\t\t\t\t\t\t\t\t\t\t\t\t\t\t\t\t\t\t\t<div class=\"gllr_image_block\">\n\t\t\t\t\t\t\t\t\t\t\t\t<p style=\"width:180px;height:140px;\">\n\t\t\t\t\t\t\t\t\t\t\t\t\t\t\t\t\t\t\t\t\t\t\t\t\t\t\t<a rel=\"gallery_fancybox_88790\" href=\"https:\/\/sp1slupsk.pl\/wp-content\/uploads\/2025\/05\/IMG-20250430-WA0054-1024x768.jpg\" title=\"30 kwietnia 2025 r. w naszej szkole odby\u0142a si\u0119 uroczysta akademia upami\u0119tniaj\u0105ca 234. rocznic\u0119 uchwalenia Konstytucji 3 Maja \u2013 jednego z najwa\u017cniejszych wydarze\u0144 w dziejach Polski. Uczniowie klas 6a i 6b, pod opiek\u0105 Pani Ma\u0142gorzaty Dawidowskiej, przygotowali wyj\u0105tkowe przedstawienie, w kt\u00f3rym przenie\u015bli nas do roku 1791 \u2013 czasu odwa\u017cnych decyzji, spor\u00f3w o przy-sz\u0142o\u015b\u0107 Rzeczypospolitej i narodzin pierwszej w Europie konstytucji. Akademi\u0119 u\u015bwietni\u0142y pi\u0119kne, poruszaj\u0105ce wykonania utwor\u00f3w patriotycznych w wykonaniu: \u2013 Leny Grudzieckiej z klasy 7a \u2013 Zuzanny \u017bmudy z klasy 8a Jednym z przes\u0142a\u0144, kt\u00f3re wybrzmia\u0142y ze sceny, by\u0142y s\u0142owa: \u201eNie tylko mieczem broni si\u0119 Ojczyzny, ale tak\u017ce sercem i rozumem.\u201d Dzi\u0119kujemy wszystkim uczniom i nauczycielom za zaanga\u017cowanie oraz obecno\u015b\u0107 podczas tej wa\u017c-nej uroczysto\u015bci. To by\u0142a pi\u0119kna i warto\u015bciowa lekcja historii oraz patriotyzmu.\">\n\t\t\t\t\t\t\t\t\t\t\t\t\t\t\t<img style=\"width:160px;height:120px; border-width: 10px; border-color:#F1F1F1;border: 10px solid #F1F1F1\" alt=\"\" title=\"30 kwietnia 2025 r. w naszej szkole odby\u0142a si\u0119 uroczysta akademia upami\u0119tniaj\u0105ca 234. rocznic\u0119 uchwalenia Konstytucji 3 Maja \u2013 jednego z najwa\u017cniejszych wydarze\u0144 w dziejach Polski. Uczniowie klas 6a i 6b, pod opiek\u0105 Pani Ma\u0142gorzaty Dawidowskiej, przygotowali wyj\u0105tkowe przedstawienie, w kt\u00f3rym przenie\u015bli nas do roku 1791 \u2013 czasu odwa\u017cnych decyzji, spor\u00f3w o przy-sz\u0142o\u015b\u0107 Rzeczypospolitej i narodzin pierwszej w Europie konstytucji. Akademi\u0119 u\u015bwietni\u0142y pi\u0119kne, poruszaj\u0105ce wykonania utwor\u00f3w patriotycznych w wykonaniu: \u2013 Leny Grudzieckiej z klasy 7a \u2013 Zuzanny \u017bmudy z klasy 8a Jednym z przes\u0142a\u0144, kt\u00f3re wybrzmia\u0142y ze sceny, by\u0142y s\u0142owa: \u201eNie tylko mieczem broni si\u0119 Ojczyzny, ale tak\u017ce sercem i rozumem.\u201d Dzi\u0119kujemy wszystkim uczniom i nauczycielom za zaanga\u017cowanie oraz obecno\u015b\u0107 podczas tej wa\u017c-nej uroczysto\u015bci. To by\u0142a pi\u0119kna i warto\u015bciowa lekcja historii oraz patriotyzmu.\" src=\"https:\/\/sp1slupsk.pl\/wp-content\/uploads\/2025\/05\/IMG-20250430-WA0054-160x120.jpg\" rel=\"https:\/\/sp1slupsk.pl\/wp-content\/uploads\/2025\/05\/IMG-20250430-WA0054.jpg\" \/>\n\t\t\t\t\t\t\t\t\t\t\t\t\t\t<\/a>\n\t\t\t\t\t\t\t\t\t\t\t\t\t\t\t\t\t\t\t\t\t\t\t\t\t<\/p>\n\t\t\t\t\t\t\t\t\t\t\t\t\t\t\t\t\t\t\t\t\t\t\t<\/div><!-- .gllr_image_block -->\n\t\t\t\t\t\t\t\t\t\t\t\t\t\t\t\t\t\t\t\t\t<div class=\"gllr_image_block\">\n\t\t\t\t\t\t\t\t\t\t\t\t<p style=\"width:180px;height:140px;\">\n\t\t\t\t\t\t\t\t\t\t\t\t\t\t\t\t\t\t\t\t\t\t\t\t\t\t\t<a rel=\"gallery_fancybox_88790\" href=\"https:\/\/sp1slupsk.pl\/wp-content\/uploads\/2025\/05\/IMG-20250430-WA0056-1024x768.jpg\" title=\"30 kwietnia 2025 r. w naszej szkole odby\u0142a si\u0119 uroczysta akademia upami\u0119tniaj\u0105ca 234. rocznic\u0119 uchwalenia Konstytucji 3 Maja \u2013 jednego z najwa\u017cniejszych wydarze\u0144 w dziejach Polski. Uczniowie klas 6a i 6b, pod opiek\u0105 Pani Ma\u0142gorzaty Dawidowskiej, przygotowali wyj\u0105tkowe przedstawienie, w kt\u00f3rym przenie\u015bli nas do roku 1791 \u2013 czasu odwa\u017cnych decyzji, spor\u00f3w o przy-sz\u0142o\u015b\u0107 Rzeczypospolitej i narodzin pierwszej w Europie konstytucji. Akademi\u0119 u\u015bwietni\u0142y pi\u0119kne, poruszaj\u0105ce wykonania utwor\u00f3w patriotycznych w wykonaniu: \u2013 Leny Grudzieckiej z klasy 7a \u2013 Zuzanny \u017bmudy z klasy 8a Jednym z przes\u0142a\u0144, kt\u00f3re wybrzmia\u0142y ze sceny, by\u0142y s\u0142owa: \u201eNie tylko mieczem broni si\u0119 Ojczyzny, ale tak\u017ce sercem i rozumem.\u201d Dzi\u0119kujemy wszystkim uczniom i nauczycielom za zaanga\u017cowanie oraz obecno\u015b\u0107 podczas tej wa\u017c-nej uroczysto\u015bci. To by\u0142a pi\u0119kna i warto\u015bciowa lekcja historii oraz patriotyzmu.\">\n\t\t\t\t\t\t\t\t\t\t\t\t\t\t\t<img style=\"width:160px;height:120px; border-width: 10px; border-color:#F1F1F1;border: 10px solid #F1F1F1\" alt=\"\" title=\"30 kwietnia 2025 r. w naszej szkole odby\u0142a si\u0119 uroczysta akademia upami\u0119tniaj\u0105ca 234. rocznic\u0119 uchwalenia Konstytucji 3 Maja \u2013 jednego z najwa\u017cniejszych wydarze\u0144 w dziejach Polski. Uczniowie klas 6a i 6b, pod opiek\u0105 Pani Ma\u0142gorzaty Dawidowskiej, przygotowali wyj\u0105tkowe przedstawienie, w kt\u00f3rym przenie\u015bli nas do roku 1791 \u2013 czasu odwa\u017cnych decyzji, spor\u00f3w o przy-sz\u0142o\u015b\u0107 Rzeczypospolitej i narodzin pierwszej w Europie konstytucji. Akademi\u0119 u\u015bwietni\u0142y pi\u0119kne, poruszaj\u0105ce wykonania utwor\u00f3w patriotycznych w wykonaniu: \u2013 Leny Grudzieckiej z klasy 7a \u2013 Zuzanny \u017bmudy z klasy 8a Jednym z przes\u0142a\u0144, kt\u00f3re wybrzmia\u0142y ze sceny, by\u0142y s\u0142owa: \u201eNie tylko mieczem broni si\u0119 Ojczyzny, ale tak\u017ce sercem i rozumem.\u201d Dzi\u0119kujemy wszystkim uczniom i nauczycielom za zaanga\u017cowanie oraz obecno\u015b\u0107 podczas tej wa\u017c-nej uroczysto\u015bci. To by\u0142a pi\u0119kna i warto\u015bciowa lekcja historii oraz patriotyzmu.\" src=\"https:\/\/sp1slupsk.pl\/wp-content\/uploads\/2025\/05\/IMG-20250430-WA0056-160x120.jpg\" rel=\"https:\/\/sp1slupsk.pl\/wp-content\/uploads\/2025\/05\/IMG-20250430-WA0056.jpg\" \/>\n\t\t\t\t\t\t\t\t\t\t\t\t\t\t<\/a>\n\t\t\t\t\t\t\t\t\t\t\t\t\t\t\t\t\t\t\t\t\t\t\t\t\t<\/p>\n\t\t\t\t\t\t\t\t\t\t\t\t\t\t\t\t\t\t\t\t\t\t\t<\/div><!-- .gllr_image_block -->\n\t\t\t\t\t\t\t\t\t\t\t\t\t\t\t\t\t\t\t\t\t<div class=\"gllr_image_block\">\n\t\t\t\t\t\t\t\t\t\t\t\t<p style=\"width:180px;height:140px;\">\n\t\t\t\t\t\t\t\t\t\t\t\t\t\t\t\t\t\t\t\t\t\t\t\t\t\t\t<a rel=\"gallery_fancybox_88790\" href=\"https:\/\/sp1slupsk.pl\/wp-content\/uploads\/2025\/05\/IMG-20250430-WA0072-1024x768.jpg\" title=\"30 kwietnia 2025 r. w naszej szkole odby\u0142a si\u0119 uroczysta akademia upami\u0119tniaj\u0105ca 234. rocznic\u0119 uchwalenia Konstytucji 3 Maja \u2013 jednego z najwa\u017cniejszych wydarze\u0144 w dziejach Polski. Uczniowie klas 6a i 6b, pod opiek\u0105 Pani Ma\u0142gorzaty Dawidowskiej, przygotowali wyj\u0105tkowe przedstawienie, w kt\u00f3rym przenie\u015bli nas do roku 1791 \u2013 czasu odwa\u017cnych decyzji, spor\u00f3w o przy-sz\u0142o\u015b\u0107 Rzeczypospolitej i narodzin pierwszej w Europie konstytucji. Akademi\u0119 u\u015bwietni\u0142y pi\u0119kne, poruszaj\u0105ce wykonania utwor\u00f3w patriotycznych w wykonaniu: \u2013 Leny Grudzieckiej z klasy 7a \u2013 Zuzanny \u017bmudy z klasy 8a Jednym z przes\u0142a\u0144, kt\u00f3re wybrzmia\u0142y ze sceny, by\u0142y s\u0142owa: \u201eNie tylko mieczem broni si\u0119 Ojczyzny, ale tak\u017ce sercem i rozumem.\u201d Dzi\u0119kujemy wszystkim uczniom i nauczycielom za zaanga\u017cowanie oraz obecno\u015b\u0107 podczas tej wa\u017c-nej uroczysto\u015bci. To by\u0142a pi\u0119kna i warto\u015bciowa lekcja historii oraz patriotyzmu.\">\n\t\t\t\t\t\t\t\t\t\t\t\t\t\t\t<img style=\"width:160px;height:120px; border-width: 10px; border-color:#F1F1F1;border: 10px solid #F1F1F1\" alt=\"\" title=\"30 kwietnia 2025 r. w naszej szkole odby\u0142a si\u0119 uroczysta akademia upami\u0119tniaj\u0105ca 234. rocznic\u0119 uchwalenia Konstytucji 3 Maja \u2013 jednego z najwa\u017cniejszych wydarze\u0144 w dziejach Polski. Uczniowie klas 6a i 6b, pod opiek\u0105 Pani Ma\u0142gorzaty Dawidowskiej, przygotowali wyj\u0105tkowe przedstawienie, w kt\u00f3rym przenie\u015bli nas do roku 1791 \u2013 czasu odwa\u017cnych decyzji, spor\u00f3w o przy-sz\u0142o\u015b\u0107 Rzeczypospolitej i narodzin pierwszej w Europie konstytucji. Akademi\u0119 u\u015bwietni\u0142y pi\u0119kne, poruszaj\u0105ce wykonania utwor\u00f3w patriotycznych w wykonaniu: \u2013 Leny Grudzieckiej z klasy 7a \u2013 Zuzanny \u017bmudy z klasy 8a Jednym z przes\u0142a\u0144, kt\u00f3re wybrzmia\u0142y ze sceny, by\u0142y s\u0142owa: \u201eNie tylko mieczem broni si\u0119 Ojczyzny, ale tak\u017ce sercem i rozumem.\u201d Dzi\u0119kujemy wszystkim uczniom i nauczycielom za zaanga\u017cowanie oraz obecno\u015b\u0107 podczas tej wa\u017c-nej uroczysto\u015bci. To by\u0142a pi\u0119kna i warto\u015bciowa lekcja historii oraz patriotyzmu.\" src=\"https:\/\/sp1slupsk.pl\/wp-content\/uploads\/2025\/05\/IMG-20250430-WA0072-160x120.jpg\" rel=\"https:\/\/sp1slupsk.pl\/wp-content\/uploads\/2025\/05\/IMG-20250430-WA0072.jpg\" \/>\n\t\t\t\t\t\t\t\t\t\t\t\t\t\t<\/a>\n\t\t\t\t\t\t\t\t\t\t\t\t\t\t\t\t\t\t\t\t\t\t\t\t\t<\/p>\n\t\t\t\t\t\t\t\t\t\t\t\t\t\t\t\t\t\t\t\t\t\t\t<\/div><!-- .gllr_image_block -->\n\t\t\t\t\t\t\t\t\t\t\t\t\t\t\t\t\t\t\t\t\t<\/div><!-- .gllr_image_row -->\n\t\t\t\t\t\t\t\t\t\t\t\t\t\t\t\t\t\t\t\t\t<div class=\"gllr_image_row\">\n\t\t\t\t\t\t\t\t\t\t\t\t\t\t\t\t\t\t\t\t\t<div class=\"gllr_image_block\">\n\t\t\t\t\t\t\t\t\t\t\t\t<p style=\"width:180px;height:140px;\">\n\t\t\t\t\t\t\t\t\t\t\t\t\t\t\t\t\t\t\t\t\t\t\t\t\t\t\t<a rel=\"gallery_fancybox_88790\" href=\"https:\/\/sp1slupsk.pl\/wp-content\/uploads\/2025\/05\/IMG-20250430-WA0064-1024x768.jpg\" title=\"30 kwietnia 2025 r. w naszej szkole odby\u0142a si\u0119 uroczysta akademia upami\u0119tniaj\u0105ca 234. rocznic\u0119 uchwalenia Konstytucji 3 Maja \u2013 jednego z najwa\u017cniejszych wydarze\u0144 w dziejach Polski. Uczniowie klas 6a i 6b, pod opiek\u0105 Pani Ma\u0142gorzaty Dawidowskiej, przygotowali wyj\u0105tkowe przedstawienie, w kt\u00f3rym przenie\u015bli nas do roku 1791 \u2013 czasu odwa\u017cnych decyzji, spor\u00f3w o przy-sz\u0142o\u015b\u0107 Rzeczypospolitej i narodzin pierwszej w Europie konstytucji. Akademi\u0119 u\u015bwietni\u0142y pi\u0119kne, poruszaj\u0105ce wykonania utwor\u00f3w patriotycznych w wykonaniu: \u2013 Leny Grudzieckiej z klasy 7a \u2013 Zuzanny \u017bmudy z klasy 8a Jednym z przes\u0142a\u0144, kt\u00f3re wybrzmia\u0142y ze sceny, by\u0142y s\u0142owa: \u201eNie tylko mieczem broni si\u0119 Ojczyzny, ale tak\u017ce sercem i rozumem.\u201d Dzi\u0119kujemy wszystkim uczniom i nauczycielom za zaanga\u017cowanie oraz obecno\u015b\u0107 podczas tej wa\u017c-nej uroczysto\u015bci. To by\u0142a pi\u0119kna i warto\u015bciowa lekcja historii oraz patriotyzmu.\">\n\t\t\t\t\t\t\t\t\t\t\t\t\t\t\t<img style=\"width:160px;height:120px; border-width: 10px; border-color:#F1F1F1;border: 10px solid #F1F1F1\" alt=\"\" title=\"30 kwietnia 2025 r. w naszej szkole odby\u0142a si\u0119 uroczysta akademia upami\u0119tniaj\u0105ca 234. rocznic\u0119 uchwalenia Konstytucji 3 Maja \u2013 jednego z najwa\u017cniejszych wydarze\u0144 w dziejach Polski. Uczniowie klas 6a i 6b, pod opiek\u0105 Pani Ma\u0142gorzaty Dawidowskiej, przygotowali wyj\u0105tkowe przedstawienie, w kt\u00f3rym przenie\u015bli nas do roku 1791 \u2013 czasu odwa\u017cnych decyzji, spor\u00f3w o przy-sz\u0142o\u015b\u0107 Rzeczypospolitej i narodzin pierwszej w Europie konstytucji. Akademi\u0119 u\u015bwietni\u0142y pi\u0119kne, poruszaj\u0105ce wykonania utwor\u00f3w patriotycznych w wykonaniu: \u2013 Leny Grudzieckiej z klasy 7a \u2013 Zuzanny \u017bmudy z klasy 8a Jednym z przes\u0142a\u0144, kt\u00f3re wybrzmia\u0142y ze sceny, by\u0142y s\u0142owa: \u201eNie tylko mieczem broni si\u0119 Ojczyzny, ale tak\u017ce sercem i rozumem.\u201d Dzi\u0119kujemy wszystkim uczniom i nauczycielom za zaanga\u017cowanie oraz obecno\u015b\u0107 podczas tej wa\u017c-nej uroczysto\u015bci. To by\u0142a pi\u0119kna i warto\u015bciowa lekcja historii oraz patriotyzmu.\" src=\"https:\/\/sp1slupsk.pl\/wp-content\/uploads\/2025\/05\/IMG-20250430-WA0064-160x120.jpg\" rel=\"https:\/\/sp1slupsk.pl\/wp-content\/uploads\/2025\/05\/IMG-20250430-WA0064.jpg\" \/>\n\t\t\t\t\t\t\t\t\t\t\t\t\t\t<\/a>\n\t\t\t\t\t\t\t\t\t\t\t\t\t\t\t\t\t\t\t\t\t\t\t\t\t<\/p>\n\t\t\t\t\t\t\t\t\t\t\t\t\t\t\t\t\t\t\t\t\t\t\t<\/div><!-- .gllr_image_block -->\n\t\t\t\t\t\t\t\t\t\t\t\t\t\t\t\t\t\t\t\t\t<div class=\"gllr_image_block\">\n\t\t\t\t\t\t\t\t\t\t\t\t<p style=\"width:180px;height:140px;\">\n\t\t\t\t\t\t\t\t\t\t\t\t\t\t\t\t\t\t\t\t\t\t\t\t\t\t\t<a rel=\"gallery_fancybox_88790\" href=\"https:\/\/sp1slupsk.pl\/wp-content\/uploads\/2025\/05\/IMG-20250430-WA0069-1024x768.jpg\" title=\"30 kwietnia 2025 r. w naszej szkole odby\u0142a si\u0119 uroczysta akademia upami\u0119tniaj\u0105ca 234. rocznic\u0119 uchwalenia Konstytucji 3 Maja \u2013 jednego z najwa\u017cniejszych wydarze\u0144 w dziejach Polski. Uczniowie klas 6a i 6b, pod opiek\u0105 Pani Ma\u0142gorzaty Dawidowskiej, przygotowali wyj\u0105tkowe przedstawienie, w kt\u00f3rym przenie\u015bli nas do roku 1791 \u2013 czasu odwa\u017cnych decyzji, spor\u00f3w o przy-sz\u0142o\u015b\u0107 Rzeczypospolitej i narodzin pierwszej w Europie konstytucji. Akademi\u0119 u\u015bwietni\u0142y pi\u0119kne, poruszaj\u0105ce wykonania utwor\u00f3w patriotycznych w wykonaniu: \u2013 Leny Grudzieckiej z klasy 7a \u2013 Zuzanny \u017bmudy z klasy 8a Jednym z przes\u0142a\u0144, kt\u00f3re wybrzmia\u0142y ze sceny, by\u0142y s\u0142owa: \u201eNie tylko mieczem broni si\u0119 Ojczyzny, ale tak\u017ce sercem i rozumem.\u201d Dzi\u0119kujemy wszystkim uczniom i nauczycielom za zaanga\u017cowanie oraz obecno\u015b\u0107 podczas tej wa\u017c-nej uroczysto\u015bci. To by\u0142a pi\u0119kna i warto\u015bciowa lekcja historii oraz patriotyzmu.\">\n\t\t\t\t\t\t\t\t\t\t\t\t\t\t\t<img style=\"width:160px;height:120px; border-width: 10px; border-color:#F1F1F1;border: 10px solid #F1F1F1\" alt=\"\" title=\"30 kwietnia 2025 r. w naszej szkole odby\u0142a si\u0119 uroczysta akademia upami\u0119tniaj\u0105ca 234. rocznic\u0119 uchwalenia Konstytucji 3 Maja \u2013 jednego z najwa\u017cniejszych wydarze\u0144 w dziejach Polski. Uczniowie klas 6a i 6b, pod opiek\u0105 Pani Ma\u0142gorzaty Dawidowskiej, przygotowali wyj\u0105tkowe przedstawienie, w kt\u00f3rym przenie\u015bli nas do roku 1791 \u2013 czasu odwa\u017cnych decyzji, spor\u00f3w o przy-sz\u0142o\u015b\u0107 Rzeczypospolitej i narodzin pierwszej w Europie konstytucji. Akademi\u0119 u\u015bwietni\u0142y pi\u0119kne, poruszaj\u0105ce wykonania utwor\u00f3w patriotycznych w wykonaniu: \u2013 Leny Grudzieckiej z klasy 7a \u2013 Zuzanny \u017bmudy z klasy 8a Jednym z przes\u0142a\u0144, kt\u00f3re wybrzmia\u0142y ze sceny, by\u0142y s\u0142owa: \u201eNie tylko mieczem broni si\u0119 Ojczyzny, ale tak\u017ce sercem i rozumem.\u201d Dzi\u0119kujemy wszystkim uczniom i nauczycielom za zaanga\u017cowanie oraz obecno\u015b\u0107 podczas tej wa\u017c-nej uroczysto\u015bci. To by\u0142a pi\u0119kna i warto\u015bciowa lekcja historii oraz patriotyzmu.\" src=\"https:\/\/sp1slupsk.pl\/wp-content\/uploads\/2025\/05\/IMG-20250430-WA0069-160x120.jpg\" rel=\"https:\/\/sp1slupsk.pl\/wp-content\/uploads\/2025\/05\/IMG-20250430-WA0069.jpg\" \/>\n\t\t\t\t\t\t\t\t\t\t\t\t\t\t<\/a>\n\t\t\t\t\t\t\t\t\t\t\t\t\t\t\t\t\t\t\t\t\t\t\t\t\t<\/p>\n\t\t\t\t\t\t\t\t\t\t\t\t\t\t\t\t\t\t\t\t\t\t\t<\/div><!-- .gllr_image_block -->\n\t\t\t\t\t\t\t\t\t\t\t\t\t\t\t\t\t\t\t\t\t<div class=\"gllr_image_block\">\n\t\t\t\t\t\t\t\t\t\t\t\t<p style=\"width:180px;height:140px;\">\n\t\t\t\t\t\t\t\t\t\t\t\t\t\t\t\t\t\t\t\t\t\t\t\t\t\t\t<a rel=\"gallery_fancybox_88790\" href=\"https:\/\/sp1slupsk.pl\/wp-content\/uploads\/2025\/05\/IMG-20250430-WA0085-1024x768.jpg\" title=\"30 kwietnia 2025 r. w naszej szkole odby\u0142a si\u0119 uroczysta akademia upami\u0119tniaj\u0105ca 234. rocznic\u0119 uchwalenia Konstytucji 3 Maja \u2013 jednego z najwa\u017cniejszych wydarze\u0144 w dziejach Polski. Uczniowie klas 6a i 6b, pod opiek\u0105 Pani Ma\u0142gorzaty Dawidowskiej, przygotowali wyj\u0105tkowe przedstawienie, w kt\u00f3rym przenie\u015bli nas do roku 1791 \u2013 czasu odwa\u017cnych decyzji, spor\u00f3w o przy-sz\u0142o\u015b\u0107 Rzeczypospolitej i narodzin pierwszej w Europie konstytucji. Akademi\u0119 u\u015bwietni\u0142y pi\u0119kne, poruszaj\u0105ce wykonania utwor\u00f3w patriotycznych w wykonaniu: \u2013 Leny Grudzieckiej z klasy 7a \u2013 Zuzanny \u017bmudy z klasy 8a Jednym z przes\u0142a\u0144, kt\u00f3re wybrzmia\u0142y ze sceny, by\u0142y s\u0142owa: \u201eNie tylko mieczem broni si\u0119 Ojczyzny, ale tak\u017ce sercem i rozumem.\u201d Dzi\u0119kujemy wszystkim uczniom i nauczycielom za zaanga\u017cowanie oraz obecno\u015b\u0107 podczas tej wa\u017c-nej uroczysto\u015bci. To by\u0142a pi\u0119kna i warto\u015bciowa lekcja historii oraz patriotyzmu.\">\n\t\t\t\t\t\t\t\t\t\t\t\t\t\t\t<img style=\"width:160px;height:120px; border-width: 10px; border-color:#F1F1F1;border: 10px solid #F1F1F1\" alt=\"\" title=\"30 kwietnia 2025 r. w naszej szkole odby\u0142a si\u0119 uroczysta akademia upami\u0119tniaj\u0105ca 234. rocznic\u0119 uchwalenia Konstytucji 3 Maja \u2013 jednego z najwa\u017cniejszych wydarze\u0144 w dziejach Polski. Uczniowie klas 6a i 6b, pod opiek\u0105 Pani Ma\u0142gorzaty Dawidowskiej, przygotowali wyj\u0105tkowe przedstawienie, w kt\u00f3rym przenie\u015bli nas do roku 1791 \u2013 czasu odwa\u017cnych decyzji, spor\u00f3w o przy-sz\u0142o\u015b\u0107 Rzeczypospolitej i narodzin pierwszej w Europie konstytucji. Akademi\u0119 u\u015bwietni\u0142y pi\u0119kne, poruszaj\u0105ce wykonania utwor\u00f3w patriotycznych w wykonaniu: \u2013 Leny Grudzieckiej z klasy 7a \u2013 Zuzanny \u017bmudy z klasy 8a Jednym z przes\u0142a\u0144, kt\u00f3re wybrzmia\u0142y ze sceny, by\u0142y s\u0142owa: \u201eNie tylko mieczem broni si\u0119 Ojczyzny, ale tak\u017ce sercem i rozumem.\u201d Dzi\u0119kujemy wszystkim uczniom i nauczycielom za zaanga\u017cowanie oraz obecno\u015b\u0107 podczas tej wa\u017c-nej uroczysto\u015bci. To by\u0142a pi\u0119kna i warto\u015bciowa lekcja historii oraz patriotyzmu.\" src=\"https:\/\/sp1slupsk.pl\/wp-content\/uploads\/2025\/05\/IMG-20250430-WA0085-160x120.jpg\" rel=\"https:\/\/sp1slupsk.pl\/wp-content\/uploads\/2025\/05\/IMG-20250430-WA0085.jpg\" \/>\n\t\t\t\t\t\t\t\t\t\t\t\t\t\t<\/a>\n\t\t\t\t\t\t\t\t\t\t\t\t\t\t\t\t\t\t\t\t\t\t\t\t\t<\/p>\n\t\t\t\t\t\t\t\t\t\t\t\t\t\t\t\t\t\t\t\t\t\t\t<\/div><!-- .gllr_image_block -->\n\t\t\t\t\t\t\t\t\t\t\t\t\t\t\t\t\t\t\t\t\t<\/div><!-- .gllr_image_row -->\n\t\t\t\t\t\t\t\t\t\t\t\t\t\t\t\t\t\t\t\t\t<div class=\"gllr_image_row\">\n\t\t\t\t\t\t\t\t\t\t\t\t\t\t\t\t\t\t\t\t\t<div class=\"gllr_image_block\">\n\t\t\t\t\t\t\t\t\t\t\t\t<p style=\"width:180px;height:140px;\">\n\t\t\t\t\t\t\t\t\t\t\t\t\t\t\t\t\t\t\t\t\t\t\t\t\t\t\t<a rel=\"gallery_fancybox_88790\" href=\"https:\/\/sp1slupsk.pl\/wp-content\/uploads\/2025\/05\/IMG-20250430-WA0090-1024x768.jpg\" title=\"30 kwietnia 2025 r. w naszej szkole odby\u0142a si\u0119 uroczysta akademia upami\u0119tniaj\u0105ca 234. rocznic\u0119 uchwalenia Konstytucji 3 Maja \u2013 jednego z najwa\u017cniejszych wydarze\u0144 w dziejach Polski. Uczniowie klas 6a i 6b, pod opiek\u0105 Pani Ma\u0142gorzaty Dawidowskiej, przygotowali wyj\u0105tkowe przedstawienie, w kt\u00f3rym przenie\u015bli nas do roku 1791 \u2013 czasu odwa\u017cnych decyzji, spor\u00f3w o przy-sz\u0142o\u015b\u0107 Rzeczypospolitej i narodzin pierwszej w Europie konstytucji. Akademi\u0119 u\u015bwietni\u0142y pi\u0119kne, poruszaj\u0105ce wykonania utwor\u00f3w patriotycznych w wykonaniu: \u2013 Leny Grudzieckiej z klasy 7a \u2013 Zuzanny \u017bmudy z klasy 8a Jednym z przes\u0142a\u0144, kt\u00f3re wybrzmia\u0142y ze sceny, by\u0142y s\u0142owa: \u201eNie tylko mieczem broni si\u0119 Ojczyzny, ale tak\u017ce sercem i rozumem.\u201d Dzi\u0119kujemy wszystkim uczniom i nauczycielom za zaanga\u017cowanie oraz obecno\u015b\u0107 podczas tej wa\u017c-nej uroczysto\u015bci. To by\u0142a pi\u0119kna i warto\u015bciowa lekcja historii oraz patriotyzmu.\">\n\t\t\t\t\t\t\t\t\t\t\t\t\t\t\t<img style=\"width:160px;height:120px; border-width: 10px; border-color:#F1F1F1;border: 10px solid #F1F1F1\" alt=\"\" title=\"30 kwietnia 2025 r. w naszej szkole odby\u0142a si\u0119 uroczysta akademia upami\u0119tniaj\u0105ca 234. rocznic\u0119 uchwalenia Konstytucji 3 Maja \u2013 jednego z najwa\u017cniejszych wydarze\u0144 w dziejach Polski. Uczniowie klas 6a i 6b, pod opiek\u0105 Pani Ma\u0142gorzaty Dawidowskiej, przygotowali wyj\u0105tkowe przedstawienie, w kt\u00f3rym przenie\u015bli nas do roku 1791 \u2013 czasu odwa\u017cnych decyzji, spor\u00f3w o przy-sz\u0142o\u015b\u0107 Rzeczypospolitej i narodzin pierwszej w Europie konstytucji. Akademi\u0119 u\u015bwietni\u0142y pi\u0119kne, poruszaj\u0105ce wykonania utwor\u00f3w patriotycznych w wykonaniu: \u2013 Leny Grudzieckiej z klasy 7a \u2013 Zuzanny \u017bmudy z klasy 8a Jednym z przes\u0142a\u0144, kt\u00f3re wybrzmia\u0142y ze sceny, by\u0142y s\u0142owa: \u201eNie tylko mieczem broni si\u0119 Ojczyzny, ale tak\u017ce sercem i rozumem.\u201d Dzi\u0119kujemy wszystkim uczniom i nauczycielom za zaanga\u017cowanie oraz obecno\u015b\u0107 podczas tej wa\u017c-nej uroczysto\u015bci. To by\u0142a pi\u0119kna i warto\u015bciowa lekcja historii oraz patriotyzmu.\" src=\"https:\/\/sp1slupsk.pl\/wp-content\/uploads\/2025\/05\/IMG-20250430-WA0090-160x120.jpg\" rel=\"https:\/\/sp1slupsk.pl\/wp-content\/uploads\/2025\/05\/IMG-20250430-WA0090.jpg\" \/>\n\t\t\t\t\t\t\t\t\t\t\t\t\t\t<\/a>\n\t\t\t\t\t\t\t\t\t\t\t\t\t\t\t\t\t\t\t\t\t\t\t\t\t<\/p>\n\t\t\t\t\t\t\t\t\t\t\t\t\t\t\t\t\t\t\t\t\t\t\t<\/div><!-- .gllr_image_block -->\n\t\t\t\t\t\t\t\t\t\t\t\t\t\t\t\t\t\t\t\t\t<div class=\"gllr_image_block\">\n\t\t\t\t\t\t\t\t\t\t\t\t<p style=\"width:180px;height:140px;\">\n\t\t\t\t\t\t\t\t\t\t\t\t\t\t\t\t\t\t\t\t\t\t\t\t\t\t\t<a rel=\"gallery_fancybox_88790\" href=\"https:\/\/sp1slupsk.pl\/wp-content\/uploads\/2025\/05\/IMG-20250430-WA0097-1024x768.jpg\" title=\"30 kwietnia 2025 r. w naszej szkole odby\u0142a si\u0119 uroczysta akademia upami\u0119tniaj\u0105ca 234. rocznic\u0119 uchwalenia Konstytucji 3 Maja \u2013 jednego z najwa\u017cniejszych wydarze\u0144 w dziejach Polski. Uczniowie klas 6a i 6b, pod opiek\u0105 Pani Ma\u0142gorzaty Dawidowskiej, przygotowali wyj\u0105tkowe przedstawienie, w kt\u00f3rym przenie\u015bli nas do roku 1791 \u2013 czasu odwa\u017cnych decyzji, spor\u00f3w o przy-sz\u0142o\u015b\u0107 Rzeczypospolitej i narodzin pierwszej w Europie konstytucji. Akademi\u0119 u\u015bwietni\u0142y pi\u0119kne, poruszaj\u0105ce wykonania utwor\u00f3w patriotycznych w wykonaniu: \u2013 Leny Grudzieckiej z klasy 7a \u2013 Zuzanny \u017bmudy z klasy 8a Jednym z przes\u0142a\u0144, kt\u00f3re wybrzmia\u0142y ze sceny, by\u0142y s\u0142owa: \u201eNie tylko mieczem broni si\u0119 Ojczyzny, ale tak\u017ce sercem i rozumem.\u201d Dzi\u0119kujemy wszystkim uczniom i nauczycielom za zaanga\u017cowanie oraz obecno\u015b\u0107 podczas tej wa\u017c-nej uroczysto\u015bci. To by\u0142a pi\u0119kna i warto\u015bciowa lekcja historii oraz patriotyzmu.\">\n\t\t\t\t\t\t\t\t\t\t\t\t\t\t\t<img style=\"width:160px;height:120px; border-width: 10px; border-color:#F1F1F1;border: 10px solid #F1F1F1\" alt=\"\" title=\"30 kwietnia 2025 r. w naszej szkole odby\u0142a si\u0119 uroczysta akademia upami\u0119tniaj\u0105ca 234. rocznic\u0119 uchwalenia Konstytucji 3 Maja \u2013 jednego z najwa\u017cniejszych wydarze\u0144 w dziejach Polski. Uczniowie klas 6a i 6b, pod opiek\u0105 Pani Ma\u0142gorzaty Dawidowskiej, przygotowali wyj\u0105tkowe przedstawienie, w kt\u00f3rym przenie\u015bli nas do roku 1791 \u2013 czasu odwa\u017cnych decyzji, spor\u00f3w o przy-sz\u0142o\u015b\u0107 Rzeczypospolitej i narodzin pierwszej w Europie konstytucji. Akademi\u0119 u\u015bwietni\u0142y pi\u0119kne, poruszaj\u0105ce wykonania utwor\u00f3w patriotycznych w wykonaniu: \u2013 Leny Grudzieckiej z klasy 7a \u2013 Zuzanny \u017bmudy z klasy 8a Jednym z przes\u0142a\u0144, kt\u00f3re wybrzmia\u0142y ze sceny, by\u0142y s\u0142owa: \u201eNie tylko mieczem broni si\u0119 Ojczyzny, ale tak\u017ce sercem i rozumem.\u201d Dzi\u0119kujemy wszystkim uczniom i nauczycielom za zaanga\u017cowanie oraz obecno\u015b\u0107 podczas tej wa\u017c-nej uroczysto\u015bci. To by\u0142a pi\u0119kna i warto\u015bciowa lekcja historii oraz patriotyzmu.\" src=\"https:\/\/sp1slupsk.pl\/wp-content\/uploads\/2025\/05\/IMG-20250430-WA0097-160x120.jpg\" rel=\"https:\/\/sp1slupsk.pl\/wp-content\/uploads\/2025\/05\/IMG-20250430-WA0097.jpg\" \/>\n\t\t\t\t\t\t\t\t\t\t\t\t\t\t<\/a>\n\t\t\t\t\t\t\t\t\t\t\t\t\t\t\t\t\t\t\t\t\t\t\t\t\t<\/p>\n\t\t\t\t\t\t\t\t\t\t\t\t\t\t\t\t\t\t\t\t\t\t\t<\/div><!-- .gllr_image_block -->\n\t\t\t\t\t\t\t\t\t\t\t\t\t\t\t\t\t\t\t\t\t<div class=\"gllr_image_block\">\n\t\t\t\t\t\t\t\t\t\t\t\t<p style=\"width:180px;height:140px;\">\n\t\t\t\t\t\t\t\t\t\t\t\t\t\t\t\t\t\t\t\t\t\t\t\t\t\t\t<a rel=\"gallery_fancybox_88790\" href=\"https:\/\/sp1slupsk.pl\/wp-content\/uploads\/2025\/05\/IMG-20250430-WA0104-1024x768.jpg\" title=\"30 kwietnia 2025 r. w naszej szkole odby\u0142a si\u0119 uroczysta akademia upami\u0119tniaj\u0105ca 234. rocznic\u0119 uchwalenia Konstytucji 3 Maja \u2013 jednego z najwa\u017cniejszych wydarze\u0144 w dziejach Polski. Uczniowie klas 6a i 6b, pod opiek\u0105 Pani Ma\u0142gorzaty Dawidowskiej, przygotowali wyj\u0105tkowe przedstawienie, w kt\u00f3rym przenie\u015bli nas do roku 1791 \u2013 czasu odwa\u017cnych decyzji, spor\u00f3w o przy-sz\u0142o\u015b\u0107 Rzeczypospolitej i narodzin pierwszej w Europie konstytucji. Akademi\u0119 u\u015bwietni\u0142y pi\u0119kne, poruszaj\u0105ce wykonania utwor\u00f3w patriotycznych w wykonaniu: \u2013 Leny Grudzieckiej z klasy 7a \u2013 Zuzanny \u017bmudy z klasy 8a Jednym z przes\u0142a\u0144, kt\u00f3re wybrzmia\u0142y ze sceny, by\u0142y s\u0142owa: \u201eNie tylko mieczem broni si\u0119 Ojczyzny, ale tak\u017ce sercem i rozumem.\u201d Dzi\u0119kujemy wszystkim uczniom i nauczycielom za zaanga\u017cowanie oraz obecno\u015b\u0107 podczas tej wa\u017c-nej uroczysto\u015bci. To by\u0142a pi\u0119kna i warto\u015bciowa lekcja historii oraz patriotyzmu.\">\n\t\t\t\t\t\t\t\t\t\t\t\t\t\t\t<img style=\"width:160px;height:120px; border-width: 10px; border-color:#F1F1F1;border: 10px solid #F1F1F1\" alt=\"\" title=\"30 kwietnia 2025 r. w naszej szkole odby\u0142a si\u0119 uroczysta akademia upami\u0119tniaj\u0105ca 234. rocznic\u0119 uchwalenia Konstytucji 3 Maja \u2013 jednego z najwa\u017cniejszych wydarze\u0144 w dziejach Polski. Uczniowie klas 6a i 6b, pod opiek\u0105 Pani Ma\u0142gorzaty Dawidowskiej, przygotowali wyj\u0105tkowe przedstawienie, w kt\u00f3rym przenie\u015bli nas do roku 1791 \u2013 czasu odwa\u017cnych decyzji, spor\u00f3w o przy-sz\u0142o\u015b\u0107 Rzeczypospolitej i narodzin pierwszej w Europie konstytucji. Akademi\u0119 u\u015bwietni\u0142y pi\u0119kne, poruszaj\u0105ce wykonania utwor\u00f3w patriotycznych w wykonaniu: \u2013 Leny Grudzieckiej z klasy 7a \u2013 Zuzanny \u017bmudy z klasy 8a Jednym z przes\u0142a\u0144, kt\u00f3re wybrzmia\u0142y ze sceny, by\u0142y s\u0142owa: \u201eNie tylko mieczem broni si\u0119 Ojczyzny, ale tak\u017ce sercem i rozumem.\u201d Dzi\u0119kujemy wszystkim uczniom i nauczycielom za zaanga\u017cowanie oraz obecno\u015b\u0107 podczas tej wa\u017c-nej uroczysto\u015bci. To by\u0142a pi\u0119kna i warto\u015bciowa lekcja historii oraz patriotyzmu.\" src=\"https:\/\/sp1slupsk.pl\/wp-content\/uploads\/2025\/05\/IMG-20250430-WA0104-160x120.jpg\" rel=\"https:\/\/sp1slupsk.pl\/wp-content\/uploads\/2025\/05\/IMG-20250430-WA0104.jpg\" \/>\n\t\t\t\t\t\t\t\t\t\t\t\t\t\t<\/a>\n\t\t\t\t\t\t\t\t\t\t\t\t\t\t\t\t\t\t\t\t\t\t\t\t\t<\/p>\n\t\t\t\t\t\t\t\t\t\t\t\t\t\t\t\t\t\t\t\t\t\t\t<\/div><!-- .gllr_image_block -->\n\t\t\t\t\t\t\t\t\t\t\t\t\t\t\t\t\t\t\t\t\t<\/div><!-- .gllr_image_row -->\n\t\t\t\t\t\t\t\t\t\t\t\t\t\t\t\t\t\t\t\t\t<div class=\"gllr_image_row\">\n\t\t\t\t\t\t\t\t\t\t\t\t\t\t\t\t\t\t\t\t\t<div class=\"gllr_image_block\">\n\t\t\t\t\t\t\t\t\t\t\t\t<p style=\"width:180px;height:140px;\">\n\t\t\t\t\t\t\t\t\t\t\t\t\t\t\t\t\t\t\t\t\t\t\t\t\t\t\t<a rel=\"gallery_fancybox_88790\" href=\"https:\/\/sp1slupsk.pl\/wp-content\/uploads\/2025\/05\/IMG-20250430-WA0111-1024x768.jpg\" title=\"30 kwietnia 2025 r. w naszej szkole odby\u0142a si\u0119 uroczysta akademia upami\u0119tniaj\u0105ca 234. rocznic\u0119 uchwalenia Konstytucji 3 Maja \u2013 jednego z najwa\u017cniejszych wydarze\u0144 w dziejach Polski. Uczniowie klas 6a i 6b, pod opiek\u0105 Pani Ma\u0142gorzaty Dawidowskiej, przygotowali wyj\u0105tkowe przedstawienie, w kt\u00f3rym przenie\u015bli nas do roku 1791 \u2013 czasu odwa\u017cnych decyzji, spor\u00f3w o przy-sz\u0142o\u015b\u0107 Rzeczypospolitej i narodzin pierwszej w Europie konstytucji. Akademi\u0119 u\u015bwietni\u0142y pi\u0119kne, poruszaj\u0105ce wykonania utwor\u00f3w patriotycznych w wykonaniu: \u2013 Leny Grudzieckiej z klasy 7a \u2013 Zuzanny \u017bmudy z klasy 8a Jednym z przes\u0142a\u0144, kt\u00f3re wybrzmia\u0142y ze sceny, by\u0142y s\u0142owa: \u201eNie tylko mieczem broni si\u0119 Ojczyzny, ale tak\u017ce sercem i rozumem.\u201d Dzi\u0119kujemy wszystkim uczniom i nauczycielom za zaanga\u017cowanie oraz obecno\u015b\u0107 podczas tej wa\u017c-nej uroczysto\u015bci. To by\u0142a pi\u0119kna i warto\u015bciowa lekcja historii oraz patriotyzmu.\">\n\t\t\t\t\t\t\t\t\t\t\t\t\t\t\t<img style=\"width:160px;height:120px; border-width: 10px; border-color:#F1F1F1;border: 10px solid #F1F1F1\" alt=\"\" title=\"30 kwietnia 2025 r. w naszej szkole odby\u0142a si\u0119 uroczysta akademia upami\u0119tniaj\u0105ca 234. rocznic\u0119 uchwalenia Konstytucji 3 Maja \u2013 jednego z najwa\u017cniejszych wydarze\u0144 w dziejach Polski. Uczniowie klas 6a i 6b, pod opiek\u0105 Pani Ma\u0142gorzaty Dawidowskiej, przygotowali wyj\u0105tkowe przedstawienie, w kt\u00f3rym przenie\u015bli nas do roku 1791 \u2013 czasu odwa\u017cnych decyzji, spor\u00f3w o przy-sz\u0142o\u015b\u0107 Rzeczypospolitej i narodzin pierwszej w Europie konstytucji. Akademi\u0119 u\u015bwietni\u0142y pi\u0119kne, poruszaj\u0105ce wykonania utwor\u00f3w patriotycznych w wykonaniu: \u2013 Leny Grudzieckiej z klasy 7a \u2013 Zuzanny \u017bmudy z klasy 8a Jednym z przes\u0142a\u0144, kt\u00f3re wybrzmia\u0142y ze sceny, by\u0142y s\u0142owa: \u201eNie tylko mieczem broni si\u0119 Ojczyzny, ale tak\u017ce sercem i rozumem.\u201d Dzi\u0119kujemy wszystkim uczniom i nauczycielom za zaanga\u017cowanie oraz obecno\u015b\u0107 podczas tej wa\u017c-nej uroczysto\u015bci. To by\u0142a pi\u0119kna i warto\u015bciowa lekcja historii oraz patriotyzmu.\" src=\"https:\/\/sp1slupsk.pl\/wp-content\/uploads\/2025\/05\/IMG-20250430-WA0111-160x120.jpg\" rel=\"https:\/\/sp1slupsk.pl\/wp-content\/uploads\/2025\/05\/IMG-20250430-WA0111.jpg\" \/>\n\t\t\t\t\t\t\t\t\t\t\t\t\t\t<\/a>\n\t\t\t\t\t\t\t\t\t\t\t\t\t\t\t\t\t\t\t\t\t\t\t\t\t<\/p>\n\t\t\t\t\t\t\t\t\t\t\t\t\t\t\t\t\t\t\t\t\t\t\t<\/div><!-- .gllr_image_block -->\n\t\t\t\t\t\t\t\t\t\t\t\t\t\t\t\t\t\t\t\t\t<div class=\"gllr_image_block\">\n\t\t\t\t\t\t\t\t\t\t\t\t<p style=\"width:180px;height:140px;\">\n\t\t\t\t\t\t\t\t\t\t\t\t\t\t\t\t\t\t\t\t\t\t\t\t\t\t\t<a rel=\"gallery_fancybox_88790\" href=\"https:\/\/sp1slupsk.pl\/wp-content\/uploads\/2025\/05\/IMG-20250430-WA0101-1024x768.jpg\" title=\"30 kwietnia 2025 r. w naszej szkole odby\u0142a si\u0119 uroczysta akademia upami\u0119tniaj\u0105ca 234. rocznic\u0119 uchwalenia Konstytucji 3 Maja \u2013 jednego z najwa\u017cniejszych wydarze\u0144 w dziejach Polski. Uczniowie klas 6a i 6b, pod opiek\u0105 Pani Ma\u0142gorzaty Dawidowskiej, przygotowali wyj\u0105tkowe przedstawienie, w kt\u00f3rym przenie\u015bli nas do roku 1791 \u2013 czasu odwa\u017cnych decyzji, spor\u00f3w o przy-sz\u0142o\u015b\u0107 Rzeczypospolitej i narodzin pierwszej w Europie konstytucji. Akademi\u0119 u\u015bwietni\u0142y pi\u0119kne, poruszaj\u0105ce wykonania utwor\u00f3w patriotycznych w wykonaniu: \u2013 Leny Grudzieckiej z klasy 7a \u2013 Zuzanny \u017bmudy z klasy 8a Jednym z przes\u0142a\u0144, kt\u00f3re wybrzmia\u0142y ze sceny, by\u0142y s\u0142owa: \u201eNie tylko mieczem broni si\u0119 Ojczyzny, ale tak\u017ce sercem i rozumem.\u201d Dzi\u0119kujemy wszystkim uczniom i nauczycielom za zaanga\u017cowanie oraz obecno\u015b\u0107 podczas tej wa\u017c-nej uroczysto\u015bci. To by\u0142a pi\u0119kna i warto\u015bciowa lekcja historii oraz patriotyzmu.\">\n\t\t\t\t\t\t\t\t\t\t\t\t\t\t\t<img style=\"width:160px;height:120px; border-width: 10px; border-color:#F1F1F1;border: 10px solid #F1F1F1\" alt=\"\" title=\"30 kwietnia 2025 r. w naszej szkole odby\u0142a si\u0119 uroczysta akademia upami\u0119tniaj\u0105ca 234. rocznic\u0119 uchwalenia Konstytucji 3 Maja \u2013 jednego z najwa\u017cniejszych wydarze\u0144 w dziejach Polski. Uczniowie klas 6a i 6b, pod opiek\u0105 Pani Ma\u0142gorzaty Dawidowskiej, przygotowali wyj\u0105tkowe przedstawienie, w kt\u00f3rym przenie\u015bli nas do roku 1791 \u2013 czasu odwa\u017cnych decyzji, spor\u00f3w o przy-sz\u0142o\u015b\u0107 Rzeczypospolitej i narodzin pierwszej w Europie konstytucji. Akademi\u0119 u\u015bwietni\u0142y pi\u0119kne, poruszaj\u0105ce wykonania utwor\u00f3w patriotycznych w wykonaniu: \u2013 Leny Grudzieckiej z klasy 7a \u2013 Zuzanny \u017bmudy z klasy 8a Jednym z przes\u0142a\u0144, kt\u00f3re wybrzmia\u0142y ze sceny, by\u0142y s\u0142owa: \u201eNie tylko mieczem broni si\u0119 Ojczyzny, ale tak\u017ce sercem i rozumem.\u201d Dzi\u0119kujemy wszystkim uczniom i nauczycielom za zaanga\u017cowanie oraz obecno\u015b\u0107 podczas tej wa\u017c-nej uroczysto\u015bci. To by\u0142a pi\u0119kna i warto\u015bciowa lekcja historii oraz patriotyzmu.\" src=\"https:\/\/sp1slupsk.pl\/wp-content\/uploads\/2025\/05\/IMG-20250430-WA0101-160x120.jpg\" rel=\"https:\/\/sp1slupsk.pl\/wp-content\/uploads\/2025\/05\/IMG-20250430-WA0101.jpg\" \/>\n\t\t\t\t\t\t\t\t\t\t\t\t\t\t<\/a>\n\t\t\t\t\t\t\t\t\t\t\t\t\t\t\t\t\t\t\t\t\t\t\t\t\t<\/p>\n\t\t\t\t\t\t\t\t\t\t\t\t\t\t\t\t\t\t\t\t\t\t\t<\/div><!-- .gllr_image_block -->\n\t\t\t\t\t\t\t\t\t\t\t\t\t\t\t\t\t\t\t\t\t<div class=\"gllr_image_block\">\n\t\t\t\t\t\t\t\t\t\t\t\t<p style=\"width:180px;height:140px;\">\n\t\t\t\t\t\t\t\t\t\t\t\t\t\t\t\t\t\t\t\t\t\t\t\t\t\t\t<a rel=\"gallery_fancybox_88790\" href=\"https:\/\/sp1slupsk.pl\/wp-content\/uploads\/2025\/05\/IMG-20250430-WA0108-768x1024.jpg\" title=\"30 kwietnia 2025 r. w naszej szkole odby\u0142a si\u0119 uroczysta akademia upami\u0119tniaj\u0105ca 234. rocznic\u0119 uchwalenia Konstytucji 3 Maja \u2013 jednego z najwa\u017cniejszych wydarze\u0144 w dziejach Polski. Uczniowie klas 6a i 6b, pod opiek\u0105 Pani Ma\u0142gorzaty Dawidowskiej, przygotowali wyj\u0105tkowe przedstawienie, w kt\u00f3rym przenie\u015bli nas do roku 1791 \u2013 czasu odwa\u017cnych decyzji, spor\u00f3w o przy-sz\u0142o\u015b\u0107 Rzeczypospolitej i narodzin pierwszej w Europie konstytucji. Akademi\u0119 u\u015bwietni\u0142y pi\u0119kne, poruszaj\u0105ce wykonania utwor\u00f3w patriotycznych w wykonaniu: \u2013 Leny Grudzieckiej z klasy 7a \u2013 Zuzanny \u017bmudy z klasy 8a Jednym z przes\u0142a\u0144, kt\u00f3re wybrzmia\u0142y ze sceny, by\u0142y s\u0142owa: \u201eNie tylko mieczem broni si\u0119 Ojczyzny, ale tak\u017ce sercem i rozumem.\u201d Dzi\u0119kujemy wszystkim uczniom i nauczycielom za zaanga\u017cowanie oraz obecno\u015b\u0107 podczas tej wa\u017c-nej uroczysto\u015bci. To by\u0142a pi\u0119kna i warto\u015bciowa lekcja historii oraz patriotyzmu.\">\n\t\t\t\t\t\t\t\t\t\t\t\t\t\t\t<img style=\"width:160px;height:120px; border-width: 10px; border-color:#F1F1F1;border: 10px solid #F1F1F1\" alt=\"\" title=\"30 kwietnia 2025 r. w naszej szkole odby\u0142a si\u0119 uroczysta akademia upami\u0119tniaj\u0105ca 234. rocznic\u0119 uchwalenia Konstytucji 3 Maja \u2013 jednego z najwa\u017cniejszych wydarze\u0144 w dziejach Polski. Uczniowie klas 6a i 6b, pod opiek\u0105 Pani Ma\u0142gorzaty Dawidowskiej, przygotowali wyj\u0105tkowe przedstawienie, w kt\u00f3rym przenie\u015bli nas do roku 1791 \u2013 czasu odwa\u017cnych decyzji, spor\u00f3w o przy-sz\u0142o\u015b\u0107 Rzeczypospolitej i narodzin pierwszej w Europie konstytucji. Akademi\u0119 u\u015bwietni\u0142y pi\u0119kne, poruszaj\u0105ce wykonania utwor\u00f3w patriotycznych w wykonaniu: \u2013 Leny Grudzieckiej z klasy 7a \u2013 Zuzanny \u017bmudy z klasy 8a Jednym z przes\u0142a\u0144, kt\u00f3re wybrzmia\u0142y ze sceny, by\u0142y s\u0142owa: \u201eNie tylko mieczem broni si\u0119 Ojczyzny, ale tak\u017ce sercem i rozumem.\u201d Dzi\u0119kujemy wszystkim uczniom i nauczycielom za zaanga\u017cowanie oraz obecno\u015b\u0107 podczas tej wa\u017c-nej uroczysto\u015bci. To by\u0142a pi\u0119kna i warto\u015bciowa lekcja historii oraz patriotyzmu.\" src=\"https:\/\/sp1slupsk.pl\/wp-content\/uploads\/2025\/05\/IMG-20250430-WA0108-160x120.jpg\" rel=\"https:\/\/sp1slupsk.pl\/wp-content\/uploads\/2025\/05\/IMG-20250430-WA0108.jpg\" \/>\n\t\t\t\t\t\t\t\t\t\t\t\t\t\t<\/a>\n\t\t\t\t\t\t\t\t\t\t\t\t\t\t\t\t\t\t\t\t\t\t\t\t\t<\/p>\n\t\t\t\t\t\t\t\t\t\t\t\t\t\t\t\t\t\t\t\t\t\t\t<\/div><!-- .gllr_image_block -->\n\t\t\t\t\t\t\t\t\t\t\t\t\t\t\t\t\t\t\t\t\t<\/div><!-- .gllr_image_row -->\n\t\t\t\t\t\t\t\t\t\t\t\t\t\t\t\t\t\t\t\t\t<div class=\"gllr_image_row\">\n\t\t\t\t\t\t\t\t\t\t\t\t\t\t\t\t\t\t\t\t\t<div class=\"gllr_image_block\">\n\t\t\t\t\t\t\t\t\t\t\t\t<p style=\"width:180px;height:140px;\">\n\t\t\t\t\t\t\t\t\t\t\t\t\t\t\t\t\t\t\t\t\t\t\t\t\t\t\t<a rel=\"gallery_fancybox_88790\" href=\"https:\/\/sp1slupsk.pl\/wp-content\/uploads\/2025\/05\/IMG-20250430-WA0115-1024x768.jpg\" title=\"30 kwietnia 2025 r. w naszej szkole odby\u0142a si\u0119 uroczysta akademia upami\u0119tniaj\u0105ca 234. rocznic\u0119 uchwalenia Konstytucji 3 Maja \u2013 jednego z najwa\u017cniejszych wydarze\u0144 w dziejach Polski. Uczniowie klas 6a i 6b, pod opiek\u0105 Pani Ma\u0142gorzaty Dawidowskiej, przygotowali wyj\u0105tkowe przedstawienie, w kt\u00f3rym przenie\u015bli nas do roku 1791 \u2013 czasu odwa\u017cnych decyzji, spor\u00f3w o przy-sz\u0142o\u015b\u0107 Rzeczypospolitej i narodzin pierwszej w Europie konstytucji. Akademi\u0119 u\u015bwietni\u0142y pi\u0119kne, poruszaj\u0105ce wykonania utwor\u00f3w patriotycznych w wykonaniu: \u2013 Leny Grudzieckiej z klasy 7a \u2013 Zuzanny \u017bmudy z klasy 8a Jednym z przes\u0142a\u0144, kt\u00f3re wybrzmia\u0142y ze sceny, by\u0142y s\u0142owa: \u201eNie tylko mieczem broni si\u0119 Ojczyzny, ale tak\u017ce sercem i rozumem.\u201d Dzi\u0119kujemy wszystkim uczniom i nauczycielom za zaanga\u017cowanie oraz obecno\u015b\u0107 podczas tej wa\u017c-nej uroczysto\u015bci. To by\u0142a pi\u0119kna i warto\u015bciowa lekcja historii oraz patriotyzmu.\">\n\t\t\t\t\t\t\t\t\t\t\t\t\t\t\t<img style=\"width:160px;height:120px; border-width: 10px; border-color:#F1F1F1;border: 10px solid #F1F1F1\" alt=\"\" title=\"30 kwietnia 2025 r. w naszej szkole odby\u0142a si\u0119 uroczysta akademia upami\u0119tniaj\u0105ca 234. rocznic\u0119 uchwalenia Konstytucji 3 Maja \u2013 jednego z najwa\u017cniejszych wydarze\u0144 w dziejach Polski. Uczniowie klas 6a i 6b, pod opiek\u0105 Pani Ma\u0142gorzaty Dawidowskiej, przygotowali wyj\u0105tkowe przedstawienie, w kt\u00f3rym przenie\u015bli nas do roku 1791 \u2013 czasu odwa\u017cnych decyzji, spor\u00f3w o przy-sz\u0142o\u015b\u0107 Rzeczypospolitej i narodzin pierwszej w Europie konstytucji. Akademi\u0119 u\u015bwietni\u0142y pi\u0119kne, poruszaj\u0105ce wykonania utwor\u00f3w patriotycznych w wykonaniu: \u2013 Leny Grudzieckiej z klasy 7a \u2013 Zuzanny \u017bmudy z klasy 8a Jednym z przes\u0142a\u0144, kt\u00f3re wybrzmia\u0142y ze sceny, by\u0142y s\u0142owa: \u201eNie tylko mieczem broni si\u0119 Ojczyzny, ale tak\u017ce sercem i rozumem.\u201d Dzi\u0119kujemy wszystkim uczniom i nauczycielom za zaanga\u017cowanie oraz obecno\u015b\u0107 podczas tej wa\u017c-nej uroczysto\u015bci. To by\u0142a pi\u0119kna i warto\u015bciowa lekcja historii oraz patriotyzmu.\" src=\"https:\/\/sp1slupsk.pl\/wp-content\/uploads\/2025\/05\/IMG-20250430-WA0115-160x120.jpg\" rel=\"https:\/\/sp1slupsk.pl\/wp-content\/uploads\/2025\/05\/IMG-20250430-WA0115.jpg\" \/>\n\t\t\t\t\t\t\t\t\t\t\t\t\t\t<\/a>\n\t\t\t\t\t\t\t\t\t\t\t\t\t\t\t\t\t\t\t\t\t\t\t\t\t<\/p>\n\t\t\t\t\t\t\t\t\t\t\t\t\t\t\t\t\t\t\t\t\t\t\t<\/div><!-- .gllr_image_block -->\n\t\t\t\t\t\t\t\t\t\t\t\t\t\t\t\t\t\t\t\t\t<div class=\"gllr_image_block\">\n\t\t\t\t\t\t\t\t\t\t\t\t<p style=\"width:180px;height:140px;\">\n\t\t\t\t\t\t\t\t\t\t\t\t\t\t\t\t\t\t\t\t\t\t\t\t\t\t\t<a rel=\"gallery_fancybox_88790\" href=\"https:\/\/sp1slupsk.pl\/wp-content\/uploads\/2025\/05\/shared-image-58-768x1024.jpg\" title=\"30 kwietnia 2025 r. w naszej szkole odby\u0142a si\u0119 uroczysta akademia upami\u0119tniaj\u0105ca 234. rocznic\u0119 uchwalenia Konstytucji 3 Maja \u2013 jednego z najwa\u017cniejszych wydarze\u0144 w dziejach Polski. Uczniowie klas 6a i 6b, pod opiek\u0105 Pani Ma\u0142gorzaty Dawidowskiej, przygotowali wyj\u0105tkowe przedstawienie, w kt\u00f3rym przenie\u015bli nas do roku 1791 \u2013 czasu odwa\u017cnych decyzji, spor\u00f3w o przy-sz\u0142o\u015b\u0107 Rzeczypospolitej i narodzin pierwszej w Europie konstytucji. Akademi\u0119 u\u015bwietni\u0142y pi\u0119kne, poruszaj\u0105ce wykonania utwor\u00f3w patriotycznych w wykonaniu: \u2013 Leny Grudzieckiej z klasy 7a \u2013 Zuzanny \u017bmudy z klasy 8a Jednym z przes\u0142a\u0144, kt\u00f3re wybrzmia\u0142y ze sceny, by\u0142y s\u0142owa: \u201eNie tylko mieczem broni si\u0119 Ojczyzny, ale tak\u017ce sercem i rozumem.\u201d Dzi\u0119kujemy wszystkim uczniom i nauczycielom za zaanga\u017cowanie oraz obecno\u015b\u0107 podczas tej wa\u017c-nej uroczysto\u015bci. To by\u0142a pi\u0119kna i warto\u015bciowa lekcja historii oraz patriotyzmu.\">\n\t\t\t\t\t\t\t\t\t\t\t\t\t\t\t<img style=\"width:160px;height:120px; border-width: 10px; border-color:#F1F1F1;border: 10px solid #F1F1F1\" alt=\"\" title=\"30 kwietnia 2025 r. w naszej szkole odby\u0142a si\u0119 uroczysta akademia upami\u0119tniaj\u0105ca 234. rocznic\u0119 uchwalenia Konstytucji 3 Maja \u2013 jednego z najwa\u017cniejszych wydarze\u0144 w dziejach Polski. Uczniowie klas 6a i 6b, pod opiek\u0105 Pani Ma\u0142gorzaty Dawidowskiej, przygotowali wyj\u0105tkowe przedstawienie, w kt\u00f3rym przenie\u015bli nas do roku 1791 \u2013 czasu odwa\u017cnych decyzji, spor\u00f3w o przy-sz\u0142o\u015b\u0107 Rzeczypospolitej i narodzin pierwszej w Europie konstytucji. Akademi\u0119 u\u015bwietni\u0142y pi\u0119kne, poruszaj\u0105ce wykonania utwor\u00f3w patriotycznych w wykonaniu: \u2013 Leny Grudzieckiej z klasy 7a \u2013 Zuzanny \u017bmudy z klasy 8a Jednym z przes\u0142a\u0144, kt\u00f3re wybrzmia\u0142y ze sceny, by\u0142y s\u0142owa: \u201eNie tylko mieczem broni si\u0119 Ojczyzny, ale tak\u017ce sercem i rozumem.\u201d Dzi\u0119kujemy wszystkim uczniom i nauczycielom za zaanga\u017cowanie oraz obecno\u015b\u0107 podczas tej wa\u017c-nej uroczysto\u015bci. To by\u0142a pi\u0119kna i warto\u015bciowa lekcja historii oraz patriotyzmu.\" src=\"https:\/\/sp1slupsk.pl\/wp-content\/uploads\/2025\/05\/shared-image-58-160x120.jpg\" rel=\"https:\/\/sp1slupsk.pl\/wp-content\/uploads\/2025\/05\/shared-image-58.jpg\" \/>\n\t\t\t\t\t\t\t\t\t\t\t\t\t\t<\/a>\n\t\t\t\t\t\t\t\t\t\t\t\t\t\t\t\t\t\t\t\t\t\t\t\t\t<\/p>\n\t\t\t\t\t\t\t\t\t\t\t\t\t\t\t\t\t\t\t\t\t\t\t<\/div><!-- .gllr_image_block -->\n\t\t\t\t\t\t\t\t\t\t\t\t\t\t\t\t\t\t\t\t\t<div class=\"gllr_image_block\">\n\t\t\t\t\t\t\t\t\t\t\t\t<p style=\"width:180px;height:140px;\">\n\t\t\t\t\t\t\t\t\t\t\t\t\t\t\t\t\t\t\t\t\t\t\t\t\t\t\t<a rel=\"gallery_fancybox_88790\" href=\"https:\/\/sp1slupsk.pl\/wp-content\/uploads\/2025\/05\/shared-image-57-1024x768.jpg\" title=\"30 kwietnia 2025 r. w naszej szkole odby\u0142a si\u0119 uroczysta akademia upami\u0119tniaj\u0105ca 234. rocznic\u0119 uchwalenia Konstytucji 3 Maja \u2013 jednego z najwa\u017cniejszych wydarze\u0144 w dziejach Polski. Uczniowie klas 6a i 6b, pod opiek\u0105 Pani Ma\u0142gorzaty Dawidowskiej, przygotowali wyj\u0105tkowe przedstawienie, w kt\u00f3rym przenie\u015bli nas do roku 1791 \u2013 czasu odwa\u017cnych decyzji, spor\u00f3w o przy-sz\u0142o\u015b\u0107 Rzeczypospolitej i narodzin pierwszej w Europie konstytucji. Akademi\u0119 u\u015bwietni\u0142y pi\u0119kne, poruszaj\u0105ce wykonania utwor\u00f3w patriotycznych w wykonaniu: \u2013 Leny Grudzieckiej z klasy 7a \u2013 Zuzanny \u017bmudy z klasy 8a Jednym z przes\u0142a\u0144, kt\u00f3re wybrzmia\u0142y ze sceny, by\u0142y s\u0142owa: \u201eNie tylko mieczem broni si\u0119 Ojczyzny, ale tak\u017ce sercem i rozumem.\u201d Dzi\u0119kujemy wszystkim uczniom i nauczycielom za zaanga\u017cowanie oraz obecno\u015b\u0107 podczas tej wa\u017c-nej uroczysto\u015bci. To by\u0142a pi\u0119kna i warto\u015bciowa lekcja historii oraz patriotyzmu.\">\n\t\t\t\t\t\t\t\t\t\t\t\t\t\t\t<img style=\"width:160px;height:120px; border-width: 10px; border-color:#F1F1F1;border: 10px solid #F1F1F1\" alt=\"\" title=\"30 kwietnia 2025 r. w naszej szkole odby\u0142a si\u0119 uroczysta akademia upami\u0119tniaj\u0105ca 234. rocznic\u0119 uchwalenia Konstytucji 3 Maja \u2013 jednego z najwa\u017cniejszych wydarze\u0144 w dziejach Polski. Uczniowie klas 6a i 6b, pod opiek\u0105 Pani Ma\u0142gorzaty Dawidowskiej, przygotowali wyj\u0105tkowe przedstawienie, w kt\u00f3rym przenie\u015bli nas do roku 1791 \u2013 czasu odwa\u017cnych decyzji, spor\u00f3w o przy-sz\u0142o\u015b\u0107 Rzeczypospolitej i narodzin pierwszej w Europie konstytucji. Akademi\u0119 u\u015bwietni\u0142y pi\u0119kne, poruszaj\u0105ce wykonania utwor\u00f3w patriotycznych w wykonaniu: \u2013 Leny Grudzieckiej z klasy 7a \u2013 Zuzanny \u017bmudy z klasy 8a Jednym z przes\u0142a\u0144, kt\u00f3re wybrzmia\u0142y ze sceny, by\u0142y s\u0142owa: \u201eNie tylko mieczem broni si\u0119 Ojczyzny, ale tak\u017ce sercem i rozumem.\u201d Dzi\u0119kujemy wszystkim uczniom i nauczycielom za zaanga\u017cowanie oraz obecno\u015b\u0107 podczas tej wa\u017c-nej uroczysto\u015bci. To by\u0142a pi\u0119kna i warto\u015bciowa lekcja historii oraz patriotyzmu.\" src=\"https:\/\/sp1slupsk.pl\/wp-content\/uploads\/2025\/05\/shared-image-57-160x120.jpg\" rel=\"https:\/\/sp1slupsk.pl\/wp-content\/uploads\/2025\/05\/shared-image-57.jpg\" \/>\n\t\t\t\t\t\t\t\t\t\t\t\t\t\t<\/a>\n\t\t\t\t\t\t\t\t\t\t\t\t\t\t\t\t\t\t\t\t\t\t\t\t\t<\/p>\n\t\t\t\t\t\t\t\t\t\t\t\t\t\t\t\t\t\t\t\t\t\t\t<\/div><!-- .gllr_image_block -->\n\t\t\t\t\t\t\t\t\t\t\t\t\t\t\t\t\t\t\t\t\t<\/div><!-- .gllr_image_row -->\n\t\t\t\t\t\t\t\t\t\t\t\t\t\t\t\t\t\t\t\t\t<div class=\"gllr_image_row\">\n\t\t\t\t\t\t\t\t\t\t\t\t\t\t\t\t\t\t\t\t\t<div class=\"gllr_image_block\">\n\t\t\t\t\t\t\t\t\t\t\t\t<p style=\"width:180px;height:140px;\">\n\t\t\t\t\t\t\t\t\t\t\t\t\t\t\t\t\t\t\t\t\t\t\t\t\t\t\t<a rel=\"gallery_fancybox_88790\" href=\"https:\/\/sp1slupsk.pl\/wp-content\/uploads\/2025\/05\/shared-image-54-768x1024.jpg\" title=\"30 kwietnia 2025 r. w naszej szkole odby\u0142a si\u0119 uroczysta akademia upami\u0119tniaj\u0105ca 234. rocznic\u0119 uchwalenia Konstytucji 3 Maja \u2013 jednego z najwa\u017cniejszych wydarze\u0144 w dziejach Polski. Uczniowie klas 6a i 6b, pod opiek\u0105 Pani Ma\u0142gorzaty Dawidowskiej, przygotowali wyj\u0105tkowe przedstawienie, w kt\u00f3rym przenie\u015bli nas do roku 1791 \u2013 czasu odwa\u017cnych decyzji, spor\u00f3w o przy-sz\u0142o\u015b\u0107 Rzeczypospolitej i narodzin pierwszej w Europie konstytucji. Akademi\u0119 u\u015bwietni\u0142y pi\u0119kne, poruszaj\u0105ce wykonania utwor\u00f3w patriotycznych w wykonaniu: \u2013 Leny Grudzieckiej z klasy 7a \u2013 Zuzanny \u017bmudy z klasy 8a Jednym z przes\u0142a\u0144, kt\u00f3re wybrzmia\u0142y ze sceny, by\u0142y s\u0142owa: \u201eNie tylko mieczem broni si\u0119 Ojczyzny, ale tak\u017ce sercem i rozumem.\u201d Dzi\u0119kujemy wszystkim uczniom i nauczycielom za zaanga\u017cowanie oraz obecno\u015b\u0107 podczas tej wa\u017c-nej uroczysto\u015bci. To by\u0142a pi\u0119kna i warto\u015bciowa lekcja historii oraz patriotyzmu.\">\n\t\t\t\t\t\t\t\t\t\t\t\t\t\t\t<img style=\"width:160px;height:120px; border-width: 10px; border-color:#F1F1F1;border: 10px solid #F1F1F1\" alt=\"\" title=\"30 kwietnia 2025 r. w naszej szkole odby\u0142a si\u0119 uroczysta akademia upami\u0119tniaj\u0105ca 234. rocznic\u0119 uchwalenia Konstytucji 3 Maja \u2013 jednego z najwa\u017cniejszych wydarze\u0144 w dziejach Polski. Uczniowie klas 6a i 6b, pod opiek\u0105 Pani Ma\u0142gorzaty Dawidowskiej, przygotowali wyj\u0105tkowe przedstawienie, w kt\u00f3rym przenie\u015bli nas do roku 1791 \u2013 czasu odwa\u017cnych decyzji, spor\u00f3w o przy-sz\u0142o\u015b\u0107 Rzeczypospolitej i narodzin pierwszej w Europie konstytucji. Akademi\u0119 u\u015bwietni\u0142y pi\u0119kne, poruszaj\u0105ce wykonania utwor\u00f3w patriotycznych w wykonaniu: \u2013 Leny Grudzieckiej z klasy 7a \u2013 Zuzanny \u017bmudy z klasy 8a Jednym z przes\u0142a\u0144, kt\u00f3re wybrzmia\u0142y ze sceny, by\u0142y s\u0142owa: \u201eNie tylko mieczem broni si\u0119 Ojczyzny, ale tak\u017ce sercem i rozumem.\u201d Dzi\u0119kujemy wszystkim uczniom i nauczycielom za zaanga\u017cowanie oraz obecno\u015b\u0107 podczas tej wa\u017c-nej uroczysto\u015bci. To by\u0142a pi\u0119kna i warto\u015bciowa lekcja historii oraz patriotyzmu.\" src=\"https:\/\/sp1slupsk.pl\/wp-content\/uploads\/2025\/05\/shared-image-54-160x120.jpg\" rel=\"https:\/\/sp1slupsk.pl\/wp-content\/uploads\/2025\/05\/shared-image-54.jpg\" \/>\n\t\t\t\t\t\t\t\t\t\t\t\t\t\t<\/a>\n\t\t\t\t\t\t\t\t\t\t\t\t\t\t\t\t\t\t\t\t\t\t\t\t\t<\/p>\n\t\t\t\t\t\t\t\t\t\t\t\t\t\t\t\t\t\t\t\t\t\t\t<\/div><!-- .gllr_image_block -->\n\t\t\t\t\t\t\t\t\t\t\t\t\t\t\t\t\t\t\t\t\t<div class=\"gllr_image_block\">\n\t\t\t\t\t\t\t\t\t\t\t\t<p style=\"width:180px;height:140px;\">\n\t\t\t\t\t\t\t\t\t\t\t\t\t\t\t\t\t\t\t\t\t\t\t\t\t\t\t<a rel=\"gallery_fancybox_88790\" href=\"https:\/\/sp1slupsk.pl\/wp-content\/uploads\/2025\/05\/shared-image-64-768x1024.jpg\" title=\"30 kwietnia 2025 r. w naszej szkole odby\u0142a si\u0119 uroczysta akademia upami\u0119tniaj\u0105ca 234. rocznic\u0119 uchwalenia Konstytucji 3 Maja \u2013 jednego z najwa\u017cniejszych wydarze\u0144 w dziejach Polski. Uczniowie klas 6a i 6b, pod opiek\u0105 Pani Ma\u0142gorzaty Dawidowskiej, przygotowali wyj\u0105tkowe przedstawienie, w kt\u00f3rym przenie\u015bli nas do roku 1791 \u2013 czasu odwa\u017cnych decyzji, spor\u00f3w o przy-sz\u0142o\u015b\u0107 Rzeczypospolitej i narodzin pierwszej w Europie konstytucji. Akademi\u0119 u\u015bwietni\u0142y pi\u0119kne, poruszaj\u0105ce wykonania utwor\u00f3w patriotycznych w wykonaniu: \u2013 Leny Grudzieckiej z klasy 7a \u2013 Zuzanny \u017bmudy z klasy 8a Jednym z przes\u0142a\u0144, kt\u00f3re wybrzmia\u0142y ze sceny, by\u0142y s\u0142owa: \u201eNie tylko mieczem broni si\u0119 Ojczyzny, ale tak\u017ce sercem i rozumem.\u201d Dzi\u0119kujemy wszystkim uczniom i nauczycielom za zaanga\u017cowanie oraz obecno\u015b\u0107 podczas tej wa\u017c-nej uroczysto\u015bci. To by\u0142a pi\u0119kna i warto\u015bciowa lekcja historii oraz patriotyzmu.\">\n\t\t\t\t\t\t\t\t\t\t\t\t\t\t\t<img style=\"width:160px;height:120px; border-width: 10px; border-color:#F1F1F1;border: 10px solid #F1F1F1\" alt=\"\" title=\"30 kwietnia 2025 r. w naszej szkole odby\u0142a si\u0119 uroczysta akademia upami\u0119tniaj\u0105ca 234. rocznic\u0119 uchwalenia Konstytucji 3 Maja \u2013 jednego z najwa\u017cniejszych wydarze\u0144 w dziejach Polski. Uczniowie klas 6a i 6b, pod opiek\u0105 Pani Ma\u0142gorzaty Dawidowskiej, przygotowali wyj\u0105tkowe przedstawienie, w kt\u00f3rym przenie\u015bli nas do roku 1791 \u2013 czasu odwa\u017cnych decyzji, spor\u00f3w o przy-sz\u0142o\u015b\u0107 Rzeczypospolitej i narodzin pierwszej w Europie konstytucji. Akademi\u0119 u\u015bwietni\u0142y pi\u0119kne, poruszaj\u0105ce wykonania utwor\u00f3w patriotycznych w wykonaniu: \u2013 Leny Grudzieckiej z klasy 7a \u2013 Zuzanny \u017bmudy z klasy 8a Jednym z przes\u0142a\u0144, kt\u00f3re wybrzmia\u0142y ze sceny, by\u0142y s\u0142owa: \u201eNie tylko mieczem broni si\u0119 Ojczyzny, ale tak\u017ce sercem i rozumem.\u201d Dzi\u0119kujemy wszystkim uczniom i nauczycielom za zaanga\u017cowanie oraz obecno\u015b\u0107 podczas tej wa\u017c-nej uroczysto\u015bci. To by\u0142a pi\u0119kna i warto\u015bciowa lekcja historii oraz patriotyzmu.\" src=\"https:\/\/sp1slupsk.pl\/wp-content\/uploads\/2025\/05\/shared-image-64-160x120.jpg\" rel=\"https:\/\/sp1slupsk.pl\/wp-content\/uploads\/2025\/05\/shared-image-64.jpg\" \/>\n\t\t\t\t\t\t\t\t\t\t\t\t\t\t<\/a>\n\t\t\t\t\t\t\t\t\t\t\t\t\t\t\t\t\t\t\t\t\t\t\t\t\t<\/p>\n\t\t\t\t\t\t\t\t\t\t\t\t\t\t\t\t\t\t\t\t\t\t\t<\/div><!-- .gllr_image_block -->\n\t\t\t\t\t\t\t\t\t\t\t\t\t\t\t\t\t\t\t\t\t<div class=\"gllr_image_block\">\n\t\t\t\t\t\t\t\t\t\t\t\t<p style=\"width:180px;height:140px;\">\n\t\t\t\t\t\t\t\t\t\t\t\t\t\t\t\t\t\t\t\t\t\t\t\t\t\t\t<a rel=\"gallery_fancybox_88790\" href=\"https:\/\/sp1slupsk.pl\/wp-content\/uploads\/2025\/05\/shared-image-62-1024x768.jpg\" title=\"30 kwietnia 2025 r. w naszej szkole odby\u0142a si\u0119 uroczysta akademia upami\u0119tniaj\u0105ca 234. rocznic\u0119 uchwalenia Konstytucji 3 Maja \u2013 jednego z najwa\u017cniejszych wydarze\u0144 w dziejach Polski. Uczniowie klas 6a i 6b, pod opiek\u0105 Pani Ma\u0142gorzaty Dawidowskiej, przygotowali wyj\u0105tkowe przedstawienie, w kt\u00f3rym przenie\u015bli nas do roku 1791 \u2013 czasu odwa\u017cnych decyzji, spor\u00f3w o przy-sz\u0142o\u015b\u0107 Rzeczypospolitej i narodzin pierwszej w Europie konstytucji. Akademi\u0119 u\u015bwietni\u0142y pi\u0119kne, poruszaj\u0105ce wykonania utwor\u00f3w patriotycznych w wykonaniu: \u2013 Leny Grudzieckiej z klasy 7a \u2013 Zuzanny \u017bmudy z klasy 8a Jednym z przes\u0142a\u0144, kt\u00f3re wybrzmia\u0142y ze sceny, by\u0142y s\u0142owa: \u201eNie tylko mieczem broni si\u0119 Ojczyzny, ale tak\u017ce sercem i rozumem.\u201d Dzi\u0119kujemy wszystkim uczniom i nauczycielom za zaanga\u017cowanie oraz obecno\u015b\u0107 podczas tej wa\u017c-nej uroczysto\u015bci. To by\u0142a pi\u0119kna i warto\u015bciowa lekcja historii oraz patriotyzmu.\">\n\t\t\t\t\t\t\t\t\t\t\t\t\t\t\t<img style=\"width:160px;height:120px; border-width: 10px; border-color:#F1F1F1;border: 10px solid #F1F1F1\" alt=\"\" title=\"30 kwietnia 2025 r. w naszej szkole odby\u0142a si\u0119 uroczysta akademia upami\u0119tniaj\u0105ca 234. rocznic\u0119 uchwalenia Konstytucji 3 Maja \u2013 jednego z najwa\u017cniejszych wydarze\u0144 w dziejach Polski. Uczniowie klas 6a i 6b, pod opiek\u0105 Pani Ma\u0142gorzaty Dawidowskiej, przygotowali wyj\u0105tkowe przedstawienie, w kt\u00f3rym przenie\u015bli nas do roku 1791 \u2013 czasu odwa\u017cnych decyzji, spor\u00f3w o przy-sz\u0142o\u015b\u0107 Rzeczypospolitej i narodzin pierwszej w Europie konstytucji. Akademi\u0119 u\u015bwietni\u0142y pi\u0119kne, poruszaj\u0105ce wykonania utwor\u00f3w patriotycznych w wykonaniu: \u2013 Leny Grudzieckiej z klasy 7a \u2013 Zuzanny \u017bmudy z klasy 8a Jednym z przes\u0142a\u0144, kt\u00f3re wybrzmia\u0142y ze sceny, by\u0142y s\u0142owa: \u201eNie tylko mieczem broni si\u0119 Ojczyzny, ale tak\u017ce sercem i rozumem.\u201d Dzi\u0119kujemy wszystkim uczniom i nauczycielom za zaanga\u017cowanie oraz obecno\u015b\u0107 podczas tej wa\u017c-nej uroczysto\u015bci. To by\u0142a pi\u0119kna i warto\u015bciowa lekcja historii oraz patriotyzmu.\" src=\"https:\/\/sp1slupsk.pl\/wp-content\/uploads\/2025\/05\/shared-image-62-160x120.jpg\" rel=\"https:\/\/sp1slupsk.pl\/wp-content\/uploads\/2025\/05\/shared-image-62.jpg\" \/>\n\t\t\t\t\t\t\t\t\t\t\t\t\t\t<\/a>\n\t\t\t\t\t\t\t\t\t\t\t\t\t\t\t\t\t\t\t\t\t\t\t\t\t<\/p>\n\t\t\t\t\t\t\t\t\t\t\t\t\t\t\t\t\t\t\t\t\t\t\t<\/div><!-- .gllr_image_block -->\n\t\t\t\t\t\t\t\t\t\t\t\t\t\t\t\t\t\t\t\t\t<\/div><!-- .gllr_image_row -->\n\t\t\t\t\t\t\t\t\t\t\t\t\t\t\t\t\t\t<\/div><!-- .gallery.clearfix -->\n\t\t\t\t\t\t\t\t\t\t\t\t\t<\/div><!-- .gallery_box_single -->\n\t\t\t\t\t\t<div class=\"gllr_clear\"><\/div>\n\t\t\t\t\t\t\t\t\t<script type=\"text\/javascript\">\n\t\t\t\t\t(function($) {\n\t\t\t\t\t\t$(document).ready( function() {\n\t\t\t\t\t\t\t$( \"a[rel=gallery_fancybox_88790]\" ).fancybox( {\n\t\t\t\t\t\t\t\t'transitionIn'\t\t:\t'elastic',\n\t\t\t\t\t\t\t\t'transitionOut'\t\t:\t'elastic',\n\t\t\t\t\t\t\t\t'titlePosition' \t:\t'inside',\n\t\t\t\t\t\t\t\t'speedIn'\t\t\t:\t500, \n\t\t\t\t\t\t\t\t'speedOut'\t\t\t:\t300,\n\t\t\t\t\t\t\t\t'titleFormat'\t\t:\tfunction( title, currentArray, currentIndex, currentOpts ) {\n\t\t\t\t\t\t\t\t\treturn '<div id=\"fancybox-title-inside\">' + ( title.length ? '<span id=\"bws_gallery_image_title\">' + title + '<\/span><br \/>' : '' ) + '<span id=\"bws_gallery_image_counter\">Image ' + ( currentIndex + 1 ) + ' \/ ' + currentArray.length + '<\/span><\/div>';\n\t\t\t\t\t\t\t\t}\t\t\t\t\t\t\t});\n\t\t\t\t\t\t});\n\t\t\t\t\t})(jQuery);\n\t\t\t\t<\/script>\n\t\t\t\n","protected":false},"excerpt":{"rendered":"<p>30 kwietnia 2025 r. w naszej szkole odby\u0142a si\u0119 uroczysta akademia upami\u0119tniaj\u0105ca 234. rocznic\u0119 uchwalenia Konstytucji 3 Maja \u2013 jednego z najwa\u017cniejszych wydarze\u0144 w dziejach Polski. Uczniowie klas 6a i 6b, pod opiek\u0105 Pani Ma\u0142gorzaty Dawidowskiej, przygotowali wyj\u0105tkowe przedstawienie, w kt\u00f3rym przenie\u015bli nas do roku 1791 \u2013 czasu odwa\u017cnych decyzji, spor\u00f3w o przy-sz\u0142o\u015b\u0107 Rzeczypospolitej i <a href=\"https:\/\/sp1slupsk.pl\/?gallery=akademia-z-okazji-swieta-konstytucji-3-maja\"><b>&#8230;wi\u0119cej<\/b><\/a><\/p>\n","protected":false},"author":1,"featured_media":88812,"comment_status":"closed","ping_status":"closed","sticky":false,"template":"","format":"standard","meta":[],"categories":[22,23],"tags":[],"_links":{"self":[{"href":"https:\/\/sp1slupsk.pl\/index.php?rest_route=\/wp\/v2\/posts\/88788"}],"collection":[{"href":"https:\/\/sp1slupsk.pl\/index.php?rest_route=\/wp\/v2\/posts"}],"about":[{"href":"https:\/\/sp1slupsk.pl\/index.php?rest_route=\/wp\/v2\/types\/post"}],"author":[{"embeddable":true,"href":"https:\/\/sp1slupsk.pl\/index.php?rest_route=\/wp\/v2\/users\/1"}],"replies":[{"embeddable":true,"href":"https:\/\/sp1slupsk.pl\/index.php?rest_route=%2Fwp%2Fv2%2Fcomments&post=88788"}],"version-history":[{"count":3,"href":"https:\/\/sp1slupsk.pl\/index.php?rest_route=\/wp\/v2\/posts\/88788\/revisions"}],"predecessor-version":[{"id":88815,"href":"https:\/\/sp1slupsk.pl\/index.php?rest_route=\/wp\/v2\/posts\/88788\/revisions\/88815"}],"wp:featuredmedia":[{"embeddable":true,"href":"https:\/\/sp1slupsk.pl\/index.php?rest_route=\/wp\/v2\/media\/88812"}],"wp:attachment":[{"href":"https:\/\/sp1slupsk.pl\/index.php?rest_route=%2Fwp%2Fv2%2Fmedia&parent=88788"}],"wp:term":[{"taxonomy":"category","embeddable":true,"href":"https:\/\/sp1slupsk.pl\/index.php?rest_route=%2Fwp%2Fv2%2Fcategories&post=88788"},{"taxonomy":"post_tag","embeddable":true,"href":"https:\/\/sp1slupsk.pl\/index.php?rest_route=%2Fwp%2Fv2%2Ftags&post=88788"}],"curies":[{"name":"wp","href":"https:\/\/api.w.org\/{rel}","templated":true}]}}