{"id":89055,"date":"2025-06-04T07:17:00","date_gmt":"2025-06-04T05:17:00","guid":{"rendered":"http:\/\/sp1slupsk.pl\/?p=89055"},"modified":"2025-06-06T07:32:19","modified_gmt":"2025-06-06T05:32:19","slug":"final-kampanii-z-okazji-miedzynarodowego-dnia-przeciwdzialania-agresji-wobec-dzieci","status":"publish","type":"post","link":"https:\/\/sp1slupsk.pl\/?p=89055","title":{"rendered":"Fina\u0142 kampanii z okazji Mi\u0119dzynarodowego Dnia Przeciwdzia\u0142ania Agresji Wobec Dzieci"},"content":{"rendered":"\n<p>W dniu 4 czerwca odby\u0142 si\u0119 fina\u0142 kampanii z okazji Dnia Przeciwdzia\u0142ania Agresji Wobec Dzieci. Podczas apelu rozstrzygni\u0119to dwa konkursy. Jeden na plakat a drugi na najbardziej b\u0142\u0119kitny str\u00f3j, kt\u00f3ry sta\u0142 si\u0119 symbolem tego dnia. W kategorii plakat w klasach 1-3 wygra\u0142a klasa 3a , nagrod\u0119 pocieszenia otrzyma\u0142a klasa 1b. W klasach 4-8 wygra\u0142a klasa 7a. W kategorii b\u0142\u0119kitnego stroju, w klasach 1-3 zwyci\u0119\u017cy\u0142a zdecydowanie klasa 2b. W klasach 4-8, klasa 5a. Nagrod\u0119 pocieszenia otrzyma\u0142a klasa 4b. Podczas apelu zaprezentowano tak\u017ce kr\u00f3tki film, w kt\u00f3rym bohaterowie, czyli dzieci z naszej szko\u0142y, prezentowa\u0142y wiedz\u0119 na temat agresji i mo\u017cliwo\u015bci pomocy osobom dotkni\u0119tym przemoc\u0105. Kampani\u0119 realizowano od 20 maja. W ramach inicjatywy odbywa\u0142y si\u0119 mi\u0119dzy innymi takie akcje jak: Dzie\u0144 Sportu w klasach 1-3, debata Oksfordzka, powsta\u0142y broszury profilaktyczne dla rodzic\u00f3w i inne niespodzianki. Nie jeste\u015bmy oboj\u0119tni wobec agresji. Dzi\u0119kujemy wszystkim za zaanga\u017cowanie i realizacj\u0119 zada\u0144. Radzie Rodzic\u00f3w dzi\u0119kujemy za zakup upomink\u00f3w i wsparcie w realizacji akcji.<\/p>\n\n\n\n\t\t\t\t\t\t<div class=\"gallery_box_single\">\n\t\t\t\t\t\t\t\t\t\t\t\t\t\t\t<div class=\"gallery clearfix\">\n\t\t\t\t\t\t\t\t\t\t\t\t\t\t\t\t\t\t\t\t<div class=\"gllr_image_row\">\n\t\t\t\t\t\t\t\t\t\t\t\t\t\t\t\t\t\t\t\t\t<div class=\"gllr_image_block\">\n\t\t\t\t\t\t\t\t\t\t\t\t<p style=\"width:180px;height:140px;\">\n\t\t\t\t\t\t\t\t\t\t\t\t\t\t\t\t\t\t\t\t\t\t\t\t\t\t\t<a rel=\"gallery_fancybox_89056\" href=\"https:\/\/sp1slupsk.pl\/wp-content\/uploads\/2025\/06\/1000029800-1024x768.jpg\" title=\"W dniu 4 czerwca odby\u0142 si\u0119 fina\u0142 kampanii z okazji Dnia Przeciwdzia\u0142ania Agresji Wobec Dzieci.\">\n\t\t\t\t\t\t\t\t\t\t\t\t\t\t\t<img style=\"width:160px;height:120px; border-width: 10px; border-color:#F1F1F1;border: 10px solid #F1F1F1\" alt=\"\" title=\"W dniu 4 czerwca odby\u0142 si\u0119 fina\u0142 kampanii z okazji Dnia Przeciwdzia\u0142ania Agresji Wobec Dzieci.\" src=\"https:\/\/sp1slupsk.pl\/wp-content\/uploads\/2025\/06\/1000029800-160x120.jpg\" rel=\"https:\/\/sp1slupsk.pl\/wp-content\/uploads\/2025\/06\/1000029800.jpg\" \/>\n\t\t\t\t\t\t\t\t\t\t\t\t\t\t<\/a>\n\t\t\t\t\t\t\t\t\t\t\t\t\t\t\t\t\t\t\t\t\t\t\t\t\t<\/p>\n\t\t\t\t\t\t\t\t\t\t\t\t\t\t\t\t\t\t\t\t\t\t\t<\/div><!-- .gllr_image_block -->\n\t\t\t\t\t\t\t\t\t\t\t\t\t\t\t\t\t\t\t\t\t<div class=\"gllr_image_block\">\n\t\t\t\t\t\t\t\t\t\t\t\t<p style=\"width:180px;height:140px;\">\n\t\t\t\t\t\t\t\t\t\t\t\t\t\t\t\t\t\t\t\t\t\t\t\t\t\t\t<a rel=\"gallery_fancybox_89056\" href=\"https:\/\/sp1slupsk.pl\/wp-content\/uploads\/2025\/06\/1000029799-1024x768.jpg\" title=\"W dniu 4 czerwca odby\u0142 si\u0119 fina\u0142 kampanii z okazji Dnia Przeciwdzia\u0142ania Agresji Wobec Dzieci.\">\n\t\t\t\t\t\t\t\t\t\t\t\t\t\t\t<img style=\"width:160px;height:120px; border-width: 10px; border-color:#F1F1F1;border: 10px solid #F1F1F1\" alt=\"\" title=\"W dniu 4 czerwca odby\u0142 si\u0119 fina\u0142 kampanii z okazji Dnia Przeciwdzia\u0142ania Agresji Wobec Dzieci.\" src=\"https:\/\/sp1slupsk.pl\/wp-content\/uploads\/2025\/06\/1000029799-160x120.jpg\" rel=\"https:\/\/sp1slupsk.pl\/wp-content\/uploads\/2025\/06\/1000029799.jpg\" \/>\n\t\t\t\t\t\t\t\t\t\t\t\t\t\t<\/a>\n\t\t\t\t\t\t\t\t\t\t\t\t\t\t\t\t\t\t\t\t\t\t\t\t\t<\/p>\n\t\t\t\t\t\t\t\t\t\t\t\t\t\t\t\t\t\t\t\t\t\t\t<\/div><!-- .gllr_image_block -->\n\t\t\t\t\t\t\t\t\t\t\t\t\t\t\t\t\t\t\t\t\t<div class=\"gllr_image_block\">\n\t\t\t\t\t\t\t\t\t\t\t\t<p style=\"width:180px;height:140px;\">\n\t\t\t\t\t\t\t\t\t\t\t\t\t\t\t\t\t\t\t\t\t\t\t\t\t\t\t<a rel=\"gallery_fancybox_89056\" href=\"https:\/\/sp1slupsk.pl\/wp-content\/uploads\/2025\/06\/1000029796-1024x768.jpg\" title=\"W dniu 4 czerwca odby\u0142 si\u0119 fina\u0142 kampanii z okazji Dnia Przeciwdzia\u0142ania Agresji Wobec Dzieci.\">\n\t\t\t\t\t\t\t\t\t\t\t\t\t\t\t<img style=\"width:160px;height:120px; border-width: 10px; border-color:#F1F1F1;border: 10px solid #F1F1F1\" alt=\"\" title=\"W dniu 4 czerwca odby\u0142 si\u0119 fina\u0142 kampanii z okazji Dnia Przeciwdzia\u0142ania Agresji Wobec Dzieci.\" src=\"https:\/\/sp1slupsk.pl\/wp-content\/uploads\/2025\/06\/1000029796-160x120.jpg\" rel=\"https:\/\/sp1slupsk.pl\/wp-content\/uploads\/2025\/06\/1000029796.jpg\" \/>\n\t\t\t\t\t\t\t\t\t\t\t\t\t\t<\/a>\n\t\t\t\t\t\t\t\t\t\t\t\t\t\t\t\t\t\t\t\t\t\t\t\t\t<\/p>\n\t\t\t\t\t\t\t\t\t\t\t\t\t\t\t\t\t\t\t\t\t\t\t<\/div><!-- .gllr_image_block -->\n\t\t\t\t\t\t\t\t\t\t\t\t\t\t\t\t\t\t\t\t\t<\/div><!-- .gllr_image_row -->\n\t\t\t\t\t\t\t\t\t\t\t\t\t\t\t\t\t\t\t\t\t<div class=\"gllr_image_row\">\n\t\t\t\t\t\t\t\t\t\t\t\t\t\t\t\t\t\t\t\t\t<div class=\"gllr_image_block\">\n\t\t\t\t\t\t\t\t\t\t\t\t<p style=\"width:180px;height:140px;\">\n\t\t\t\t\t\t\t\t\t\t\t\t\t\t\t\t\t\t\t\t\t\t\t\t\t\t\t<a rel=\"gallery_fancybox_89056\" href=\"https:\/\/sp1slupsk.pl\/wp-content\/uploads\/2025\/06\/1000029793-1024x768.jpg\" title=\"W dniu 4 czerwca odby\u0142 si\u0119 fina\u0142 kampanii z okazji Dnia Przeciwdzia\u0142ania Agresji Wobec Dzieci.\">\n\t\t\t\t\t\t\t\t\t\t\t\t\t\t\t<img style=\"width:160px;height:120px; border-width: 10px; border-color:#F1F1F1;border: 10px solid #F1F1F1\" alt=\"\" title=\"W dniu 4 czerwca odby\u0142 si\u0119 fina\u0142 kampanii z okazji Dnia Przeciwdzia\u0142ania Agresji Wobec Dzieci.\" src=\"https:\/\/sp1slupsk.pl\/wp-content\/uploads\/2025\/06\/1000029793-160x120.jpg\" rel=\"https:\/\/sp1slupsk.pl\/wp-content\/uploads\/2025\/06\/1000029793.jpg\" \/>\n\t\t\t\t\t\t\t\t\t\t\t\t\t\t<\/a>\n\t\t\t\t\t\t\t\t\t\t\t\t\t\t\t\t\t\t\t\t\t\t\t\t\t<\/p>\n\t\t\t\t\t\t\t\t\t\t\t\t\t\t\t\t\t\t\t\t\t\t\t<\/div><!-- .gllr_image_block -->\n\t\t\t\t\t\t\t\t\t\t\t\t\t\t\t\t\t\t\t\t\t<div class=\"gllr_image_block\">\n\t\t\t\t\t\t\t\t\t\t\t\t<p style=\"width:180px;height:140px;\">\n\t\t\t\t\t\t\t\t\t\t\t\t\t\t\t\t\t\t\t\t\t\t\t\t\t\t\t<a rel=\"gallery_fancybox_89056\" href=\"https:\/\/sp1slupsk.pl\/wp-content\/uploads\/2025\/06\/1000029791-1024x768.jpg\" title=\"W dniu 4 czerwca odby\u0142 si\u0119 fina\u0142 kampanii z okazji Dnia Przeciwdzia\u0142ania Agresji Wobec Dzieci.\">\n\t\t\t\t\t\t\t\t\t\t\t\t\t\t\t<img style=\"width:160px;height:120px; border-width: 10px; border-color:#F1F1F1;border: 10px solid #F1F1F1\" alt=\"\" title=\"W dniu 4 czerwca odby\u0142 si\u0119 fina\u0142 kampanii z okazji Dnia Przeciwdzia\u0142ania Agresji Wobec Dzieci.\" src=\"https:\/\/sp1slupsk.pl\/wp-content\/uploads\/2025\/06\/1000029791-160x120.jpg\" rel=\"https:\/\/sp1slupsk.pl\/wp-content\/uploads\/2025\/06\/1000029791.jpg\" \/>\n\t\t\t\t\t\t\t\t\t\t\t\t\t\t<\/a>\n\t\t\t\t\t\t\t\t\t\t\t\t\t\t\t\t\t\t\t\t\t\t\t\t\t<\/p>\n\t\t\t\t\t\t\t\t\t\t\t\t\t\t\t\t\t\t\t\t\t\t\t<\/div><!-- .gllr_image_block -->\n\t\t\t\t\t\t\t\t\t\t\t\t\t\t\t\t\t\t\t\t\t<div class=\"gllr_image_block\">\n\t\t\t\t\t\t\t\t\t\t\t\t<p style=\"width:180px;height:140px;\">\n\t\t\t\t\t\t\t\t\t\t\t\t\t\t\t\t\t\t\t\t\t\t\t\t\t\t\t<a rel=\"gallery_fancybox_89056\" href=\"https:\/\/sp1slupsk.pl\/wp-content\/uploads\/2025\/06\/1000029789-1024x768.jpg\" title=\"W dniu 4 czerwca odby\u0142 si\u0119 fina\u0142 kampanii z okazji Dnia Przeciwdzia\u0142ania Agresji Wobec Dzieci.\">\n\t\t\t\t\t\t\t\t\t\t\t\t\t\t\t<img style=\"width:160px;height:120px; border-width: 10px; border-color:#F1F1F1;border: 10px solid #F1F1F1\" alt=\"\" title=\"W dniu 4 czerwca odby\u0142 si\u0119 fina\u0142 kampanii z okazji Dnia Przeciwdzia\u0142ania Agresji Wobec Dzieci.\" src=\"https:\/\/sp1slupsk.pl\/wp-content\/uploads\/2025\/06\/1000029789-160x120.jpg\" rel=\"https:\/\/sp1slupsk.pl\/wp-content\/uploads\/2025\/06\/1000029789.jpg\" \/>\n\t\t\t\t\t\t\t\t\t\t\t\t\t\t<\/a>\n\t\t\t\t\t\t\t\t\t\t\t\t\t\t\t\t\t\t\t\t\t\t\t\t\t<\/p>\n\t\t\t\t\t\t\t\t\t\t\t\t\t\t\t\t\t\t\t\t\t\t\t<\/div><!-- .gllr_image_block -->\n\t\t\t\t\t\t\t\t\t\t\t\t\t\t\t\t\t\t\t\t\t<\/div><!-- .gllr_image_row -->\n\t\t\t\t\t\t\t\t\t\t\t\t\t\t\t\t\t\t\t\t\t<div class=\"gllr_image_row\">\n\t\t\t\t\t\t\t\t\t\t\t\t\t\t\t\t\t\t\t\t\t<div class=\"gllr_image_block\">\n\t\t\t\t\t\t\t\t\t\t\t\t<p style=\"width:180px;height:140px;\">\n\t\t\t\t\t\t\t\t\t\t\t\t\t\t\t\t\t\t\t\t\t\t\t\t\t\t\t<a rel=\"gallery_fancybox_89056\" href=\"https:\/\/sp1slupsk.pl\/wp-content\/uploads\/2025\/06\/1000029776-1024x768.jpg\" title=\"W dniu 4 czerwca odby\u0142 si\u0119 fina\u0142 kampanii z okazji Dnia Przeciwdzia\u0142ania Agresji Wobec Dzieci.\">\n\t\t\t\t\t\t\t\t\t\t\t\t\t\t\t<img style=\"width:160px;height:120px; border-width: 10px; border-color:#F1F1F1;border: 10px solid #F1F1F1\" alt=\"\" title=\"W dniu 4 czerwca odby\u0142 si\u0119 fina\u0142 kampanii z okazji Dnia Przeciwdzia\u0142ania Agresji Wobec Dzieci.\" src=\"https:\/\/sp1slupsk.pl\/wp-content\/uploads\/2025\/06\/1000029776-160x120.jpg\" rel=\"https:\/\/sp1slupsk.pl\/wp-content\/uploads\/2025\/06\/1000029776.jpg\" \/>\n\t\t\t\t\t\t\t\t\t\t\t\t\t\t<\/a>\n\t\t\t\t\t\t\t\t\t\t\t\t\t\t\t\t\t\t\t\t\t\t\t\t\t<\/p>\n\t\t\t\t\t\t\t\t\t\t\t\t\t\t\t\t\t\t\t\t\t\t\t<\/div><!-- .gllr_image_block -->\n\t\t\t\t\t\t\t\t\t\t\t\t\t\t\t\t\t\t\t\t\t<div class=\"gllr_image_block\">\n\t\t\t\t\t\t\t\t\t\t\t\t<p style=\"width:180px;height:140px;\">\n\t\t\t\t\t\t\t\t\t\t\t\t\t\t\t\t\t\t\t\t\t\t\t\t\t\t\t<a rel=\"gallery_fancybox_89056\" href=\"https:\/\/sp1slupsk.pl\/wp-content\/uploads\/2025\/06\/1000029779-1024x768.jpg\" title=\"W dniu 4 czerwca odby\u0142 si\u0119 fina\u0142 kampanii z okazji Dnia Przeciwdzia\u0142ania Agresji Wobec Dzieci.\">\n\t\t\t\t\t\t\t\t\t\t\t\t\t\t\t<img style=\"width:160px;height:120px; border-width: 10px; border-color:#F1F1F1;border: 10px solid #F1F1F1\" alt=\"\" title=\"W dniu 4 czerwca odby\u0142 si\u0119 fina\u0142 kampanii z okazji Dnia Przeciwdzia\u0142ania Agresji Wobec Dzieci.\" src=\"https:\/\/sp1slupsk.pl\/wp-content\/uploads\/2025\/06\/1000029779-160x120.jpg\" rel=\"https:\/\/sp1slupsk.pl\/wp-content\/uploads\/2025\/06\/1000029779.jpg\" \/>\n\t\t\t\t\t\t\t\t\t\t\t\t\t\t<\/a>\n\t\t\t\t\t\t\t\t\t\t\t\t\t\t\t\t\t\t\t\t\t\t\t\t\t<\/p>\n\t\t\t\t\t\t\t\t\t\t\t\t\t\t\t\t\t\t\t\t\t\t\t<\/div><!-- .gllr_image_block -->\n\t\t\t\t\t\t\t\t\t\t\t\t\t\t\t\t\t\t\t\t\t<div class=\"gllr_image_block\">\n\t\t\t\t\t\t\t\t\t\t\t\t<p style=\"width:180px;height:140px;\">\n\t\t\t\t\t\t\t\t\t\t\t\t\t\t\t\t\t\t\t\t\t\t\t\t\t\t\t<a rel=\"gallery_fancybox_89056\" href=\"https:\/\/sp1slupsk.pl\/wp-content\/uploads\/2025\/06\/1000029783-1024x768.jpg\" title=\"W dniu 4 czerwca odby\u0142 si\u0119 fina\u0142 kampanii z okazji Dnia Przeciwdzia\u0142ania Agresji Wobec Dzieci.\">\n\t\t\t\t\t\t\t\t\t\t\t\t\t\t\t<img style=\"width:160px;height:120px; border-width: 10px; border-color:#F1F1F1;border: 10px solid #F1F1F1\" alt=\"\" title=\"W dniu 4 czerwca odby\u0142 si\u0119 fina\u0142 kampanii z okazji Dnia Przeciwdzia\u0142ania Agresji Wobec Dzieci.\" src=\"https:\/\/sp1slupsk.pl\/wp-content\/uploads\/2025\/06\/1000029783-160x120.jpg\" rel=\"https:\/\/sp1slupsk.pl\/wp-content\/uploads\/2025\/06\/1000029783.jpg\" \/>\n\t\t\t\t\t\t\t\t\t\t\t\t\t\t<\/a>\n\t\t\t\t\t\t\t\t\t\t\t\t\t\t\t\t\t\t\t\t\t\t\t\t\t<\/p>\n\t\t\t\t\t\t\t\t\t\t\t\t\t\t\t\t\t\t\t\t\t\t\t<\/div><!-- .gllr_image_block -->\n\t\t\t\t\t\t\t\t\t\t\t\t\t\t\t\t\t\t\t\t\t<\/div><!-- .gllr_image_row -->\n\t\t\t\t\t\t\t\t\t\t\t\t\t\t\t\t\t\t\t\t\t<div class=\"gllr_image_row\">\n\t\t\t\t\t\t\t\t\t\t\t\t\t\t\t\t\t\t\t\t\t<div class=\"gllr_image_block\">\n\t\t\t\t\t\t\t\t\t\t\t\t<p style=\"width:180px;height:140px;\">\n\t\t\t\t\t\t\t\t\t\t\t\t\t\t\t\t\t\t\t\t\t\t\t\t\t\t\t<a rel=\"gallery_fancybox_89056\" href=\"https:\/\/sp1slupsk.pl\/wp-content\/uploads\/2025\/06\/1000029768-1024x768.jpg\" title=\"W dniu 4 czerwca odby\u0142 si\u0119 fina\u0142 kampanii z okazji Dnia Przeciwdzia\u0142ania Agresji Wobec Dzieci.\">\n\t\t\t\t\t\t\t\t\t\t\t\t\t\t\t<img style=\"width:160px;height:120px; border-width: 10px; border-color:#F1F1F1;border: 10px solid #F1F1F1\" alt=\"\" title=\"W dniu 4 czerwca odby\u0142 si\u0119 fina\u0142 kampanii z okazji Dnia Przeciwdzia\u0142ania Agresji Wobec Dzieci.\" src=\"https:\/\/sp1slupsk.pl\/wp-content\/uploads\/2025\/06\/1000029768-160x120.jpg\" rel=\"https:\/\/sp1slupsk.pl\/wp-content\/uploads\/2025\/06\/1000029768.jpg\" \/>\n\t\t\t\t\t\t\t\t\t\t\t\t\t\t<\/a>\n\t\t\t\t\t\t\t\t\t\t\t\t\t\t\t\t\t\t\t\t\t\t\t\t\t<\/p>\n\t\t\t\t\t\t\t\t\t\t\t\t\t\t\t\t\t\t\t\t\t\t\t<\/div><!-- .gllr_image_block -->\n\t\t\t\t\t\t\t\t\t\t\t\t\t\t\t\t\t\t\t\t\t<div class=\"gllr_image_block\">\n\t\t\t\t\t\t\t\t\t\t\t\t<p style=\"width:180px;height:140px;\">\n\t\t\t\t\t\t\t\t\t\t\t\t\t\t\t\t\t\t\t\t\t\t\t\t\t\t\t<a rel=\"gallery_fancybox_89056\" href=\"https:\/\/sp1slupsk.pl\/wp-content\/uploads\/2025\/06\/1000029766-1024x768.jpg\" title=\"W dniu 4 czerwca odby\u0142 si\u0119 fina\u0142 kampanii z okazji Dnia Przeciwdzia\u0142ania Agresji Wobec Dzieci.\">\n\t\t\t\t\t\t\t\t\t\t\t\t\t\t\t<img style=\"width:160px;height:120px; border-width: 10px; border-color:#F1F1F1;border: 10px solid #F1F1F1\" alt=\"\" title=\"W dniu 4 czerwca odby\u0142 si\u0119 fina\u0142 kampanii z okazji Dnia Przeciwdzia\u0142ania Agresji Wobec Dzieci.\" src=\"https:\/\/sp1slupsk.pl\/wp-content\/uploads\/2025\/06\/1000029766-160x120.jpg\" rel=\"https:\/\/sp1slupsk.pl\/wp-content\/uploads\/2025\/06\/1000029766.jpg\" \/>\n\t\t\t\t\t\t\t\t\t\t\t\t\t\t<\/a>\n\t\t\t\t\t\t\t\t\t\t\t\t\t\t\t\t\t\t\t\t\t\t\t\t\t<\/p>\n\t\t\t\t\t\t\t\t\t\t\t\t\t\t\t\t\t\t\t\t\t\t\t<\/div><!-- .gllr_image_block -->\n\t\t\t\t\t\t\t\t\t\t\t\t\t\t\t\t\t\t\t\t\t<div class=\"gllr_image_block\">\n\t\t\t\t\t\t\t\t\t\t\t\t<p style=\"width:180px;height:140px;\">\n\t\t\t\t\t\t\t\t\t\t\t\t\t\t\t\t\t\t\t\t\t\t\t\t\t\t\t<a rel=\"gallery_fancybox_89056\" href=\"https:\/\/sp1slupsk.pl\/wp-content\/uploads\/2025\/06\/1000029754-1024x768.jpg\" title=\"W dniu 4 czerwca odby\u0142 si\u0119 fina\u0142 kampanii z okazji Dnia Przeciwdzia\u0142ania Agresji Wobec Dzieci.\">\n\t\t\t\t\t\t\t\t\t\t\t\t\t\t\t<img style=\"width:160px;height:120px; border-width: 10px; border-color:#F1F1F1;border: 10px solid #F1F1F1\" alt=\"\" title=\"W dniu 4 czerwca odby\u0142 si\u0119 fina\u0142 kampanii z okazji Dnia Przeciwdzia\u0142ania Agresji Wobec Dzieci.\" src=\"https:\/\/sp1slupsk.pl\/wp-content\/uploads\/2025\/06\/1000029754-160x120.jpg\" rel=\"https:\/\/sp1slupsk.pl\/wp-content\/uploads\/2025\/06\/1000029754.jpg\" \/>\n\t\t\t\t\t\t\t\t\t\t\t\t\t\t<\/a>\n\t\t\t\t\t\t\t\t\t\t\t\t\t\t\t\t\t\t\t\t\t\t\t\t\t<\/p>\n\t\t\t\t\t\t\t\t\t\t\t\t\t\t\t\t\t\t\t\t\t\t\t<\/div><!-- .gllr_image_block -->\n\t\t\t\t\t\t\t\t\t\t\t\t\t\t\t\t\t\t\t\t\t<\/div><!-- .gllr_image_row -->\n\t\t\t\t\t\t\t\t\t\t\t\t\t\t\t\t\t\t\t\t\t<div class=\"gllr_image_row\">\n\t\t\t\t\t\t\t\t\t\t\t\t\t\t\t\t\t\t\t\t\t<div class=\"gllr_image_block\">\n\t\t\t\t\t\t\t\t\t\t\t\t<p style=\"width:180px;height:140px;\">\n\t\t\t\t\t\t\t\t\t\t\t\t\t\t\t\t\t\t\t\t\t\t\t\t\t\t\t<a rel=\"gallery_fancybox_89056\" href=\"https:\/\/sp1slupsk.pl\/wp-content\/uploads\/2025\/06\/1000029752-1024x768.jpg\" title=\"W dniu 4 czerwca odby\u0142 si\u0119 fina\u0142 kampanii z okazji Dnia Przeciwdzia\u0142ania Agresji Wobec Dzieci.\">\n\t\t\t\t\t\t\t\t\t\t\t\t\t\t\t<img style=\"width:160px;height:120px; border-width: 10px; border-color:#F1F1F1;border: 10px solid #F1F1F1\" alt=\"\" title=\"W dniu 4 czerwca odby\u0142 si\u0119 fina\u0142 kampanii z okazji Dnia Przeciwdzia\u0142ania Agresji Wobec Dzieci.\" src=\"https:\/\/sp1slupsk.pl\/wp-content\/uploads\/2025\/06\/1000029752-160x120.jpg\" rel=\"https:\/\/sp1slupsk.pl\/wp-content\/uploads\/2025\/06\/1000029752.jpg\" \/>\n\t\t\t\t\t\t\t\t\t\t\t\t\t\t<\/a>\n\t\t\t\t\t\t\t\t\t\t\t\t\t\t\t\t\t\t\t\t\t\t\t\t\t<\/p>\n\t\t\t\t\t\t\t\t\t\t\t\t\t\t\t\t\t\t\t\t\t\t\t<\/div><!-- .gllr_image_block -->\n\t\t\t\t\t\t\t\t\t\t\t\t\t\t\t\t\t\t\t\t\t<div class=\"gllr_image_block\">\n\t\t\t\t\t\t\t\t\t\t\t\t<p style=\"width:180px;height:140px;\">\n\t\t\t\t\t\t\t\t\t\t\t\t\t\t\t\t\t\t\t\t\t\t\t\t\t\t\t<a rel=\"gallery_fancybox_89056\" href=\"https:\/\/sp1slupsk.pl\/wp-content\/uploads\/2025\/06\/1000029763-1024x768.jpg\" title=\"W dniu 4 czerwca odby\u0142 si\u0119 fina\u0142 kampanii z okazji Dnia Przeciwdzia\u0142ania Agresji Wobec Dzieci.\">\n\t\t\t\t\t\t\t\t\t\t\t\t\t\t\t<img style=\"width:160px;height:120px; border-width: 10px; border-color:#F1F1F1;border: 10px solid #F1F1F1\" alt=\"\" title=\"W dniu 4 czerwca odby\u0142 si\u0119 fina\u0142 kampanii z okazji Dnia Przeciwdzia\u0142ania Agresji Wobec Dzieci.\" src=\"https:\/\/sp1slupsk.pl\/wp-content\/uploads\/2025\/06\/1000029763-160x120.jpg\" rel=\"https:\/\/sp1slupsk.pl\/wp-content\/uploads\/2025\/06\/1000029763.jpg\" \/>\n\t\t\t\t\t\t\t\t\t\t\t\t\t\t<\/a>\n\t\t\t\t\t\t\t\t\t\t\t\t\t\t\t\t\t\t\t\t\t\t\t\t\t<\/p>\n\t\t\t\t\t\t\t\t\t\t\t\t\t\t\t\t\t\t\t\t\t\t\t<\/div><!-- .gllr_image_block -->\n\t\t\t\t\t\t\t\t\t\t\t\t\t\t\t\t\t\t\t\t\t<div class=\"gllr_image_block\">\n\t\t\t\t\t\t\t\t\t\t\t\t<p style=\"width:180px;height:140px;\">\n\t\t\t\t\t\t\t\t\t\t\t\t\t\t\t\t\t\t\t\t\t\t\t\t\t\t\t<a rel=\"gallery_fancybox_89056\" href=\"https:\/\/sp1slupsk.pl\/wp-content\/uploads\/2025\/06\/1000029749-1024x768.jpg\" title=\"W dniu 4 czerwca odby\u0142 si\u0119 fina\u0142 kampanii z okazji Dnia Przeciwdzia\u0142ania Agresji Wobec Dzieci.\">\n\t\t\t\t\t\t\t\t\t\t\t\t\t\t\t<img style=\"width:160px;height:120px; border-width: 10px; border-color:#F1F1F1;border: 10px solid #F1F1F1\" alt=\"\" title=\"W dniu 4 czerwca odby\u0142 si\u0119 fina\u0142 kampanii z okazji Dnia Przeciwdzia\u0142ania Agresji Wobec Dzieci.\" src=\"https:\/\/sp1slupsk.pl\/wp-content\/uploads\/2025\/06\/1000029749-160x120.jpg\" rel=\"https:\/\/sp1slupsk.pl\/wp-content\/uploads\/2025\/06\/1000029749.jpg\" \/>\n\t\t\t\t\t\t\t\t\t\t\t\t\t\t<\/a>\n\t\t\t\t\t\t\t\t\t\t\t\t\t\t\t\t\t\t\t\t\t\t\t\t\t<\/p>\n\t\t\t\t\t\t\t\t\t\t\t\t\t\t\t\t\t\t\t\t\t\t\t<\/div><!-- .gllr_image_block -->\n\t\t\t\t\t\t\t\t\t\t\t\t\t\t\t\t\t\t\t\t\t<\/div><!-- .gllr_image_row -->\n\t\t\t\t\t\t\t\t\t\t\t\t\t\t\t\t\t\t\t\t\t<div class=\"gllr_image_row\">\n\t\t\t\t\t\t\t\t\t\t\t\t\t\t\t\t\t\t\t\t\t<div class=\"gllr_image_block\">\n\t\t\t\t\t\t\t\t\t\t\t\t<p style=\"width:180px;height:140px;\">\n\t\t\t\t\t\t\t\t\t\t\t\t\t\t\t\t\t\t\t\t\t\t\t\t\t\t\t<a rel=\"gallery_fancybox_89056\" href=\"https:\/\/sp1slupsk.pl\/wp-content\/uploads\/2025\/06\/1000029685-1024x768.jpg\" title=\"W dniu 4 czerwca odby\u0142 si\u0119 fina\u0142 kampanii z okazji Dnia Przeciwdzia\u0142ania Agresji Wobec Dzieci.\">\n\t\t\t\t\t\t\t\t\t\t\t\t\t\t\t<img style=\"width:160px;height:120px; border-width: 10px; border-color:#F1F1F1;border: 10px solid #F1F1F1\" alt=\"\" title=\"W dniu 4 czerwca odby\u0142 si\u0119 fina\u0142 kampanii z okazji Dnia Przeciwdzia\u0142ania Agresji Wobec Dzieci.\" src=\"https:\/\/sp1slupsk.pl\/wp-content\/uploads\/2025\/06\/1000029685-160x120.jpg\" rel=\"https:\/\/sp1slupsk.pl\/wp-content\/uploads\/2025\/06\/1000029685.jpg\" \/>\n\t\t\t\t\t\t\t\t\t\t\t\t\t\t<\/a>\n\t\t\t\t\t\t\t\t\t\t\t\t\t\t\t\t\t\t\t\t\t\t\t\t\t<\/p>\n\t\t\t\t\t\t\t\t\t\t\t\t\t\t\t\t\t\t\t\t\t\t\t<\/div><!-- .gllr_image_block -->\n\t\t\t\t\t\t\t\t\t\t\t\t\t\t\t\t\t\t\t\t\t<div class=\"gllr_image_block\">\n\t\t\t\t\t\t\t\t\t\t\t\t<p style=\"width:180px;height:140px;\">\n\t\t\t\t\t\t\t\t\t\t\t\t\t\t\t\t\t\t\t\t\t\t\t\t\t\t\t<a rel=\"gallery_fancybox_89056\" href=\"https:\/\/sp1slupsk.pl\/wp-content\/uploads\/2025\/06\/75d3e87b-19f9-44e3-bcef-7d64b44872f4-1_all_20057-1024x768.jpg\" title=\"W dniu 4 czerwca odby\u0142 si\u0119 fina\u0142 kampanii z okazji Dnia Przeciwdzia\u0142ania Agresji Wobec Dzieci.\">\n\t\t\t\t\t\t\t\t\t\t\t\t\t\t\t<img style=\"width:160px;height:120px; border-width: 10px; border-color:#F1F1F1;border: 10px solid #F1F1F1\" alt=\"\" title=\"W dniu 4 czerwca odby\u0142 si\u0119 fina\u0142 kampanii z okazji Dnia Przeciwdzia\u0142ania Agresji Wobec Dzieci.\" src=\"https:\/\/sp1slupsk.pl\/wp-content\/uploads\/2025\/06\/75d3e87b-19f9-44e3-bcef-7d64b44872f4-1_all_20057-160x120.jpg\" rel=\"https:\/\/sp1slupsk.pl\/wp-content\/uploads\/2025\/06\/75d3e87b-19f9-44e3-bcef-7d64b44872f4-1_all_20057.jpg\" \/>\n\t\t\t\t\t\t\t\t\t\t\t\t\t\t<\/a>\n\t\t\t\t\t\t\t\t\t\t\t\t\t\t\t\t\t\t\t\t\t\t\t\t\t<\/p>\n\t\t\t\t\t\t\t\t\t\t\t\t\t\t\t\t\t\t\t\t\t\t\t<\/div><!-- .gllr_image_block -->\n\t\t\t\t\t\t\t\t\t\t\t\t\t\t\t\t\t\t\t\t\t<div class=\"gllr_image_block\">\n\t\t\t\t\t\t\t\t\t\t\t\t<p style=\"width:180px;height:140px;\">\n\t\t\t\t\t\t\t\t\t\t\t\t\t\t\t\t\t\t\t\t\t\t\t\t\t\t\t<a rel=\"gallery_fancybox_89056\" href=\"https:\/\/sp1slupsk.pl\/wp-content\/uploads\/2025\/06\/75d3e87b-19f9-44e3-bcef-7d64b44872f4-1_all_20067-1024x768.jpg\" title=\"W dniu 4 czerwca odby\u0142 si\u0119 fina\u0142 kampanii z okazji Dnia Przeciwdzia\u0142ania Agresji Wobec Dzieci.\">\n\t\t\t\t\t\t\t\t\t\t\t\t\t\t\t<img style=\"width:160px;height:120px; border-width: 10px; border-color:#F1F1F1;border: 10px solid #F1F1F1\" alt=\"\" title=\"W dniu 4 czerwca odby\u0142 si\u0119 fina\u0142 kampanii z okazji Dnia Przeciwdzia\u0142ania Agresji Wobec Dzieci.\" src=\"https:\/\/sp1slupsk.pl\/wp-content\/uploads\/2025\/06\/75d3e87b-19f9-44e3-bcef-7d64b44872f4-1_all_20067-160x120.jpg\" rel=\"https:\/\/sp1slupsk.pl\/wp-content\/uploads\/2025\/06\/75d3e87b-19f9-44e3-bcef-7d64b44872f4-1_all_20067.jpg\" \/>\n\t\t\t\t\t\t\t\t\t\t\t\t\t\t<\/a>\n\t\t\t\t\t\t\t\t\t\t\t\t\t\t\t\t\t\t\t\t\t\t\t\t\t<\/p>\n\t\t\t\t\t\t\t\t\t\t\t\t\t\t\t\t\t\t\t\t\t\t\t<\/div><!-- .gllr_image_block -->\n\t\t\t\t\t\t\t\t\t\t\t\t\t\t\t\t\t\t\t\t\t<\/div><!-- .gllr_image_row -->\n\t\t\t\t\t\t\t\t\t\t\t\t\t\t\t\t\t\t\t\t\t<div class=\"gllr_image_row\">\n\t\t\t\t\t\t\t\t\t\t\t\t\t\t\t\t\t\t\t\t\t<div class=\"gllr_image_block\">\n\t\t\t\t\t\t\t\t\t\t\t\t<p style=\"width:180px;height:140px;\">\n\t\t\t\t\t\t\t\t\t\t\t\t\t\t\t\t\t\t\t\t\t\t\t\t\t\t\t<a rel=\"gallery_fancybox_89056\" href=\"https:\/\/sp1slupsk.pl\/wp-content\/uploads\/2025\/06\/75d3e87b-19f9-44e3-bcef-7d64b44872f4-1_all_20064-1024x768.jpg\" title=\"W dniu 4 czerwca odby\u0142 si\u0119 fina\u0142 kampanii z okazji Dnia Przeciwdzia\u0142ania Agresji Wobec Dzieci.\">\n\t\t\t\t\t\t\t\t\t\t\t\t\t\t\t<img style=\"width:160px;height:120px; border-width: 10px; border-color:#F1F1F1;border: 10px solid #F1F1F1\" alt=\"\" title=\"W dniu 4 czerwca odby\u0142 si\u0119 fina\u0142 kampanii z okazji Dnia Przeciwdzia\u0142ania Agresji Wobec Dzieci.\" src=\"https:\/\/sp1slupsk.pl\/wp-content\/uploads\/2025\/06\/75d3e87b-19f9-44e3-bcef-7d64b44872f4-1_all_20064-160x120.jpg\" rel=\"https:\/\/sp1slupsk.pl\/wp-content\/uploads\/2025\/06\/75d3e87b-19f9-44e3-bcef-7d64b44872f4-1_all_20064.jpg\" \/>\n\t\t\t\t\t\t\t\t\t\t\t\t\t\t<\/a>\n\t\t\t\t\t\t\t\t\t\t\t\t\t\t\t\t\t\t\t\t\t\t\t\t\t<\/p>\n\t\t\t\t\t\t\t\t\t\t\t\t\t\t\t\t\t\t\t\t\t\t\t<\/div><!-- .gllr_image_block -->\n\t\t\t\t\t\t\t\t\t\t\t\t\t\t\t\t\t\t\t\t\t<div class=\"gllr_image_block\">\n\t\t\t\t\t\t\t\t\t\t\t\t<p style=\"width:180px;height:140px;\">\n\t\t\t\t\t\t\t\t\t\t\t\t\t\t\t\t\t\t\t\t\t\t\t\t\t\t\t<a rel=\"gallery_fancybox_89056\" href=\"https:\/\/sp1slupsk.pl\/wp-content\/uploads\/2025\/06\/75d3e87b-19f9-44e3-bcef-7d64b44872f4-1_all_20060-1024x768.jpg\" title=\"W dniu 4 czerwca odby\u0142 si\u0119 fina\u0142 kampanii z okazji Dnia Przeciwdzia\u0142ania Agresji Wobec Dzieci.\">\n\t\t\t\t\t\t\t\t\t\t\t\t\t\t\t<img style=\"width:160px;height:120px; border-width: 10px; border-color:#F1F1F1;border: 10px solid #F1F1F1\" alt=\"\" title=\"W dniu 4 czerwca odby\u0142 si\u0119 fina\u0142 kampanii z okazji Dnia Przeciwdzia\u0142ania Agresji Wobec Dzieci.\" src=\"https:\/\/sp1slupsk.pl\/wp-content\/uploads\/2025\/06\/75d3e87b-19f9-44e3-bcef-7d64b44872f4-1_all_20060-160x120.jpg\" rel=\"https:\/\/sp1slupsk.pl\/wp-content\/uploads\/2025\/06\/75d3e87b-19f9-44e3-bcef-7d64b44872f4-1_all_20060.jpg\" \/>\n\t\t\t\t\t\t\t\t\t\t\t\t\t\t<\/a>\n\t\t\t\t\t\t\t\t\t\t\t\t\t\t\t\t\t\t\t\t\t\t\t\t\t<\/p>\n\t\t\t\t\t\t\t\t\t\t\t\t\t\t\t\t\t\t\t\t\t\t\t<\/div><!-- .gllr_image_block -->\n\t\t\t\t\t\t\t\t\t\t\t\t\t\t\t\t\t\t\t\t\t<div class=\"gllr_image_block\">\n\t\t\t\t\t\t\t\t\t\t\t\t<p style=\"width:180px;height:140px;\">\n\t\t\t\t\t\t\t\t\t\t\t\t\t\t\t\t\t\t\t\t\t\t\t\t\t\t\t<a rel=\"gallery_fancybox_89056\" href=\"https:\/\/sp1slupsk.pl\/wp-content\/uploads\/2025\/06\/1000029682-768x1024.jpg\" title=\"W dniu 4 czerwca odby\u0142 si\u0119 fina\u0142 kampanii z okazji Dnia Przeciwdzia\u0142ania Agresji Wobec Dzieci.\">\n\t\t\t\t\t\t\t\t\t\t\t\t\t\t\t<img style=\"width:160px;height:120px; border-width: 10px; border-color:#F1F1F1;border: 10px solid #F1F1F1\" alt=\"\" title=\"W dniu 4 czerwca odby\u0142 si\u0119 fina\u0142 kampanii z okazji Dnia Przeciwdzia\u0142ania Agresji Wobec Dzieci.\" src=\"https:\/\/sp1slupsk.pl\/wp-content\/uploads\/2025\/06\/1000029682-160x120.jpg\" rel=\"https:\/\/sp1slupsk.pl\/wp-content\/uploads\/2025\/06\/1000029682.jpg\" \/>\n\t\t\t\t\t\t\t\t\t\t\t\t\t\t<\/a>\n\t\t\t\t\t\t\t\t\t\t\t\t\t\t\t\t\t\t\t\t\t\t\t\t\t<\/p>\n\t\t\t\t\t\t\t\t\t\t\t\t\t\t\t\t\t\t\t\t\t\t\t<\/div><!-- .gllr_image_block -->\n\t\t\t\t\t\t\t\t\t\t\t\t\t\t\t\t\t\t\t\t\t<\/div><!-- .gllr_image_row -->\n\t\t\t\t\t\t\t\t\t\t\t\t\t\t\t\t\t\t<\/div><!-- .gallery.clearfix -->\n\t\t\t\t\t\t\t\t\t\t\t\t\t<\/div><!-- .gallery_box_single -->\n\t\t\t\t\t\t<div class=\"gllr_clear\"><\/div>\n\t\t\t\t\t\t\t\t\t<script type=\"text\/javascript\">\n\t\t\t\t\t(function($) {\n\t\t\t\t\t\t$(document).ready( function() {\n\t\t\t\t\t\t\t$( \"a[rel=gallery_fancybox_89056]\" ).fancybox( {\n\t\t\t\t\t\t\t\t'transitionIn'\t\t:\t'elastic',\n\t\t\t\t\t\t\t\t'transitionOut'\t\t:\t'elastic',\n\t\t\t\t\t\t\t\t'titlePosition' \t:\t'inside',\n\t\t\t\t\t\t\t\t'speedIn'\t\t\t:\t500, \n\t\t\t\t\t\t\t\t'speedOut'\t\t\t:\t300,\n\t\t\t\t\t\t\t\t'titleFormat'\t\t:\tfunction( title, currentArray, currentIndex, currentOpts ) {\n\t\t\t\t\t\t\t\t\treturn '<div id=\"fancybox-title-inside\">' + ( title.length ? '<span id=\"bws_gallery_image_title\">' + title + '<\/span><br \/>' : '' ) + '<span id=\"bws_gallery_image_counter\">Image ' + ( currentIndex + 1 ) + ' \/ ' + currentArray.length + '<\/span><\/div>';\n\t\t\t\t\t\t\t\t}\t\t\t\t\t\t\t});\n\t\t\t\t\t\t});\n\t\t\t\t\t})(jQuery);\n\t\t\t\t<\/script>\n\t\t\t\n","protected":false},"excerpt":{"rendered":"<p>W dniu 4 czerwca odby\u0142 si\u0119 fina\u0142 kampanii z okazji Dnia Przeciwdzia\u0142ania Agresji Wobec Dzieci. Podczas apelu rozstrzygni\u0119to dwa konkursy. Jeden na plakat a drugi na najbardziej b\u0142\u0119kitny str\u00f3j, kt\u00f3ry sta\u0142 si\u0119 symbolem tego dnia. W kategorii plakat w klasach 1-3 wygra\u0142a klasa 3a , nagrod\u0119 pocieszenia otrzyma\u0142a klasa 1b. W klasach 4-8 wygra\u0142a klasa <a href=\"https:\/\/sp1slupsk.pl\/?gallery=kampania-przeciwdzialania-agresji\"><b>&#8230;wi\u0119cej<\/b><\/a><\/p>\n","protected":false},"author":1,"featured_media":89062,"comment_status":"closed","ping_status":"closed","sticky":false,"template":"","format":"standard","meta":[],"categories":[22,23],"tags":[],"_links":{"self":[{"href":"https:\/\/sp1slupsk.pl\/index.php?rest_route=\/wp\/v2\/posts\/89055"}],"collection":[{"href":"https:\/\/sp1slupsk.pl\/index.php?rest_route=\/wp\/v2\/posts"}],"about":[{"href":"https:\/\/sp1slupsk.pl\/index.php?rest_route=\/wp\/v2\/types\/post"}],"author":[{"embeddable":true,"href":"https:\/\/sp1slupsk.pl\/index.php?rest_route=\/wp\/v2\/users\/1"}],"replies":[{"embeddable":true,"href":"https:\/\/sp1slupsk.pl\/index.php?rest_route=%2Fwp%2Fv2%2Fcomments&post=89055"}],"version-history":[{"count":1,"href":"https:\/\/sp1slupsk.pl\/index.php?rest_route=\/wp\/v2\/posts\/89055\/revisions"}],"predecessor-version":[{"id":89080,"href":"https:\/\/sp1slupsk.pl\/index.php?rest_route=\/wp\/v2\/posts\/89055\/revisions\/89080"}],"wp:featuredmedia":[{"embeddable":true,"href":"https:\/\/sp1slupsk.pl\/index.php?rest_route=\/wp\/v2\/media\/89062"}],"wp:attachment":[{"href":"https:\/\/sp1slupsk.pl\/index.php?rest_route=%2Fwp%2Fv2%2Fmedia&parent=89055"}],"wp:term":[{"taxonomy":"category","embeddable":true,"href":"https:\/\/sp1slupsk.pl\/index.php?rest_route=%2Fwp%2Fv2%2Fcategories&post=89055"},{"taxonomy":"post_tag","embeddable":true,"href":"https:\/\/sp1slupsk.pl\/index.php?rest_route=%2Fwp%2Fv2%2Ftags&post=89055"}],"curies":[{"name":"wp","href":"https:\/\/api.w.org\/{rel}","templated":true}]}}