{"id":89719,"date":"2025-10-12T15:15:39","date_gmt":"2025-10-12T13:15:39","guid":{"rendered":"http:\/\/sp1slupsk.pl\/?p=89719"},"modified":"2025-10-12T15:17:24","modified_gmt":"2025-10-12T13:17:24","slug":"ogolnopolski-program-canva-na-caly-rok-szkolny","status":"publish","type":"post","link":"https:\/\/sp1slupsk.pl\/?p=89719","title":{"rendered":"Og\u00f3lnopolski program \u201eCanva na ca\u0142y rok szkolny\u201d"},"content":{"rendered":"\n<p><img loading=\"lazy\" height=\"16\" width=\"16\" alt=\"\ud83c\udf89\" src=\"https:\/\/static.xx.fbcdn.net\/images\/emoji.php\/v9\/t8c\/1\/16\/1f389.png\"> Do\u0142\u0105czamy do og\u00f3lnopolskiego programu \u201eCanva na ca\u0142y rok szkolny\u201d! <img loading=\"lazy\" height=\"16\" width=\"16\" alt=\"\ud83c\udfa8\" src=\"https:\/\/static.xx.fbcdn.net\/images\/emoji.php\/v9\/t82\/1\/16\/1f3a8.png\"><img loading=\"lazy\" height=\"16\" width=\"16\" alt=\"\ud83d\udcbb\" src=\"https:\/\/static.xx.fbcdn.net\/images\/emoji.php\/v9\/t8c\/1\/16\/1f4bb.png\"><\/p>\n\n\n\n<p>Nasza szko\u0142a w\u0142a\u015bnie rozpocz\u0119\u0142a kreatywn\u0105 przygod\u0119 z Canva Education \u2013 platform\u0105, kt\u00f3ra pozwala uczniom i nauczycielom tworzy\u0107 nowoczesne, estetyczne i inspiruj\u0105ce materia\u0142y edukacyjne.<\/p>\n\n\n\n<p>Dlaczego warto?<br><img loading=\"lazy\" height=\"16\" width=\"16\" alt=\"\u2705\" src=\"https:\/\/static.xx.fbcdn.net\/images\/emoji.php\/v9\/t33\/1\/16\/2705.png\"> Rozwijamy kreatywno\u015b\u0107<br><img loading=\"lazy\" height=\"16\" width=\"16\" alt=\"\u2705\" src=\"https:\/\/static.xx.fbcdn.net\/images\/emoji.php\/v9\/t33\/1\/16\/2705.png\"> Uczymy si\u0119 projektowania graficznego<br><img loading=\"lazy\" height=\"16\" width=\"16\" alt=\"\u2705\" src=\"https:\/\/static.xx.fbcdn.net\/images\/emoji.php\/v9\/t33\/1\/16\/2705.png\"> Tworzymy anga\u017cuj\u0105ce tre\u015bci edukacyjne<br><img loading=\"lazy\" height=\"16\" width=\"16\" alt=\"\u2705\" src=\"https:\/\/static.xx.fbcdn.net\/images\/emoji.php\/v9\/t33\/1\/16\/2705.png\"> Wspieramy kompetencje cyfrowe<\/p>\n\n\n\n<p><img loading=\"lazy\" height=\"16\" width=\"16\" alt=\"\ud83d\udccc\" src=\"https:\/\/static.xx.fbcdn.net\/images\/emoji.php\/v9\/tac\/1\/16\/1f4cc.png\"> To nie tylko narz\u0119dzie \u2013 to przestrze\u0144 do tw\u00f3rczego dzia\u0142ania i wsp\u00f3\u0142pracy!<\/p>\n\n\n\n<p><span class=\"has-inline-color has-black-color\">\u00a0<a rel=\"noreferrer noopener\" href=\"https:\/\/www.facebook.com\/groups\/423681460729108\/\" target=\"_blank\"><em>Og\u00f3lnopolski projekt &#8222;Canva na ca\u0142y rok szkolny<\/em><\/a><\/span><\/p>\n\n\n\n<p><em><span class=\"has-inline-color has-black-color\"><a href=\"https:\/\/www.facebook.com\/hashtag\/canvanaca%C5%82yrokszkolny?__cft__[0]=AZVRhK0j0gKRnuXND4Ah4zzDLsf6vg-8ldqEzFf1044MdOPQCYVwaANHxj6atmnrx8cF2oxco-_dtlEV0k2sui1YLrpzGElq1GOt_pH-dnONEEwQVeaVqgMy11NL91wYJZe1gmXqK8eQyKbCcXl0QbMSYXVWeBDaaka-G69m54-XQD8jfjufF3a0-wp2ki19R18&amp;__tn__=*NK-R\">#CanvaNaCa\u0142yRokSzkolny<\/a> <a href=\"https:\/\/www.facebook.com\/hashtag\/canva?__cft__[0]=AZVRhK0j0gKRnuXND4Ah4zzDLsf6vg-8ldqEzFf1044MdOPQCYVwaANHxj6atmnrx8cF2oxco-_dtlEV0k2sui1YLrpzGElq1GOt_pH-dnONEEwQVeaVqgMy11NL91wYJZe1gmXqK8eQyKbCcXl0QbMSYXVWeBDaaka-G69m54-XQD8jfjufF3a0-wp2ki19R18&amp;__tn__=*NK-R\">#canva<\/a>#styczni <a href=\"https:\/\/www.facebook.com\/hashtag\/canvaeducation?__cft__[0]=AZVRhK0j0gKRnuXND4Ah4zzDLsf6vg-8ldqEzFf1044MdOPQCYVwaANHxj6atmnrx8cF2oxco-_dtlEV0k2sui1YLrpzGElq1GOt_pH-dnONEEwQVeaVqgMy11NL91wYJZe1gmXqK8eQyKbCcXl0QbMSYXVWeBDaaka-G69m54-XQD8jfjufF3a0-wp2ki19R18&amp;__tn__=*NK-R\">#CanvaEducation<\/a> <a href=\"https:\/\/www.facebook.com\/hashtag\/canva?__cft__[0]=AZVRhK0j0gKRnuXND4Ah4zzDLsf6vg-8ldqEzFf1044MdOPQCYVwaANHxj6atmnrx8cF2oxco-_dtlEV0k2sui1YLrpzGElq1GOt_pH-dnONEEwQVeaVqgMy11NL91wYJZe1gmXqK8eQyKbCcXl0QbMSYXVWeBDaaka-G69m54-XQD8jfjufF3a0-wp2ki19R18&amp;__tn__=*NK-R\">#Canva<\/a><\/span><\/em><\/p>\n\n\n\n<div class=\"wp-block-image\"><figure class=\"aligncenter size-large is-resized\"><img loading=\"lazy\" src=\"https:\/\/sp1slupsk.pl\/wp-content\/uploads\/2025\/10\/Z_1_Canva-na-caly-Rok-Szkolny_Zadanie-1-SP1-Slupsk.jpg\" alt=\"\" class=\"wp-image-89722\" width=\"678\" height=\"568\" srcset=\"https:\/\/sp1slupsk.pl\/wp-content\/uploads\/2025\/10\/Z_1_Canva-na-caly-Rok-Szkolny_Zadanie-1-SP1-Slupsk.jpg 940w, https:\/\/sp1slupsk.pl\/wp-content\/uploads\/2025\/10\/Z_1_Canva-na-caly-Rok-Szkolny_Zadanie-1-SP1-Slupsk-300x251.jpg 300w, https:\/\/sp1slupsk.pl\/wp-content\/uploads\/2025\/10\/Z_1_Canva-na-caly-Rok-Szkolny_Zadanie-1-SP1-Slupsk-768x644.jpg 768w\" sizes=\"(max-width: 678px) 100vw, 678px\" \/><\/figure><\/div>\n","protected":false},"excerpt":{"rendered":"<p>Do\u0142\u0105czamy do og\u00f3lnopolskiego programu \u201eCanva na ca\u0142y rok szkolny\u201d! Nasza szko\u0142a w\u0142a\u015bnie rozpocz\u0119\u0142a kreatywn\u0105 przygod\u0119 z Canva Education \u2013 platform\u0105, kt\u00f3ra pozwala uczniom i nauczycielom tworzy\u0107 nowoczesne, estetyczne i inspiruj\u0105ce materia\u0142y edukacyjne. Dlaczego warto? Rozwijamy kreatywno\u015b\u0107 Uczymy si\u0119 projektowania graficznego Tworzymy anga\u017cuj\u0105ce tre\u015bci edukacyjne Wspieramy kompetencje cyfrowe To nie tylko narz\u0119dzie \u2013 to przestrze\u0144 do <a href=\"https:\/\/sp1slupsk.pl\/?p=89719\"><b>&#8230;wi\u0119cej<\/b><\/a><\/p>\n","protected":false},"author":1,"featured_media":89722,"comment_status":"closed","ping_status":"closed","sticky":false,"template":"","format":"standard","meta":[],"categories":[23],"tags":[],"_links":{"self":[{"href":"https:\/\/sp1slupsk.pl\/index.php?rest_route=\/wp\/v2\/posts\/89719"}],"collection":[{"href":"https:\/\/sp1slupsk.pl\/index.php?rest_route=\/wp\/v2\/posts"}],"about":[{"href":"https:\/\/sp1slupsk.pl\/index.php?rest_route=\/wp\/v2\/types\/post"}],"author":[{"embeddable":true,"href":"https:\/\/sp1slupsk.pl\/index.php?rest_route=\/wp\/v2\/users\/1"}],"replies":[{"embeddable":true,"href":"https:\/\/sp1slupsk.pl\/index.php?rest_route=%2Fwp%2Fv2%2Fcomments&post=89719"}],"version-history":[{"count":5,"href":"https:\/\/sp1slupsk.pl\/index.php?rest_route=\/wp\/v2\/posts\/89719\/revisions"}],"predecessor-version":[{"id":89726,"href":"https:\/\/sp1slupsk.pl\/index.php?rest_route=\/wp\/v2\/posts\/89719\/revisions\/89726"}],"wp:featuredmedia":[{"embeddable":true,"href":"https:\/\/sp1slupsk.pl\/index.php?rest_route=\/wp\/v2\/media\/89722"}],"wp:attachment":[{"href":"https:\/\/sp1slupsk.pl\/index.php?rest_route=%2Fwp%2Fv2%2Fmedia&parent=89719"}],"wp:term":[{"taxonomy":"category","embeddable":true,"href":"https:\/\/sp1slupsk.pl\/index.php?rest_route=%2Fwp%2Fv2%2Fcategories&post=89719"},{"taxonomy":"post_tag","embeddable":true,"href":"https:\/\/sp1slupsk.pl\/index.php?rest_route=%2Fwp%2Fv2%2Ftags&post=89719"}],"curies":[{"name":"wp","href":"https:\/\/api.w.org\/{rel}","templated":true}]}}